{"id":21619,"date":"2024-06-14T15:26:20","date_gmt":"2024-06-14T18:26:20","guid":{"rendered":"https:\/\/elbibliote.com\/resources\/articulosdestacados\/?p=21619"},"modified":"2024-06-14T15:26:20","modified_gmt":"2024-06-14T18:26:20","slug":"el-fraile-poeta","status":"publish","type":"post","link":"https:\/\/elbibliote.com\/resources\/articulosdestacados\/?p=21619","title":{"rendered":"El fraile poeta"},"content":{"rendered":"<p style=\"text-align: justify;\"><em><span style=\"color: #808080;\">Cayetano Jos\u00e9 Rodr\u00edguez fue un destacado fraile, poeta y pol\u00edtico argentino que particip\u00f3 activamente en el proceso de la independencia de su pa\u00eds. Su obra literaria y period\u00edstica refleja su compromiso con la causa patri\u00f3tica, as\u00ed como su erudici\u00f3n y su sensibilidad.<\/span><\/em><\/p>\n<figure id=\"attachment_21621\" aria-describedby=\"caption-attachment-21621\" style=\"width: 1080px\" class=\"wp-caption aligncenter\"><img loading=\"lazy\" decoding=\"async\" class=\"wp-image-21621 size-full\" src=\"https:\/\/elbibliote.com\/resources\/articulosdestacados\/wp-content\/uploads\/2024\/03\/Asamblea_del_a\u00f1o_XIII.jpg\" alt=\"\" width=\"1080\" height=\"661\" srcset=\"https:\/\/elbibliote.com\/resources\/articulosdestacados\/wp-content\/uploads\/2024\/03\/Asamblea_del_a\u00f1o_XIII.jpg 1080w, https:\/\/elbibliote.com\/resources\/articulosdestacados\/wp-content\/uploads\/2024\/03\/Asamblea_del_a\u00f1o_XIII-300x184.jpg 300w, https:\/\/elbibliote.com\/resources\/articulosdestacados\/wp-content\/uploads\/2024\/03\/Asamblea_del_a\u00f1o_XIII-768x470.jpg 768w, https:\/\/elbibliote.com\/resources\/articulosdestacados\/wp-content\/uploads\/2024\/03\/Asamblea_del_a\u00f1o_XIII-1024x627.jpg 1024w\" sizes=\"(max-width: 1080px) 100vw, 1080px\" \/><figcaption id=\"caption-attachment-21621\" class=\"wp-caption-text\">Asamblea General Constituyente del a\u00f1o XIII.<\/figcaption><\/figure>\n<h2 style=\"text-align: justify;\">APORTES POL\u00cdTICOS Y CULTURALES<\/h2>\n<p style=\"text-align: justify;\">Su obra po\u00e9tica abarc\u00f3 temas patri\u00f3ticos, religiosos y sentimentales, que incluyen la composici\u00f3n del primer Himno Nacional de 1812, as\u00ed como numerosos poemas dedicados a figuras y eventos de la historia argentina. Adem\u00e1s, se desempe\u00f1\u00f3 como periodista en el peri\u00f3dico <em>El oficial del d\u00eda<\/em>, que fund\u00f3 en 1822, en el que defendi\u00f3 los derechos de la Iglesia cat\u00f3lica frente a las reformas eclesi\u00e1sticas y critic\u00f3 la pol\u00edtica exterior del gobierno de Rivadavia, al tiempo que respaldaba la causa federal.<\/p>\n<p style=\"text-align: justify;\">En el \u00e1mbito pol\u00edtico, fue diputado de la Asamblea General Constituyente de 1813 y del Congreso de Tucum\u00e1n de 1816, particip\u00f3 como firmante en la Declaraci\u00f3n de la Independencia de Argentina y redact\u00f3 el diario de sesiones de ambos cuerpos legislativos.<\/p>\n<p style=\"text-align: justify;\">Asimismo, su labor en la gesti\u00f3n cultual se evidenci\u00f3 en su direcci\u00f3n de la Biblioteca P\u00fablica de Buenos Aires entre 1810 y 1814, per\u00edodo en el que promovi\u00f3 la adquisici\u00f3n de libros, la organizaci\u00f3n de cat\u00e1logos y la difusi\u00f3n de la lectura. Tambi\u00e9n ejerci\u00f3 como profesor en el Convento Franciscano y en la Universidad de C\u00f3rdoba.<\/p>\n<figure id=\"attachment_21620\" aria-describedby=\"caption-attachment-21620\" style=\"width: 1080px\" class=\"wp-caption aligncenter\"><img loading=\"lazy\" decoding=\"async\" class=\"wp-image-21620 size-full\" src=\"https:\/\/elbibliote.com\/resources\/articulosdestacados\/wp-content\/uploads\/2024\/03\/Argentina._Acta_de_Independencia_Provincias_Unidas_en_Sud-Am\u00e9rica.jpg\" alt=\"\" width=\"1080\" height=\"1383\" srcset=\"https:\/\/elbibliote.com\/resources\/articulosdestacados\/wp-content\/uploads\/2024\/03\/Argentina._Acta_de_Independencia_Provincias_Unidas_en_Sud-Am\u00e9rica.jpg 1080w, https:\/\/elbibliote.com\/resources\/articulosdestacados\/wp-content\/uploads\/2024\/03\/Argentina._Acta_de_Independencia_Provincias_Unidas_en_Sud-Am\u00e9rica-234x300.jpg 234w, https:\/\/elbibliote.com\/resources\/articulosdestacados\/wp-content\/uploads\/2024\/03\/Argentina._Acta_de_Independencia_Provincias_Unidas_en_Sud-Am\u00e9rica-768x983.jpg 768w, https:\/\/elbibliote.com\/resources\/articulosdestacados\/wp-content\/uploads\/2024\/03\/Argentina._Acta_de_Independencia_Provincias_Unidas_en_Sud-Am\u00e9rica-800x1024.jpg 800w\" sizes=\"(max-width: 1080px) 100vw, 1080px\" \/><figcaption id=\"caption-attachment-21620\" class=\"wp-caption-text\">Acta de Independencia de Argentina.<\/figcaption><\/figure>\n<p style=\"text-align: justify;\"><div class=\"su-box su-box-style-default sabiasque\" id=\"\" style=\"border-color:#a8a8b7;border-radius:0px;\"><div class=\"su-box-title\" style=\"background-color:#DBDBEA;color:#484848;border-top-left-radius:0px;border-top-right-radius:0px\">\u00bfSab\u00edas qu\u00e9?<\/div><div class=\"su-box-content su-u-clearfix su-u-trim\" style=\"border-bottom-left-radius:0px;border-bottom-right-radius:0px\">El primer himno nacional de 1812 escrito por Cayetano Jos\u00e9 Rodr\u00edguez fue reemplazado en 1813. Este himno ten\u00eda una letra diferente, que exaltaba la libertad y la igualdad, con una m\u00fasica compuesta por Blas Parera, el mismo autor de la m\u00fasica del himno actual. Sin embargo, este himno no logr\u00f3 el entusiasmo popular esperado y fue criticado por algunos sectores. Debido a eso, la Asamblea del a\u00f1o XIII convoc\u00f3 a un concurso para crear una nueva marcha patri\u00f3tica.<\/div><\/div>\n<h2 style=\"text-align: justify;\">RELACI\u00d3N CON OTROS PERSONAJES HIST\u00d3RICOS<\/h2>\n<p style=\"text-align: justify;\">Algunos personajes hist\u00f3ricos vinculados con Cayetano Jos\u00e9 Rodr\u00edguez son:<\/p>\n<p style=\"text-align: justify;\">\u2022 <strong>Mariano Moreno<\/strong>: Rodr\u00edguez mantuvo una estrecha relaci\u00f3n con Mariano Moreno, qui\u00e9n adem\u00e1s de ser su mentor, le confiri\u00f3 el cargo de director de la Biblioteca P\u00fablica de Buenos Aires.<br \/>\n\u2022 <strong>Manuel Belgrano<\/strong>: compartieron responsabilidades tanto en el Congreso de Tucum\u00e1n como en la Asamblea del a\u00f1o XIII, colaborando en los esfuerzos por la independencia.<br \/>\n\u2022 <strong>Bernardino Rivadavia<\/strong>: Rodr\u00edguez sostuvo diferencias ideol\u00f3gicas con Rivadavia, ya que este representaba al partido unitario y promov\u00eda el liberalismo. Adem\u00e1s, Bernardino fue ministro de las Provincias Unidas del R\u00edo de la Plata e implement\u00f3 reformas eclesi\u00e1sticas que Rodr\u00edguez critic\u00f3 abiertamente desde su peri\u00f3dico <em>El oficial del d\u00eda<\/em>.<br \/>\n\u2022 <strong>Juan Manuel de Rosas<\/strong>: fue un aliado con quien compart\u00eda afinidades pol\u00edticas y religiosas, ambos fueron miembros del partido federal y defensores de la causa cat\u00f3lica.<\/p>\n","protected":false},"excerpt":{"rendered":"<p>Cayetano Jos\u00e9 Rodr\u00edguez fue un destacado fraile, poeta y pol\u00edtico argentino que particip\u00f3 activamente en el proceso de la independencia de su pa\u00eds. Su obra literaria y period\u00edstica refleja su compromiso con la causa patri\u00f3tica, as\u00ed como su erudici\u00f3n y su sensibilidad.<\/p>\n","protected":false},"author":36,"featured_media":0,"comment_status":"closed","ping_status":"closed","sticky":false,"template":"","format":"standard","meta":{"footnotes":""},"categories":[6,9,15],"tags":[2864,13127,13122,13121,13124,13126,13120,13123,12942,13125,10755],"_links":{"self":[{"href":"https:\/\/elbibliote.com\/resources\/articulosdestacados\/index.php?rest_route=\/wp\/v2\/posts\/21619"}],"collection":[{"href":"https:\/\/elbibliote.com\/resources\/articulosdestacados\/index.php?rest_route=\/wp\/v2\/posts"}],"about":[{"href":"https:\/\/elbibliote.com\/resources\/articulosdestacados\/index.php?rest_route=\/wp\/v2\/types\/post"}],"author":[{"embeddable":true,"href":"https:\/\/elbibliote.com\/resources\/articulosdestacados\/index.php?rest_route=\/wp\/v2\/users\/36"}],"replies":[{"embeddable":true,"href":"https:\/\/elbibliote.com\/resources\/articulosdestacados\/index.php?rest_route=%2Fwp%2Fv2%2Fcomments&post=21619"}],"version-history":[{"count":6,"href":"https:\/\/elbibliote.com\/resources\/articulosdestacados\/index.php?rest_route=\/wp\/v2\/posts\/21619\/revisions"}],"predecessor-version":[{"id":21721,"href":"https:\/\/elbibliote.com\/resources\/articulosdestacados\/index.php?rest_route=\/wp\/v2\/posts\/21619\/revisions\/21721"}],"wp:attachment":[{"href":"https:\/\/elbibliote.com\/resources\/articulosdestacados\/index.php?rest_route=%2Fwp%2Fv2%2Fmedia&parent=21619"}],"wp:term":[{"taxonomy":"category","embeddable":true,"href":"https:\/\/elbibliote.com\/resources\/articulosdestacados\/index.php?rest_route=%2Fwp%2Fv2%2Fcategories&post=21619"},{"taxonomy":"post_tag","embeddable":true,"href":"https:\/\/elbibliote.com\/resources\/articulosdestacados\/index.php?rest_route=%2Fwp%2Fv2%2Ftags&post=21619"}],"curies":[{"name":"wp","href":"https:\/\/api.w.org\/{rel}","templated":true}]}}