{"id":21627,"date":"2024-09-06T15:41:28","date_gmt":"2024-09-06T18:41:28","guid":{"rendered":"https:\/\/elbibliote.com\/resources\/articulosdestacados\/?p=21627"},"modified":"2024-09-06T15:41:28","modified_gmt":"2024-09-06T18:41:28","slug":"cacique-inacayal","status":"publish","type":"post","link":"https:\/\/elbibliote.com\/resources\/articulosdestacados\/?p=21627","title":{"rendered":"Cacique Inacayal"},"content":{"rendered":"<p style=\"text-align: justify;\"><span style=\"color: #808080;\"><em>Modesto Inacayal fue un cacique tehuelche que vivi\u00f3 en el siglo XIX y protagoniz\u00f3 una de las \u00faltimas resistencias ind\u00edgenas frente a la Conquista del Desierto. Su vida, marcada por la lucha, la dignidad y la tragedia, refleja la historia de los pueblos originarios de la Patagonia argentina.<\/em><\/span><\/p>\n<figure id=\"attachment_21561\" aria-describedby=\"caption-attachment-21561\" style=\"width: 1080px\" class=\"wp-caption aligncenter\"><img loading=\"lazy\" decoding=\"async\" class=\"wp-image-21561 size-full\" src=\"https:\/\/elbibliote.com\/resources\/articulosdestacados\/wp-content\/uploads\/2024\/02\/Inacayal.jpg\" alt=\"\" width=\"1080\" height=\"1031\" srcset=\"https:\/\/elbibliote.com\/resources\/articulosdestacados\/wp-content\/uploads\/2024\/02\/Inacayal.jpg 1080w, https:\/\/elbibliote.com\/resources\/articulosdestacados\/wp-content\/uploads\/2024\/02\/Inacayal-300x286.jpg 300w, https:\/\/elbibliote.com\/resources\/articulosdestacados\/wp-content\/uploads\/2024\/02\/Inacayal-768x733.jpg 768w, https:\/\/elbibliote.com\/resources\/articulosdestacados\/wp-content\/uploads\/2024\/02\/Inacayal-1024x978.jpg 1024w\" sizes=\"(max-width: 1080px) 100vw, 1080px\" \/><figcaption id=\"caption-attachment-21561\" class=\"wp-caption-text\">Cacique Inacayal.<\/figcaption><\/figure>\n<h2 style=\"text-align: justify;\">1863<\/h2>\n<p style=\"text-align: justify;\">Actu\u00f3 en representaci\u00f3n de su padre y firm\u00f3 el Tratado de Paz de Sayhueque con el gobierno argentino. Tambi\u00e9n hosped\u00f3 a exploradores como Guillermo Cox, George Musters y Francisco P. Moreno en su campamento.<\/p>\n<h2 style=\"text-align: justify;\">1879<\/h2>\n<p style=\"text-align: justify;\">Se sum\u00f3 a la resistencia de los pueblos originarios frente a la campa\u00f1a conocida como la Conquista del Desierto, encabezada por el general Julio Argentino Roca. En compa\u00f1\u00eda de otros caciques como Sayhueque y Foyel, Inacayal se repleg\u00f3 hacia el sur, desafiando la persecuci\u00f3n militar argentina durante tres a\u00f1os.<\/p>\n<h2 style=\"text-align: justify;\">1884<\/h2>\n<p style=\"text-align: justify;\">Se rindi\u00f3 junto con los \u00faltimos caciques, lanceros y seguidores en el fuerte de Jun\u00edn de los Andes. Fue capturado y trasladado en varias ocasiones. Despu\u00e9s, fue liberado gracias a la mediaci\u00f3n del explorador Francisco P. Moreno, quien se sent\u00eda en deuda con el cacique por la hospitalidad que le brind\u00f3 durante sus viajes de exploraci\u00f3n por la regi\u00f3n.<\/p>\n<h2 style=\"text-align: justify;\">1885<\/h2>\n<p style=\"text-align: justify;\">Fue llevado al Museo de Ciencias Naturales de La Plata, dirigido por el c\u00e9lebre Moreno. All\u00ed fue expuesto vivo como una rareza antropol\u00f3gica junto con otros ind\u00edgenas.<\/p>\n<p style=\"text-align: justify;\"><div class=\"su-box su-box-style-default sabiasque\" id=\"\" style=\"border-color:#a8a8b7;border-radius:0px;\"><div class=\"su-box-title\" style=\"background-color:#DBDBEA;color:#484848;border-top-left-radius:0px;border-top-right-radius:0px\">\u00bfSab\u00edas qu\u00e9?<\/div><div class=\"su-box-content su-u-clearfix su-u-trim\" style=\"border-bottom-left-radius:0px;border-bottom-right-radius:0px\">Modesto Inacayal antes de morir, tuvo un gesto simb\u00f3lico de despedida de su tierra y su pueblo. Seg\u00fan el relato de Clemente Onelli, Inacayal se desnud\u00f3 el torso, salud\u00f3 al sol poniente, extendi\u00f3 el brazo hacia el sur, pronunci\u00f3 unas palabras en su lengua y se desvaneci\u00f3. Esa misma noche del 26 se septiembre de 1888, falleci\u00f3 en el Museo de Ciencias Naturales de la Plata.<\/div><\/div>\n","protected":false},"excerpt":{"rendered":"<p>Modesto Inacayal fue un cacique tehuelche que vivi\u00f3 en el siglo XIX y protagoniz\u00f3 una de las \u00faltimas resistencias ind\u00edgenas frente a la Conquista del Desierto. Su vida, marcada por la lucha, la dignidad y la tragedia, refleja la historia de los pueblos originarios de la Patagonia argentina.<\/p>\n","protected":false},"author":36,"featured_media":0,"comment_status":"closed","ping_status":"closed","sticky":false,"template":"","format":"standard","meta":{"footnotes":""},"categories":[6,9,15],"tags":[13112,13128,13130,13105,13129,13132,13110,13131],"_links":{"self":[{"href":"https:\/\/elbibliote.com\/resources\/articulosdestacados\/index.php?rest_route=\/wp\/v2\/posts\/21627"}],"collection":[{"href":"https:\/\/elbibliote.com\/resources\/articulosdestacados\/index.php?rest_route=\/wp\/v2\/posts"}],"about":[{"href":"https:\/\/elbibliote.com\/resources\/articulosdestacados\/index.php?rest_route=\/wp\/v2\/types\/post"}],"author":[{"embeddable":true,"href":"https:\/\/elbibliote.com\/resources\/articulosdestacados\/index.php?rest_route=\/wp\/v2\/users\/36"}],"replies":[{"embeddable":true,"href":"https:\/\/elbibliote.com\/resources\/articulosdestacados\/index.php?rest_route=%2Fwp%2Fv2%2Fcomments&post=21627"}],"version-history":[{"count":3,"href":"https:\/\/elbibliote.com\/resources\/articulosdestacados\/index.php?rest_route=\/wp\/v2\/posts\/21627\/revisions"}],"predecessor-version":[{"id":21936,"href":"https:\/\/elbibliote.com\/resources\/articulosdestacados\/index.php?rest_route=\/wp\/v2\/posts\/21627\/revisions\/21936"}],"wp:attachment":[{"href":"https:\/\/elbibliote.com\/resources\/articulosdestacados\/index.php?rest_route=%2Fwp%2Fv2%2Fmedia&parent=21627"}],"wp:term":[{"taxonomy":"category","embeddable":true,"href":"https:\/\/elbibliote.com\/resources\/articulosdestacados\/index.php?rest_route=%2Fwp%2Fv2%2Fcategories&post=21627"},{"taxonomy":"post_tag","embeddable":true,"href":"https:\/\/elbibliote.com\/resources\/articulosdestacados\/index.php?rest_route=%2Fwp%2Fv2%2Ftags&post=21627"}],"curies":[{"name":"wp","href":"https:\/\/api.w.org\/{rel}","templated":true}]}}