{"id":21630,"date":"2024-06-26T09:46:20","date_gmt":"2024-06-26T12:46:20","guid":{"rendered":"https:\/\/elbibliote.com\/resources\/articulosdestacados\/?p=21630"},"modified":"2024-06-26T09:46:20","modified_gmt":"2024-06-26T12:46:20","slug":"la-batalla-de-aroma-y-el-ejercito-de-bolivia","status":"publish","type":"post","link":"https:\/\/elbibliote.com\/resources\/articulosdestacados\/?p=21630","title":{"rendered":"La batalla de Aroma y el Ej\u00e9rcito de Bolivia"},"content":{"rendered":"<p><em><span style=\"color: #808080;\">La batalla de Aroma fue uno de los enfrentamientos armados ocurridos durante los primeros a\u00f1os del proceso de independencia de Bolivia. Adem\u00e1s de significar una importante victoria para los patriotas, esta batalla tambi\u00e9n formaliz\u00f3 al escuadr\u00f3n de soldados que, en el futuro, evolucionar\u00eda hasta convertirse oficialmente en el Ej\u00e9rcito de Bolivia.<\/span><\/em><\/p>\n<h2>PRIMER EJ\u00c9RCITO DE BOLIVIA<\/h2>\n<p>La unidad de soldados formada por Esteban Arze y Francisco del Rivero tras la revoluci\u00f3n de Cochabamba es considerada el primer ej\u00e9rcito creado para defender los intereses independentistas de los territorios del Alto Per\u00fa y que combati\u00f3 por primera vez contra las fuerzas espa\u00f1olas en la conocida batalla de Aroma en 1810, por lo que a su vez se considera el precursor del actual Ej\u00e9rcito de Bolivia.<\/p>\n<p>Sin embargo, el Alto Per\u00fa estaba formado por ciudades con cierto grado de autonom\u00eda bajo la jurisdicci\u00f3n de la entonces Real Audiencia de Charcas, a su vez sometida al dominio espa\u00f1ol. Esto cambi\u00f3 cuando dichas regiones del Alto Per\u00fa lograron su independencia y se unieron para formar una sola naci\u00f3n que bautizaron como Rep\u00fablica de Bolivia el 3 de octubre de 1826. As\u00ed, la fuerza militar formada durante los eventos de la batalla de Aroma se convirti\u00f3 oficialmente en el Ej\u00e9rcito del Estado.<\/p>\n<h2>PRINCIPALES ACCIONES<\/h2>\n<p>Tras su independencia, el Ej\u00e9rcito de Bolivia se ha encargado de defender al pa\u00eds ante fuerzas externas e internas hostiles y entregarse al servicio de su constituci\u00f3n. Entre sus primeras acciones destacan el impedimento de una posible invasi\u00f3n del Imperio de Brasil en 1825 y su participaci\u00f3n contra el Ej\u00e9rcito peruano que intervino el pa\u00eds en 1828 y que result\u00f3 en la expulsi\u00f3n de Antonio Jos\u00e9 de Sucre del poder.<\/p>\n<p>Actualmente existe poca informaci\u00f3n oficial sobre los detalles exactos de la instituci\u00f3n, pero se estima que dispone de entre 26.000 a 60.000 unidades de infanter\u00eda y decenas de unidades de artiller\u00eda y transporte.<\/p>\n<div class=\"su-box su-box-style-default sabiasque\" id=\"\" style=\"border-color:#a8a8b7;border-radius:0px;\"><div class=\"su-box-title\" style=\"background-color:#DBDBEA;color:#484848;border-top-left-radius:0px;border-top-right-radius:0px\">\u00bfSab\u00edas qu\u00e9?<\/div><div class=\"su-box-content su-u-clearfix su-u-trim\" style=\"border-bottom-left-radius:0px;border-bottom-right-radius:0px\">El Ej\u00e9rcito de Bolivia corresponde a las fuerzas militares terrestres del pa\u00eds y fueron las primeras en ser formadas, ya que nacieron a partir de las tropas terrestres que combatieron en la batalla de Aroma. Junto a la Armada de Bolivia, formada por sus fuerzas navales, y la Fuerza A\u00e9rea de Bolivia, estas tres instituciones militares conforman en su totalidad las Fuerzas Armadas de Bolivia.<\/div><\/div>\n<figure id=\"attachment_21636\" aria-describedby=\"caption-attachment-21636\" style=\"width: 1080px\" class=\"wp-caption aligncenter\"><img loading=\"lazy\" decoding=\"async\" class=\"size-full wp-image-21636\" src=\"https:\/\/elbibliote.com\/resources\/articulosdestacados\/wp-content\/uploads\/2024\/04\/0033FSDF.jpg\" alt=\"\" width=\"1080\" height=\"720\" srcset=\"https:\/\/elbibliote.com\/resources\/articulosdestacados\/wp-content\/uploads\/2024\/04\/0033FSDF.jpg 1080w, https:\/\/elbibliote.com\/resources\/articulosdestacados\/wp-content\/uploads\/2024\/04\/0033FSDF-300x200.jpg 300w, https:\/\/elbibliote.com\/resources\/articulosdestacados\/wp-content\/uploads\/2024\/04\/0033FSDF-768x512.jpg 768w, https:\/\/elbibliote.com\/resources\/articulosdestacados\/wp-content\/uploads\/2024\/04\/0033FSDF-1024x683.jpg 1024w\" sizes=\"(max-width: 1080px) 100vw, 1080px\" \/><figcaption id=\"caption-attachment-21636\" class=\"wp-caption-text\">Unidad de artiller\u00eda del Ej\u00e9rcito de Bolivia.<\/figcaption><\/figure>\n","protected":false},"excerpt":{"rendered":"<p>La batalla de Aroma fue uno de los enfrentamientos armados ocurridos durante los primeros a\u00f1os del proceso de independencia de Bolivia. Adem\u00e1s de significar una importante victoria para los patriotas, esta batalla tambi\u00e9n formaliz\u00f3 al escuadr\u00f3n de soldados que, en el futuro, evolucionar\u00eda hasta convertirse oficialmente en el Ej\u00e9rcito de Bolivia.<\/p>\n","protected":false},"author":18,"featured_media":0,"comment_status":"closed","ping_status":"closed","sticky":false,"template":"","format":"standard","meta":{"footnotes":""},"categories":[9,15],"tags":[12427,12428,12426,4309,3955,3561,9445,4317,12425,8568,3231,4311,12423,4838],"_links":{"self":[{"href":"https:\/\/elbibliote.com\/resources\/articulosdestacados\/index.php?rest_route=\/wp\/v2\/posts\/21630"}],"collection":[{"href":"https:\/\/elbibliote.com\/resources\/articulosdestacados\/index.php?rest_route=\/wp\/v2\/posts"}],"about":[{"href":"https:\/\/elbibliote.com\/resources\/articulosdestacados\/index.php?rest_route=\/wp\/v2\/types\/post"}],"author":[{"embeddable":true,"href":"https:\/\/elbibliote.com\/resources\/articulosdestacados\/index.php?rest_route=\/wp\/v2\/users\/18"}],"replies":[{"embeddable":true,"href":"https:\/\/elbibliote.com\/resources\/articulosdestacados\/index.php?rest_route=%2Fwp%2Fv2%2Fcomments&post=21630"}],"version-history":[{"count":4,"href":"https:\/\/elbibliote.com\/resources\/articulosdestacados\/index.php?rest_route=\/wp\/v2\/posts\/21630\/revisions"}],"predecessor-version":[{"id":21734,"href":"https:\/\/elbibliote.com\/resources\/articulosdestacados\/index.php?rest_route=\/wp\/v2\/posts\/21630\/revisions\/21734"}],"wp:attachment":[{"href":"https:\/\/elbibliote.com\/resources\/articulosdestacados\/index.php?rest_route=%2Fwp%2Fv2%2Fmedia&parent=21630"}],"wp:term":[{"taxonomy":"category","embeddable":true,"href":"https:\/\/elbibliote.com\/resources\/articulosdestacados\/index.php?rest_route=%2Fwp%2Fv2%2Fcategories&post=21630"},{"taxonomy":"post_tag","embeddable":true,"href":"https:\/\/elbibliote.com\/resources\/articulosdestacados\/index.php?rest_route=%2Fwp%2Fv2%2Ftags&post=21630"}],"curies":[{"name":"wp","href":"https:\/\/api.w.org\/{rel}","templated":true}]}}