{"id":21690,"date":"2024-08-09T12:37:24","date_gmt":"2024-08-09T15:37:24","guid":{"rendered":"https:\/\/elbibliote.com\/resources\/articulosdestacados\/?p=21690"},"modified":"2024-08-09T12:37:24","modified_gmt":"2024-08-09T15:37:24","slug":"francisco-zelada","status":"publish","type":"post","link":"https:\/\/elbibliote.com\/resources\/articulosdestacados\/?p=21690","title":{"rendered":"Francisco Zelada"},"content":{"rendered":"<p style=\"text-align: justify;\"><span style=\"color: #808080;\"><em>Fue un militar argentino del siglo XIX que desempe\u00f1\u00f3 un papel crucial en la independencia de Chile y Argentina. Su liderazgo en el Cruce de los Andes, la participaci\u00f3n en las guerras civiles Argentinas y su compromiso con la justicia social lo convierten en una figura destacada en la historia de la regi\u00f3n.<\/em><\/span><\/p>\n<figure id=\"attachment_21659\" aria-describedby=\"caption-attachment-21659\" style=\"width: 1080px\" class=\"wp-caption aligncenter\"><img loading=\"lazy\" decoding=\"async\" class=\"wp-image-21659 size-full\" src=\"https:\/\/elbibliote.com\/resources\/articulosdestacados\/wp-content\/uploads\/2024\/05\/Cruce_de_los_Andes_por_Ballerini.jpg\" alt=\"\" width=\"1080\" height=\"773\" srcset=\"https:\/\/elbibliote.com\/resources\/articulosdestacados\/wp-content\/uploads\/2024\/05\/Cruce_de_los_Andes_por_Ballerini.jpg 1080w, https:\/\/elbibliote.com\/resources\/articulosdestacados\/wp-content\/uploads\/2024\/05\/Cruce_de_los_Andes_por_Ballerini-300x215.jpg 300w, https:\/\/elbibliote.com\/resources\/articulosdestacados\/wp-content\/uploads\/2024\/05\/Cruce_de_los_Andes_por_Ballerini-768x550.jpg 768w, https:\/\/elbibliote.com\/resources\/articulosdestacados\/wp-content\/uploads\/2024\/05\/Cruce_de_los_Andes_por_Ballerini-1024x733.jpg 1024w\" sizes=\"(max-width: 1080px) 100vw, 1080px\" \/><figcaption id=\"caption-attachment-21659\" class=\"wp-caption-text\">El Cruce de los Andes.<\/figcaption><\/figure>\n<h2 style=\"text-align: justify;\">1811<\/h2>\n<p style=\"text-align: justify;\">Se uni\u00f3 al ej\u00e9rcito real y luch\u00f3 contra las invasiones inglesas.<\/p>\n<h2 style=\"text-align: justify;\">1812<\/h2>\n<p style=\"text-align: justify;\">Fue capit\u00e1n del Regimiento de Pardos y Morenos en la batalla de Cerrito.<\/p>\n<h2 style=\"text-align: justify;\">1814<\/h2>\n<p style=\"text-align: justify;\">Particip\u00f3 en la tercera expedici\u00f3n auxiliadora al Alto Per\u00fa junto al Ej\u00e9rcito del Norte.<\/p>\n<h2 style=\"text-align: justify;\">1815<\/h2>\n<p style=\"text-align: justify;\">Tom\u00f3 parte en la batalla de Sipe Sipe como jefe del Regimiento n\u00famero 6.<\/p>\n<h2 style=\"text-align: justify;\">1816<\/h2>\n<p style=\"text-align: justify;\">Lider\u00f3 una columna bajo las \u00f3rdenes de Manuel Belgrano para realizar el Cruce de los Andes desde la Rioja hacia Chile.<\/p>\n<h2 style=\"text-align: justify;\">1817<\/h2>\n<p style=\"text-align: justify;\">Avanz\u00f3 hacia Chile, tomando el control de Copiap\u00f3 sin oposici\u00f3n y venciendo a las fuerzas realistas en el Combate de Huasco.<\/p>\n<p style=\"text-align: justify;\"><div class=\"su-note destacado\"  style=\"border-color:#c1c1d0;\"><div class=\"su-note-inner su-u-clearfix su-u-trim\" style=\"background-color:#DBDBEA;border-color:#ffffff;color:#333333;\">El objetivo de la Expedici\u00f3n Zelada-D\u00e1vila era tomar el control de puntos estrat\u00e9gicos en Chile. Entre estos objetivos se encontraban Copiap\u00f3, reconocida por su importante actividad minera y su puerto, cuya posesi\u00f3n permitir\u00eda asegurar recursos y una posici\u00f3n clave. Tambi\u00e9n ten\u00edan en la mira Huasco en la regi\u00f3n de Atacama, donde se hallaban las fuerzas realistas, cuya captura era fundamental para garantizar el \u00e9xito de la expedici\u00f3n.<\/div><\/div>\n<h2 style=\"text-align: justify;\">LIDERAZGO EN EL CRUCE DE LOS ANDES<\/h2>\n<p style=\"text-align: justify;\">Su liderazgo en el Cruce de los Andes fue fundamental para liberar la ciudad de Copiap\u00f3. Algunos momentos claves de su destacada participaci\u00f3n fueron:<\/p>\n<p style=\"text-align: justify;\">\u2022 <strong>Preparativos y marcha hacia Chile<\/strong>: fue ascendido a coronel y encabez\u00f3 una columna desde La Rioja hacia Chile. Acompa\u00f1ado por casi una centena de auxiliares, lograron cruzar la Cordillera de los Andes en enero de 1817.<br \/>\n\u2022 <strong>Ocupaci\u00f3n de Copiap\u00f3<\/strong>: la divisi\u00f3n de Zelada se dirigi\u00f3 directamente a Copiap\u00f3 el 13 de febrero y la ocup\u00f3 sin resistencia. Estableci\u00f3 el gobierno de la provincia con algunos patriotas que a\u00fan se encontraban despu\u00e9s de la reconquista realista de Chile.<br \/>\n\u2022 <strong>Combate de Huasco<\/strong>: persigui\u00f3 a las fuerzas realistas que hab\u00edan escapado de Copiap\u00f3 hacia el sur y las derrot\u00f3 en el Combate de Huasco el 16 de febrero.<br \/>\n\u2022 <strong>Participaci\u00f3n en la batalla de Maip\u00fa<\/strong>: se incorpor\u00f3 al Ej\u00e9rcito de los Andes. All\u00ed particip\u00f3 en la batalla de Maip\u00fa, un enfrentamiento decisivo en la guerra de la independencia de Chile.<\/p>\n","protected":false},"excerpt":{"rendered":"<p>Fue un militar argentino del siglo XIX, que desempe\u00f1\u00f3 un papel crucial en la independencia de Chile y Argentina. Su liderazgo en el Cruce de los Andes, la participaci\u00f3n en las guerras civiles Argentinas y su compromiso con la justicia social lo convierten en una figura destacada en la historia de la regi\u00f3n.<\/p>\n","protected":false},"author":36,"featured_media":0,"comment_status":"closed","ping_status":"closed","sticky":false,"template":"","format":"standard","meta":{"footnotes":""},"categories":[6,9,15],"tags":[12685,13176,13175,427,13177,13174,13178,12942,12683,13168],"_links":{"self":[{"href":"https:\/\/elbibliote.com\/resources\/articulosdestacados\/index.php?rest_route=\/wp\/v2\/posts\/21690"}],"collection":[{"href":"https:\/\/elbibliote.com\/resources\/articulosdestacados\/index.php?rest_route=\/wp\/v2\/posts"}],"about":[{"href":"https:\/\/elbibliote.com\/resources\/articulosdestacados\/index.php?rest_route=\/wp\/v2\/types\/post"}],"author":[{"embeddable":true,"href":"https:\/\/elbibliote.com\/resources\/articulosdestacados\/index.php?rest_route=\/wp\/v2\/users\/36"}],"replies":[{"embeddable":true,"href":"https:\/\/elbibliote.com\/resources\/articulosdestacados\/index.php?rest_route=%2Fwp%2Fv2%2Fcomments&post=21690"}],"version-history":[{"count":4,"href":"https:\/\/elbibliote.com\/resources\/articulosdestacados\/index.php?rest_route=\/wp\/v2\/posts\/21690\/revisions"}],"predecessor-version":[{"id":21826,"href":"https:\/\/elbibliote.com\/resources\/articulosdestacados\/index.php?rest_route=\/wp\/v2\/posts\/21690\/revisions\/21826"}],"wp:attachment":[{"href":"https:\/\/elbibliote.com\/resources\/articulosdestacados\/index.php?rest_route=%2Fwp%2Fv2%2Fmedia&parent=21690"}],"wp:term":[{"taxonomy":"category","embeddable":true,"href":"https:\/\/elbibliote.com\/resources\/articulosdestacados\/index.php?rest_route=%2Fwp%2Fv2%2Fcategories&post=21690"},{"taxonomy":"post_tag","embeddable":true,"href":"https:\/\/elbibliote.com\/resources\/articulosdestacados\/index.php?rest_route=%2Fwp%2Fv2%2Ftags&post=21690"}],"curies":[{"name":"wp","href":"https:\/\/api.w.org\/{rel}","templated":true}]}}