{"id":2192,"date":"2018-03-26T15:50:40","date_gmt":"2018-03-26T18:50:40","guid":{"rendered":"http:\/\/elbibliote.com\/resources\/articulosdestacados\/?p=2192"},"modified":"2018-03-26T15:50:40","modified_gmt":"2018-03-26T18:50:40","slug":"vacuna-fiebre-amarilla","status":"publish","type":"post","link":"https:\/\/elbibliote.com\/resources\/articulosdestacados\/?p=2192","title":{"rendered":"Vacuna Fiebre Amarilla"},"content":{"rendered":"<p><span style=\"color: #808080;\"><em>La fiebre amarilla es una enfermedad causada por un virus que se transmite a trav\u00e9s de la picadura del mosquito Aedes aegypti en regiones tropicales.<\/em><\/span><\/p>\n<p>Es obligatorio aplicar la vacuna antiamar\u00edlica a los 18 meses de vida, con un refuerzo a las 11 a\u00f1os, para quienes habiten en \u00e1reas de alto riesgo. Tambi\u00e9n se debe aplicar la vacuna de la fiebre amarilla a los viajeros que ingresan o salen de zonas end\u00e9micas o epid\u00e9micas. La vacunaci\u00f3n que deben aplicarse aquellas personas que viajen a \u00e1reas de riesgo debe realizarse con dos semanas de anticipaci\u00f3n a fin de asegurar la protecci\u00f3n contra esta enfermedad.<\/p>\n<p><img loading=\"lazy\" decoding=\"async\" class=\"size-full wp-image-2193 aligncenter\" src=\"https:\/\/elbibliote.com\/resources\/articulosdestacados\/wp-content\/uploads\/2018\/03\/iStock-673664526.jpg\" alt=\"\" width=\"550\" height=\"367\" srcset=\"https:\/\/elbibliote.com\/resources\/articulosdestacados\/wp-content\/uploads\/2018\/03\/iStock-673664526.jpg 550w, https:\/\/elbibliote.com\/resources\/articulosdestacados\/wp-content\/uploads\/2018\/03\/iStock-673664526-300x200.jpg 300w\" sizes=\"(max-width: 550px) 100vw, 550px\" \/><\/p>\n<p style=\"text-align: left;\">Fuente: Ministerio de Salud \u2013 Presidencia de la Naci\u00f3n (Argentina)<br \/>\nhttp:\/\/www.msal.gob.ar\/index.php\/component\/content\/article\/48\/272-vacuna-fiebre-amarilla#sthash.Cpj1zuqO.dpuf<\/p>\n","protected":false},"excerpt":{"rendered":"<p>La fiebre amarilla es una enfermedad causada por un virus que se transmite a trav\u00e9s de la picadura del mosquito Aedes aegypti en regiones tropicales.<\/p>\n","protected":false},"author":3,"featured_media":0,"comment_status":"closed","ping_status":"closed","sticky":false,"template":"","format":"standard","meta":{"footnotes":""},"categories":[22],"tags":[3100,2233,3099,204,1432,220,986,3092,247,3101,3102],"_links":{"self":[{"href":"https:\/\/elbibliote.com\/resources\/articulosdestacados\/index.php?rest_route=\/wp\/v2\/posts\/2192"}],"collection":[{"href":"https:\/\/elbibliote.com\/resources\/articulosdestacados\/index.php?rest_route=\/wp\/v2\/posts"}],"about":[{"href":"https:\/\/elbibliote.com\/resources\/articulosdestacados\/index.php?rest_route=\/wp\/v2\/types\/post"}],"author":[{"embeddable":true,"href":"https:\/\/elbibliote.com\/resources\/articulosdestacados\/index.php?rest_route=\/wp\/v2\/users\/3"}],"replies":[{"embeddable":true,"href":"https:\/\/elbibliote.com\/resources\/articulosdestacados\/index.php?rest_route=%2Fwp%2Fv2%2Fcomments&post=2192"}],"version-history":[{"count":4,"href":"https:\/\/elbibliote.com\/resources\/articulosdestacados\/index.php?rest_route=\/wp\/v2\/posts\/2192\/revisions"}],"predecessor-version":[{"id":2430,"href":"https:\/\/elbibliote.com\/resources\/articulosdestacados\/index.php?rest_route=\/wp\/v2\/posts\/2192\/revisions\/2430"}],"wp:attachment":[{"href":"https:\/\/elbibliote.com\/resources\/articulosdestacados\/index.php?rest_route=%2Fwp%2Fv2%2Fmedia&parent=2192"}],"wp:term":[{"taxonomy":"category","embeddable":true,"href":"https:\/\/elbibliote.com\/resources\/articulosdestacados\/index.php?rest_route=%2Fwp%2Fv2%2Fcategories&post=2192"},{"taxonomy":"post_tag","embeddable":true,"href":"https:\/\/elbibliote.com\/resources\/articulosdestacados\/index.php?rest_route=%2Fwp%2Fv2%2Ftags&post=2192"}],"curies":[{"name":"wp","href":"https:\/\/api.w.org\/{rel}","templated":true}]}}