{"id":22392,"date":"2025-08-29T10:07:45","date_gmt":"2025-08-29T13:07:45","guid":{"rendered":"https:\/\/elbibliote.com\/resources\/articulosdestacados\/?p=22392"},"modified":"2025-08-29T10:07:45","modified_gmt":"2025-08-29T13:07:45","slug":"guerra-de-kosovo","status":"publish","type":"post","link":"https:\/\/elbibliote.com\/resources\/articulosdestacados\/?p=22392","title":{"rendered":"Guerra de Kosovo"},"content":{"rendered":"<p><em><span style=\"color: #808080;\">Fue un conflicto armado ocurrido en la ya extinta naci\u00f3n de Yugoslavia entre 1998 y 1999, en el marco de las llamadas guerras yugoslavas. El violento enfrentamiento escal\u00f3 hasta involucrar participaci\u00f3n internacional, y marc\u00f3 los primeros compases de la independencia de Kosovo.<\/span><\/em><\/p>\n<h2><strong>Contexto hist\u00f3rico<\/strong><\/h2>\n<p>Yugoslavia, habitada hist\u00f3ricamente por diferentes etnias europeas que conviv\u00edan bajo la misma administraci\u00f3n, experimentaron choques culturales y religiosos que eventualmente llevaron a una serie de conflictos armados conocidos como las guerras yugoslavas (1991-2001). Para 1992, la entonces conocida como Rep\u00fablica Federativa de Yugoslavia se encontraba formada por las rep\u00fablicas federadas de\u00a0Montenegro\u00a0y\u00a0Serbia; esta \u00faltima contaba con la entonces provincia de Kosovo, habitada en su gran mayor\u00eda por albaneses \u00e9tnicos.<\/p>\n<p>Los albaneses kosovares gozaron de una amplia autonom\u00eda dentro de Serbia gracias a la Constituci\u00f3n yugoslava de 1974, lo que les permit\u00eda administrar sus asuntos internos libremente. Sin embargo, en 1989, el presidente de la Rep\u00fablica, el serbio Slobodan Milo\u0161evi\u0107, revoc\u00f3 dicha autonom\u00eda, lo que forz\u00f3 a los albaneses a convivir en protesta pac\u00edfica bajo este estado de sumisi\u00f3n durante casi una d\u00e9cada. Fue entonces cuando surgi\u00f3 el Ej\u00e9rcito de Liberaci\u00f3n de Kosovo (ELK) en 1994, un grupo de guerrilleros albaneses que se negaron a seguir sometidos y decidieron tomar las armas, contexto en el que protagonizaron ataques espor\u00e1dicos contra la polic\u00eda, pol\u00edticos y el Ej\u00e9rcito de Serbia.<\/p>\n<figure id=\"attachment_22393\" aria-describedby=\"caption-attachment-22393\" style=\"width: 800px\" class=\"wp-caption aligncenter\"><img loading=\"lazy\" decoding=\"async\" class=\"size-full wp-image-22393\" src=\"https:\/\/elbibliote.com\/resources\/articulosdestacados\/wp-content\/uploads\/2025\/08\/Emblema_e_UCK-se.svg_.png\" alt=\"\" width=\"800\" height=\"906\" srcset=\"https:\/\/elbibliote.com\/resources\/articulosdestacados\/wp-content\/uploads\/2025\/08\/Emblema_e_UCK-se.svg_.png 800w, https:\/\/elbibliote.com\/resources\/articulosdestacados\/wp-content\/uploads\/2025\/08\/Emblema_e_UCK-se.svg_-265x300.png 265w, https:\/\/elbibliote.com\/resources\/articulosdestacados\/wp-content\/uploads\/2025\/08\/Emblema_e_UCK-se.svg_-768x870.png 768w\" sizes=\"(max-width: 800px) 100vw, 800px\" \/><figcaption id=\"caption-attachment-22393\" class=\"wp-caption-text\">Emblema del ELK.<\/figcaption><\/figure>\n<h2><strong>La guerra de Kosovo<\/strong><\/h2>\n<p>En 1998 la violencia escal\u00f3 exponencialmente hasta convertirse en una guerra abierta entre ambas facciones por el control de la regi\u00f3n, lo que dio inicio a la llamada guerra de Kosovo. La represalia ante los ataques por parte del Ej\u00e9rcito serbio fue implacable, dirigida incluso contra inocentes, lo que evidenci\u00f3 un rechazo serbio de naturaleza racial m\u00e1s all\u00e1 de la mera defensa; aqu\u00ed destaca la conocida masacre de Ra\u010dak, donde unos 45 civiles albaneses fueron deliberadamente aislados y ejecutados. La violenta situaci\u00f3n condujo a diversas potencias mundiales a actuar, quienes, indignados por la represi\u00f3n serbia, propusieron iniciar conversaciones diplom\u00e1ticas en la Conferencia de Rambouillet, Francia, pero estas fallaron y la violencia continu\u00f3.<\/p>\n<h2><strong>Intervenci\u00f3n de la OTAN y fin de la guerra<\/strong><\/h2>\n<p>Ante el fracaso de las negociaciones, la comunidad internacional decidi\u00f3 realizar una intervenci\u00f3n militar contra Serbia. La Organizaci\u00f3n del Tratado del Atl\u00e1ntico Norte (OTAN) despleg\u00f3 una serie de ataques a\u00e9reos durante 11 semanas que se centraron en las infraestructuras hasta alcanzar la capital de Belgrado y, como represalia, el gobierno serbio expuls\u00f3 de sus hogares a cientos de miles de albanokosovares que huyeron hacia las rep\u00fablicas fronterizas. Finalmente, el 9 de junio de 1999, debido a la presi\u00f3n militar, el gobierno de Yugoslavia acept\u00f3 firmar un acuerdo de paz y retirar todas sus tropas de Kosovo, cuya administraci\u00f3n pas\u00f3 temporalmente a formar parte de las fuerzas militares de la ONU.<\/p>\n<div class=\"su-note destacado\"  style=\"border-color:#c1c1d0;\"><div class=\"su-note-inner su-u-clearfix su-u-trim\" style=\"background-color:#DBDBEA;border-color:#ffffff;color:#333333;\"><strong>Kosovo en la actualidad<\/strong><\/p>\n<p>Si bien finaliz\u00f3 la guerra, los conflictos entre ambas facciones no cesaron y se extendieron hasta el siglo XXI. Hoy en d\u00eda, Kosovo es un Estado soberano de reconocimiento limitado tras haber declarado su independencia de Serbia en 2008.<\/div><\/div>\n<figure id=\"attachment_22394\" aria-describedby=\"caption-attachment-22394\" style=\"width: 1268px\" class=\"wp-caption aligncenter\"><img loading=\"lazy\" decoding=\"async\" class=\"size-full wp-image-22394\" src=\"https:\/\/elbibliote.com\/resources\/articulosdestacados\/wp-content\/uploads\/2025\/08\/Defense.gov_News_Photo_990328-F-2171A-023.jpg\" alt=\"\" width=\"1268\" height=\"1012\" srcset=\"https:\/\/elbibliote.com\/resources\/articulosdestacados\/wp-content\/uploads\/2025\/08\/Defense.gov_News_Photo_990328-F-2171A-023.jpg 1268w, https:\/\/elbibliote.com\/resources\/articulosdestacados\/wp-content\/uploads\/2025\/08\/Defense.gov_News_Photo_990328-F-2171A-023-300x239.jpg 300w, https:\/\/elbibliote.com\/resources\/articulosdestacados\/wp-content\/uploads\/2025\/08\/Defense.gov_News_Photo_990328-F-2171A-023-1024x817.jpg 1024w, https:\/\/elbibliote.com\/resources\/articulosdestacados\/wp-content\/uploads\/2025\/08\/Defense.gov_News_Photo_990328-F-2171A-023-768x613.jpg 768w\" sizes=\"(max-width: 1268px) 100vw, 1268px\" \/><figcaption id=\"caption-attachment-22394\" class=\"wp-caption-text\">Aviones de combate F-15E desplegados por la OTAN para apoyar a la poblaci\u00f3n albanesa contra Serbia.<\/figcaption><\/figure>\n","protected":false},"excerpt":{"rendered":"<p>Fue un conflicto armado ocurrido en la ya extinta naci\u00f3n de Yugoslavia entre 1998 y 1999, en el marco de las llamadas guerras yugoslavas. El violento enfrentamiento escal\u00f3 hasta involucrar participaci\u00f3n internacional, y marc\u00f3 los primeros compases de la independencia de Kosovo.<\/p>\n","protected":false},"author":18,"featured_media":0,"comment_status":"closed","ping_status":"closed","sticky":false,"template":"","format":"standard","meta":{"footnotes":""},"categories":[9,14,15],"tags":[13451,13450,3561,9445,13455,13457,4810,4310,3231,12190,13449,4320,13456,13459,13461,4937,13460,13462,13452,13453,13458,4838,13454],"_links":{"self":[{"href":"https:\/\/elbibliote.com\/resources\/articulosdestacados\/index.php?rest_route=\/wp\/v2\/posts\/22392"}],"collection":[{"href":"https:\/\/elbibliote.com\/resources\/articulosdestacados\/index.php?rest_route=\/wp\/v2\/posts"}],"about":[{"href":"https:\/\/elbibliote.com\/resources\/articulosdestacados\/index.php?rest_route=\/wp\/v2\/types\/post"}],"author":[{"embeddable":true,"href":"https:\/\/elbibliote.com\/resources\/articulosdestacados\/index.php?rest_route=\/wp\/v2\/users\/18"}],"replies":[{"embeddable":true,"href":"https:\/\/elbibliote.com\/resources\/articulosdestacados\/index.php?rest_route=%2Fwp%2Fv2%2Fcomments&post=22392"}],"version-history":[{"count":3,"href":"https:\/\/elbibliote.com\/resources\/articulosdestacados\/index.php?rest_route=\/wp\/v2\/posts\/22392\/revisions"}],"predecessor-version":[{"id":22420,"href":"https:\/\/elbibliote.com\/resources\/articulosdestacados\/index.php?rest_route=\/wp\/v2\/posts\/22392\/revisions\/22420"}],"wp:attachment":[{"href":"https:\/\/elbibliote.com\/resources\/articulosdestacados\/index.php?rest_route=%2Fwp%2Fv2%2Fmedia&parent=22392"}],"wp:term":[{"taxonomy":"category","embeddable":true,"href":"https:\/\/elbibliote.com\/resources\/articulosdestacados\/index.php?rest_route=%2Fwp%2Fv2%2Fcategories&post=22392"},{"taxonomy":"post_tag","embeddable":true,"href":"https:\/\/elbibliote.com\/resources\/articulosdestacados\/index.php?rest_route=%2Fwp%2Fv2%2Ftags&post=22392"}],"curies":[{"name":"wp","href":"https:\/\/api.w.org\/{rel}","templated":true}]}}