{"id":22400,"date":"2025-08-29T10:46:24","date_gmt":"2025-08-29T13:46:24","guid":{"rendered":"https:\/\/elbibliote.com\/resources\/articulosdestacados\/?p=22400"},"modified":"2025-08-29T10:46:24","modified_gmt":"2025-08-29T13:46:24","slug":"invasion-de-irak","status":"publish","type":"post","link":"https:\/\/elbibliote.com\/resources\/articulosdestacados\/?p=22400","title":{"rendered":"Invasi\u00f3n de Irak"},"content":{"rendered":"<p><em><span style=\"color: #808080;\">Conflicto armado en donde Estados Unidos invadi\u00f3 Irak con el objetivo de capturar al expresidente Sadam Huse\u00edn. Esta intervenci\u00f3n marc\u00f3 un antes y un despu\u00e9s en la historia, pues no solo transform\u00f3 para siempre el destino de esta naci\u00f3n, sino que adem\u00e1s tuvo repercusiones irreversibles en otros pa\u00edses del Medio Oriente y a su vez en el resto del mundo.<\/span><\/em><\/p>\n<h2><strong>Antecedentes<\/strong><\/h2>\n<p>Irak, bajo el mando del dictador Sadam Huse\u00edn, fue derrotado por fuerzas estadounidenses en su intento de invadir Kuwait en la guerra del golfo P\u00e9rsico de 1991. Como consecuencia, Irak qued\u00f3 sometido a duras sanciones econ\u00f3micas de la ONU y a estrictos programas de inspecci\u00f3n en donde descubrieron y frenaron el desarrollo de armas nucleares, biol\u00f3gicas y qu\u00edmicas de destrucci\u00f3n masiva prohibidas que, junto a la dura represi\u00f3n a la que somet\u00eda a la poblaci\u00f3n iraqu\u00ed, principalmente a las poblaciones chi\u00edes y kurdas, etiquetaron a Huse\u00edn ante el mundo, especialmente ante Estados Unidos, como una potencial amenaza internacional.<\/p>\n<h2><strong>Intervenci\u00f3n en Irak y guerra contra\u00a0Sadam Huse\u00edn (2003)<\/strong><\/h2>\n<p>Estados Unidos, al mando de George W. Bush, temeroso del poder de Irak y de su rebeld\u00eda ante las regulaciones internacionales, acus\u00f3 falsamente a Huse\u00edn de tener conexiones con el terrorismo y alent\u00f3 la intervenci\u00f3n militar estadounidense y brit\u00e1nica en territorio iraqu\u00ed con el argumento de desterrar al tirano y confiscar sus peligrosas armas, a pesar de la negativa de la mayor parte de la influyente comunidad internacional. La intervenci\u00f3n se llev\u00f3 a cabo entre marzo y abril de 2003 e inici\u00f3 con una serie de bombadeos y ataques a\u00e9reos a diferentes infraestructuras gubernamentales que permiti\u00f3 el consecuente avance de las tropas terrestres estadounidenses y brit\u00e1nicas hacia Bagdad, para tomar la capital en apenas unas semanas. Sadam Huse\u00edn logr\u00f3 escapar la invasi\u00f3n, pero fue encontrado y capturado en diciembre del mismo a\u00f1o.<\/p>\n<figure id=\"attachment_22401\" aria-describedby=\"caption-attachment-22401\" style=\"width: 1700px\" class=\"wp-caption aligncenter\"><img loading=\"lazy\" decoding=\"async\" class=\"size-full wp-image-22401\" src=\"https:\/\/elbibliote.com\/resources\/articulosdestacados\/wp-content\/uploads\/2025\/08\/SaddamStatue.jpg\" alt=\"\" width=\"1700\" height=\"1072\" srcset=\"https:\/\/elbibliote.com\/resources\/articulosdestacados\/wp-content\/uploads\/2025\/08\/SaddamStatue.jpg 1700w, https:\/\/elbibliote.com\/resources\/articulosdestacados\/wp-content\/uploads\/2025\/08\/SaddamStatue-300x189.jpg 300w, https:\/\/elbibliote.com\/resources\/articulosdestacados\/wp-content\/uploads\/2025\/08\/SaddamStatue-1024x646.jpg 1024w, https:\/\/elbibliote.com\/resources\/articulosdestacados\/wp-content\/uploads\/2025\/08\/SaddamStatue-768x484.jpg 768w, https:\/\/elbibliote.com\/resources\/articulosdestacados\/wp-content\/uploads\/2025\/08\/SaddamStatue-1536x969.jpg 1536w\" sizes=\"(max-width: 1700px) 100vw, 1700px\" \/><figcaption id=\"caption-attachment-22401\" class=\"wp-caption-text\">Irak derriba la estatua de Sadam Huse\u00edn en Bagdad tras su captura.<\/figcaption><\/figure>\n<h2><strong>Las consecuencias de la intervenci\u00f3n (2004-2011)<\/strong><\/h2>\n<p>Estos eventos fueron solo el inicio del caos que estall\u00f3 en el territorio iraqu\u00ed, comparable al de una guerra civil, protagonizado por la revoluci\u00f3n de facciones como los remanentes del reci\u00e9n derrotado partido pol\u00edtico, milicias chi\u00edes que regresaron a sus tierras al terminar la represi\u00f3n del antiguo gobierno, grupos insurgentes sun\u00edes, poblaci\u00f3n local que se resisti\u00f3 a la invasi\u00f3n occidental, e incluso organizaciones yihadistas que aprovecharon el caos para adentrarse en la regi\u00f3n; todos armados y dispuestos a ocupar por la fuerza el vac\u00edo de poder que dej\u00f3 el expresidente iraqu\u00ed tras su captura. Paralelamente, Sadam Huse\u00edn fue encarcelado durante tres a\u00f1os hasta 2006, cuando fue juzgado por las nuevas autoridades iraqu\u00edes, declarado culpable de cr\u00edmenes contra la humanidad y condenado a morir en la horca.<\/p>\n<div class=\"su-note destacado\"  style=\"border-color:#c1c1d0;\"><div class=\"su-note-inner su-u-clearfix su-u-trim\" style=\"background-color:#DBDBEA;border-color:#ffffff;color:#333333;\"><strong>El nacimiento de ISIS<\/strong><\/p>\n<p>Un grupo del ala m\u00e1s extremista de la insurgencia sun\u00ed, conocida como Jaish al-Ta&#8217;ifa al-Mansurah, se uni\u00f3 a la organizaci\u00f3n terrorista Al Qaeda durante la intervenci\u00f3n militar de Estados Unidos para formar la rama local de este organismo en Irak. Este grupo ser\u00eda el origen del futuro Estado Isl\u00e1mico (ISIS).<\/div><\/div>\n<p>En 2007 Estados Unidos decidi\u00f3 enviar m\u00e1s de 20.000 tropas adicionales como refuerzo para controlar la tensa situaci\u00f3n, con diferentes grados de \u00e9xito temporal. Para 2009, bajo la administraci\u00f3n de Barack Obama, las tropas norteamericanas comenzaron a retirarse progresivamente de Irak hasta hacerlo por completo en 2011. Esto marc\u00f3 oficialmente el fin de la guerra, aunque la situaci\u00f3n de Irak hasta la fecha no ha recuperado su estabilidad de forma significativa.<\/p>\n<figure id=\"attachment_22402\" aria-describedby=\"caption-attachment-22402\" style=\"width: 1280px\" class=\"wp-caption aligncenter\"><img loading=\"lazy\" decoding=\"async\" class=\"size-full wp-image-22402\" src=\"https:\/\/elbibliote.com\/resources\/articulosdestacados\/wp-content\/uploads\/2025\/08\/1280px-Car_bomb_in_Iraq.jpg\" alt=\"\" width=\"1280\" height=\"848\" srcset=\"https:\/\/elbibliote.com\/resources\/articulosdestacados\/wp-content\/uploads\/2025\/08\/1280px-Car_bomb_in_Iraq.jpg 1280w, https:\/\/elbibliote.com\/resources\/articulosdestacados\/wp-content\/uploads\/2025\/08\/1280px-Car_bomb_in_Iraq-300x199.jpg 300w, https:\/\/elbibliote.com\/resources\/articulosdestacados\/wp-content\/uploads\/2025\/08\/1280px-Car_bomb_in_Iraq-1024x678.jpg 1024w, https:\/\/elbibliote.com\/resources\/articulosdestacados\/wp-content\/uploads\/2025\/08\/1280px-Car_bomb_in_Iraq-768x509.jpg 768w\" sizes=\"(max-width: 1280px) 100vw, 1280px\" \/><figcaption id=\"caption-attachment-22402\" class=\"wp-caption-text\">Atentados mediante el uso de autom\u00f3viles bomba por grupos insurgentes en Irak han sido frecuentes desde la ca\u00edda de Sadam Huse\u00edn.<\/figcaption><\/figure>\n","protected":false},"excerpt":{"rendered":"<p>Conflicto armado en donde Estados Unidos invadi\u00f3 Irak con el objetivo de capturar al expresidente Sadam Huse\u00edn. Esta intervenci\u00f3n marc\u00f3 un antes y un despu\u00e9s en la historia, pues no solo transform\u00f3 para siempre el destino de esta naci\u00f3n, sino que adem\u00e1s tuvo repercusiones irreversibles en otros pa\u00edses del Medio Oriente y a su vez en el resto del mundo.<\/p>\n","protected":false},"author":18,"featured_media":0,"comment_status":"closed","ping_status":"closed","sticky":false,"template":"","format":"standard","meta":{"footnotes":""},"categories":[9,14,15],"tags":[13475,9001,13476,3561,3693,4810,9387,3231,13474,1176,9601,6810,13478,13473,4838,13477,9993],"_links":{"self":[{"href":"https:\/\/elbibliote.com\/resources\/articulosdestacados\/index.php?rest_route=\/wp\/v2\/posts\/22400"}],"collection":[{"href":"https:\/\/elbibliote.com\/resources\/articulosdestacados\/index.php?rest_route=\/wp\/v2\/posts"}],"about":[{"href":"https:\/\/elbibliote.com\/resources\/articulosdestacados\/index.php?rest_route=\/wp\/v2\/types\/post"}],"author":[{"embeddable":true,"href":"https:\/\/elbibliote.com\/resources\/articulosdestacados\/index.php?rest_route=\/wp\/v2\/users\/18"}],"replies":[{"embeddable":true,"href":"https:\/\/elbibliote.com\/resources\/articulosdestacados\/index.php?rest_route=%2Fwp%2Fv2%2Fcomments&post=22400"}],"version-history":[{"count":3,"href":"https:\/\/elbibliote.com\/resources\/articulosdestacados\/index.php?rest_route=\/wp\/v2\/posts\/22400\/revisions"}],"predecessor-version":[{"id":22424,"href":"https:\/\/elbibliote.com\/resources\/articulosdestacados\/index.php?rest_route=\/wp\/v2\/posts\/22400\/revisions\/22424"}],"wp:attachment":[{"href":"https:\/\/elbibliote.com\/resources\/articulosdestacados\/index.php?rest_route=%2Fwp%2Fv2%2Fmedia&parent=22400"}],"wp:term":[{"taxonomy":"category","embeddable":true,"href":"https:\/\/elbibliote.com\/resources\/articulosdestacados\/index.php?rest_route=%2Fwp%2Fv2%2Fcategories&post=22400"},{"taxonomy":"post_tag","embeddable":true,"href":"https:\/\/elbibliote.com\/resources\/articulosdestacados\/index.php?rest_route=%2Fwp%2Fv2%2Ftags&post=22400"}],"curies":[{"name":"wp","href":"https:\/\/api.w.org\/{rel}","templated":true}]}}