{"id":22404,"date":"2025-08-29T10:48:18","date_gmt":"2025-08-29T13:48:18","guid":{"rendered":"https:\/\/elbibliote.com\/resources\/articulosdestacados\/?p=22404"},"modified":"2025-08-29T10:48:18","modified_gmt":"2025-08-29T13:48:18","slug":"guerra-civil-siria","status":"publish","type":"post","link":"https:\/\/elbibliote.com\/resources\/articulosdestacados\/?p=22404","title":{"rendered":"Guerra civil siria"},"content":{"rendered":"<p><em><span style=\"color: #808080;\">Es un conflicto armado que inici\u00f3 como la oposici\u00f3n de un conjunto de facciones sirias contra el gobierno de Bashar al-\u00c1sad, y que escal\u00f3 hasta convertirse en un escenario donde diversas potencias globales y regionales miden su poder\u00edo militar. Se distingue por ser, hasta 2025, la guerra con mayor n\u00famero de v\u00edctimas del siglo XXI.<\/span><\/em><\/p>\n<figure id=\"attachment_22407\" aria-describedby=\"caption-attachment-22407\" style=\"width: 1920px\" class=\"wp-caption aligncenter\"><img loading=\"lazy\" decoding=\"async\" class=\"size-full wp-image-22407\" src=\"https:\/\/elbibliote.com\/resources\/articulosdestacados\/wp-content\/uploads\/2025\/08\/A_line_of_Syrian_refugees_crossing_the_border_of_Hungary_and_Austria_on_their_way_to_Germany._Hungary_Central_Europe_6_September_2015.jpg\" alt=\"\" width=\"1920\" height=\"1280\" srcset=\"https:\/\/elbibliote.com\/resources\/articulosdestacados\/wp-content\/uploads\/2025\/08\/A_line_of_Syrian_refugees_crossing_the_border_of_Hungary_and_Austria_on_their_way_to_Germany._Hungary_Central_Europe_6_September_2015.jpg 1920w, https:\/\/elbibliote.com\/resources\/articulosdestacados\/wp-content\/uploads\/2025\/08\/A_line_of_Syrian_refugees_crossing_the_border_of_Hungary_and_Austria_on_their_way_to_Germany._Hungary_Central_Europe_6_September_2015-300x200.jpg 300w, https:\/\/elbibliote.com\/resources\/articulosdestacados\/wp-content\/uploads\/2025\/08\/A_line_of_Syrian_refugees_crossing_the_border_of_Hungary_and_Austria_on_their_way_to_Germany._Hungary_Central_Europe_6_September_2015-1024x683.jpg 1024w, https:\/\/elbibliote.com\/resources\/articulosdestacados\/wp-content\/uploads\/2025\/08\/A_line_of_Syrian_refugees_crossing_the_border_of_Hungary_and_Austria_on_their_way_to_Germany._Hungary_Central_Europe_6_September_2015-768x512.jpg 768w, https:\/\/elbibliote.com\/resources\/articulosdestacados\/wp-content\/uploads\/2025\/08\/A_line_of_Syrian_refugees_crossing_the_border_of_Hungary_and_Austria_on_their_way_to_Germany._Hungary_Central_Europe_6_September_2015-1536x1024.jpg 1536w\" sizes=\"(max-width: 1920px) 100vw, 1920px\" \/><figcaption id=\"caption-attachment-22407\" class=\"wp-caption-text\">Se calcula que m\u00e1s de la mitad de la poblaci\u00f3n civil siria ha huido del pais como refugiados. Atribuci\u00f3n de la imagen:\u00a0Mstyslav Chernov, A line of Syrian refugees crossing the border of Hungary and Austria on their way to Germany. Hungary, Central Europe, 6 September 2015, CC BY-SA 4.0<\/figcaption><\/figure>\n<h2><strong>Antecedentes<\/strong><\/h2>\n<p>En marzo de 2011, un grupo de j\u00f3venes inici\u00f3 una serie de protestas contra el gobierno de antidemocr\u00e1tico y corrupto de Bashar al-\u00c1sad, de la dinast\u00eda alau\u00ed, en la ciudad de Daraa, lo que result\u00f3 en una serie de violentas represalias, como arrestos y torturas. Pero en su lugar, estas acciones solo dieron pie a m\u00e1s protestas, aunque pac\u00edficas, y a un mayor descontento de la poblaci\u00f3n, de mayor\u00eda sun\u00ed, que concluyeron en una represi\u00f3n a\u00fan m\u00e1s violenta. Como respuesta, soldados desertores y civiles armados formaron el Ej\u00e9rcito Libre Sirio (ELS), dispuestos a derrocar al gobierno, lo que marc\u00f3 el inicio de la guerra civil.<\/p>\n<h2><strong>La guerra civil<\/strong><\/h2>\n<p>El conflicto alcanz\u00f3 una escala lo suficientemente grande como para despertar la opini\u00f3n internacional, donde las diferentes potencias se reunieron en conferencias, apoyaron a una u otra facci\u00f3n de la guerra y solicitaron en vano soluciones pac\u00edficas. Paralelamente, la oposici\u00f3n siria logr\u00f3 tomar el control de diferentes zonas del pa\u00eds frente a las fuerzas gubernamentales mediante la fuerza; sin embargo, la escasa unidad que exist\u00eda entre las diferentes facciones que conformaban esta alianza y el debilitamiento ocasionado por los continuos enfrentamientos, origin\u00f3 un vac\u00edo de poder y vulnerabilidad en el pa\u00eds que permiti\u00f3 la entrada de grupos islamistas, algunos vinculados a Al Qaeda, especialmente evidenciado con el surgimiento del Estado Isl\u00e1mico (ISIS) en 2013, que aprovech\u00f3 el caos en Siria e Irak para conquistar parte de sus territorios y proclamar un \u201ccalifato\u201d. Estos fueron los representantes m\u00e1s poderosos e influyentes entre los rebeldes hasta 2019.<\/p>\n<p>Ante el fracaso de las negociaciones de paz, la comunidad internacional comenz\u00f3 a intervenir de forma directa en la guerra. Los rebeldes recibieron refuerzos militares de pa\u00edses como Turqu\u00eda, Arabia Saudita y Catar, mientras que el gobierno era apoyado por Ir\u00e1n y el grupo liban\u00e9s Hezbol\u00e1. El apoyo de Estados Unidos a los rebeldes fue discreto, pues\u00a0tem\u00edan con ello ayudar indirectamente a cualquier grupo yihadista infiltrado, pero a\u00fan as\u00ed desplegaron unidades a\u00e9reas y terrestres para detectar y combatir a las fuerzas de ISIS. Fue luego, en 2015, que Rusia se uni\u00f3 activamente a la guerra, aparentemente con el objetivo de combatir tambi\u00e9n a los yihadistas, pero pronto result\u00f3 evidente su apoyo hacia el gobierno de al-\u00c1sad. El refuerzo ruso recuper\u00f3 territorios estrat\u00e9gicos, supuso una diferencia significativa en el conflicto e inclin\u00f3 la balanza a favor del r\u00e9gimen.<\/p>\n<p>En 2024, sin embargo, el apoyo internacional al gobierno sirio disminuy\u00f3 considerablemente, lo que permiti\u00f3 a uno de los grupos rebeldes, la organizaci\u00f3n yihadista sun\u00ed Hayat Tahrir al-Sham (HTS), irrumpir en Damasco, la capital, en diciembre del mismo a\u00f1o, y tomar el control, aunque para entonces al-\u00c1sad ya hab\u00eda huido para refugiarse en Rusia. Desde entonces, al mando del l\u00edder del HTS y presidente de Siria para agosto de 2025\u00a0Ahmed al-Sharaa, el nuevo gobierno de transici\u00f3n contin\u00faa la guerra contra las distintas facciones rebeldes y los aliados remanentes de la antigua administraci\u00f3n.<\/p>\n<figure id=\"attachment_22406\" aria-describedby=\"caption-attachment-22406\" style=\"width: 1920px\" class=\"wp-caption aligncenter\"><img loading=\"lazy\" decoding=\"async\" class=\"size-full wp-image-22406\" src=\"https:\/\/elbibliote.com\/resources\/articulosdestacados\/wp-content\/uploads\/2025\/08\/Flag_of_Hayat_Tahrir_al-Sham.svg_.png\" alt=\"\" width=\"1920\" height=\"938\" srcset=\"https:\/\/elbibliote.com\/resources\/articulosdestacados\/wp-content\/uploads\/2025\/08\/Flag_of_Hayat_Tahrir_al-Sham.svg_.png 1920w, https:\/\/elbibliote.com\/resources\/articulosdestacados\/wp-content\/uploads\/2025\/08\/Flag_of_Hayat_Tahrir_al-Sham.svg_-300x147.png 300w, https:\/\/elbibliote.com\/resources\/articulosdestacados\/wp-content\/uploads\/2025\/08\/Flag_of_Hayat_Tahrir_al-Sham.svg_-1024x500.png 1024w, https:\/\/elbibliote.com\/resources\/articulosdestacados\/wp-content\/uploads\/2025\/08\/Flag_of_Hayat_Tahrir_al-Sham.svg_-768x375.png 768w, https:\/\/elbibliote.com\/resources\/articulosdestacados\/wp-content\/uploads\/2025\/08\/Flag_of_Hayat_Tahrir_al-Sham.svg_-1536x750.png 1536w\" sizes=\"(max-width: 1920px) 100vw, 1920px\" \/><figcaption id=\"caption-attachment-22406\" class=\"wp-caption-text\">Bandera de Hayat Tahrir al-Sham (HTS), facci\u00f3n que ocup\u00f3 el poder de Siria en 2024.<\/figcaption><\/figure>\n<div class=\"su-note destacado\"  style=\"border-color:#c1c1d0;\"><div class=\"su-note-inner su-u-clearfix su-u-trim\" style=\"background-color:#DBDBEA;border-color:#ffffff;color:#333333;\"><strong>Consecuencias catastr\u00f3ficas<\/strong><\/p>\n<p>La guerra civil siria se ha caracterizado por su enorme nivel de violencia, en un enfrentamiento que poco ha tomado en consideraci\u00f3n a la poblaci\u00f3n civil. Con m\u00e1s de 600.000 fallecidos y unos 12 millones de refugiados sirios en pa\u00edses vecinos, esta ha sido, hasta 2025, la guerra con mayor cantidad de v\u00edctimas del siglo XXI.<\/div><\/div>\n","protected":false},"excerpt":{"rendered":"<p>Es un conflicto armado que inici\u00f3 como la oposici\u00f3n de un conjunto de facciones sirias contra el gobierno de Bashar al-\u00c1sad, y que escal\u00f3 hasta convertirse en un escenario donde diversas potencias globales y regionales miden su poder\u00edo militar. Se distingue por ser, hasta 2025, la guerra con mayor n\u00famero de v\u00edctimas del siglo XXI.<\/p>\n","protected":false},"author":18,"featured_media":0,"comment_status":"closed","ping_status":"closed","sticky":false,"template":"","format":"standard","meta":{"footnotes":""},"categories":[9,14,15],"tags":[13479,13480,3561,7179,13489,13455,13488,3693,13487,4810,9387,3231,13484,13481,13483,13486,8735,13485,4838,13482],"_links":{"self":[{"href":"https:\/\/elbibliote.com\/resources\/articulosdestacados\/index.php?rest_route=\/wp\/v2\/posts\/22404"}],"collection":[{"href":"https:\/\/elbibliote.com\/resources\/articulosdestacados\/index.php?rest_route=\/wp\/v2\/posts"}],"about":[{"href":"https:\/\/elbibliote.com\/resources\/articulosdestacados\/index.php?rest_route=\/wp\/v2\/types\/post"}],"author":[{"embeddable":true,"href":"https:\/\/elbibliote.com\/resources\/articulosdestacados\/index.php?rest_route=\/wp\/v2\/users\/18"}],"replies":[{"embeddable":true,"href":"https:\/\/elbibliote.com\/resources\/articulosdestacados\/index.php?rest_route=%2Fwp%2Fv2%2Fcomments&post=22404"}],"version-history":[{"count":3,"href":"https:\/\/elbibliote.com\/resources\/articulosdestacados\/index.php?rest_route=\/wp\/v2\/posts\/22404\/revisions"}],"predecessor-version":[{"id":22426,"href":"https:\/\/elbibliote.com\/resources\/articulosdestacados\/index.php?rest_route=\/wp\/v2\/posts\/22404\/revisions\/22426"}],"wp:attachment":[{"href":"https:\/\/elbibliote.com\/resources\/articulosdestacados\/index.php?rest_route=%2Fwp%2Fv2%2Fmedia&parent=22404"}],"wp:term":[{"taxonomy":"category","embeddable":true,"href":"https:\/\/elbibliote.com\/resources\/articulosdestacados\/index.php?rest_route=%2Fwp%2Fv2%2Fcategories&post=22404"},{"taxonomy":"post_tag","embeddable":true,"href":"https:\/\/elbibliote.com\/resources\/articulosdestacados\/index.php?rest_route=%2Fwp%2Fv2%2Ftags&post=22404"}],"curies":[{"name":"wp","href":"https:\/\/api.w.org\/{rel}","templated":true}]}}