{"id":22409,"date":"2025-08-29T10:50:43","date_gmt":"2025-08-29T13:50:43","guid":{"rendered":"https:\/\/elbibliote.com\/resources\/articulosdestacados\/?p=22409"},"modified":"2025-08-29T10:50:43","modified_gmt":"2025-08-29T13:50:43","slug":"guerra-contra-el-estado-islamico","status":"publish","type":"post","link":"https:\/\/elbibliote.com\/resources\/articulosdestacados\/?p=22409","title":{"rendered":"Guerra contra el Estado Isl\u00e1mico"},"content":{"rendered":"<p><span style=\"color: #808080;\"><em>Se refiere a la oposici\u00f3n de naturaleza militar que diversos pa\u00edses han iniciado en contra del grupo yihadista fundamentalista, autodenominado Estado Isl\u00e1mico, tambi\u00e9n conocido como ISIS. Reconocido como un peligroso grupo terrorista a nivel internacional, ISIS se convirti\u00f3 en una organizaci\u00f3n capaz de desafiar a Medio Oriente y al mundo entero.<\/em><\/span><\/p>\n<h2><strong>or\u00edgenes<\/strong><\/h2>\n<p>ISIS nace durante la insurgencia sun\u00ed que se levant\u00f3 en Irak tras la invasi\u00f3n liderada por Estados Unidos en 2003, donde surgi\u00f3 como Al Qaeda en Irak, y luego renombrado a Estado Isl\u00e1mico de Irak (ISI) en 2006. Fue en 2011 cuando el estallido de la guerra civil siria le permiti\u00f3 al grupo extenderse hacia este pa\u00eds, bajo el mando de Abu Bakr al-Baghdadi, para tomar ventaja del vac\u00edo de poder y la marcada rivalidad entre facciones revolucionarias. En 2013 adopt\u00f3 el nombre de Estado Isl\u00e1mico de Irak y el Levante (ISIS o ISIL), y obtuvo la suficiente independencia como para convertirse en un grupo separado de Al Qaeda, con quien rompi\u00f3 relaciones.<\/p>\n<figure id=\"attachment_22410\" aria-describedby=\"caption-attachment-22410\" style=\"width: 1280px\" class=\"wp-caption aligncenter\"><img loading=\"lazy\" decoding=\"async\" class=\"size-full wp-image-22410\" src=\"https:\/\/elbibliote.com\/resources\/articulosdestacados\/wp-content\/uploads\/2025\/08\/Islamic_State_flag.svg_.png\" alt=\"\" width=\"1280\" height=\"960\" srcset=\"https:\/\/elbibliote.com\/resources\/articulosdestacados\/wp-content\/uploads\/2025\/08\/Islamic_State_flag.svg_.png 1280w, https:\/\/elbibliote.com\/resources\/articulosdestacados\/wp-content\/uploads\/2025\/08\/Islamic_State_flag.svg_-300x225.png 300w, https:\/\/elbibliote.com\/resources\/articulosdestacados\/wp-content\/uploads\/2025\/08\/Islamic_State_flag.svg_-1024x768.png 1024w, https:\/\/elbibliote.com\/resources\/articulosdestacados\/wp-content\/uploads\/2025\/08\/Islamic_State_flag.svg_-768x576.png 768w\" sizes=\"(max-width: 1280px) 100vw, 1280px\" \/><figcaption id=\"caption-attachment-22410\" class=\"wp-caption-text\">Bandera del Estado Isl\u00e1mico.<\/figcaption><\/figure>\n<h2>Auge y ca\u00edda del Estado Isl\u00e1mico<\/h2>\n<p>En 2014, soldados de ISIS conquistaron la ciudad de Mosul, la segunda m\u00e1s grande de Irak, y proclamaron un califato isl\u00e1mico con Baghdadi como su gobernante. El grupo lleg\u00f3 a controlar vastas extensiones de territorio en Irak y Siria, con una poblaci\u00f3n estimada de entre 6 y 8 millones de personas.<\/p>\n<div class=\"su-note destacado\"  style=\"border-color:#c1c1d0;\"><div class=\"su-note-inner su-u-clearfix su-u-trim\" style=\"background-color:#DBDBEA;border-color:#ffffff;color:#333333;\"><strong>La perspectiva de ISIS<\/strong><\/p>\n<p>En las ciudades bajo su dominio, ISIS impuso una interpretaci\u00f3n arcaica y violenta de lo que, seg\u00fan su perspectiva, exig\u00eda la ley isl\u00e1mica: ejecuciones p\u00fablicas, persecuci\u00f3n de minor\u00edas religiosas, esclavizaci\u00f3n de mujeres yazid\u00edes y una represi\u00f3n feroz contra cualquier disidencia, entre otras atrocidades.<\/div><\/div>\n<p>El ascenso mete\u00f3rico del califato despert\u00f3 la inquietud de la comunidad internacional. En agosto de 2014, Estados Unidos, junto a una coalici\u00f3n de decenas de pa\u00edses y fuerzas regionales como los <em>pershmega<\/em> kurdos y las Unidades de Protecci\u00f3n Popular (YPG), dirigieron efectivos ataques hacia los territorios conquistados por ISIS, donde destaca la batalla por Kobane<strong>, <\/strong>la primera gran derrota del grupo yihadista, a la que le siguieron la recuperaci\u00f3n de las ciudades de Ramadi, Faluya y Mosul en Irak, y Al Raqa, esta \u00faltima la capital <em>de facto<\/em> del califato en Siria.<\/p>\n<figure id=\"attachment_22405\" aria-describedby=\"caption-attachment-22405\" style=\"width: 1800px\" class=\"wp-caption aligncenter\"><img loading=\"lazy\" decoding=\"async\" class=\"size-full wp-image-22405\" src=\"https:\/\/elbibliote.com\/resources\/articulosdestacados\/wp-content\/uploads\/2025\/08\/Destroyed_neighborhood_in_Raqqa.png\" alt=\"\" width=\"1800\" height=\"865\" srcset=\"https:\/\/elbibliote.com\/resources\/articulosdestacados\/wp-content\/uploads\/2025\/08\/Destroyed_neighborhood_in_Raqqa.png 1800w, https:\/\/elbibliote.com\/resources\/articulosdestacados\/wp-content\/uploads\/2025\/08\/Destroyed_neighborhood_in_Raqqa-300x144.png 300w, https:\/\/elbibliote.com\/resources\/articulosdestacados\/wp-content\/uploads\/2025\/08\/Destroyed_neighborhood_in_Raqqa-1024x492.png 1024w, https:\/\/elbibliote.com\/resources\/articulosdestacados\/wp-content\/uploads\/2025\/08\/Destroyed_neighborhood_in_Raqqa-768x369.png 768w, https:\/\/elbibliote.com\/resources\/articulosdestacados\/wp-content\/uploads\/2025\/08\/Destroyed_neighborhood_in_Raqqa-1536x738.png 1536w\" sizes=\"(max-width: 1800px) 100vw, 1800px\" \/><figcaption id=\"caption-attachment-22405\" class=\"wp-caption-text\">Ciudad siria de Al Raqa en 2017.<\/figcaption><\/figure>\n<p>El a\u00f1o 2019 marc\u00f3 la derrota territorial definitiva del Estado Isl\u00e1mico con la ca\u00edda de Baguz, su \u00faltimo enclave en Siria. Baghdadi muri\u00f3 ese mismo a\u00f1o en una operaci\u00f3n estadounidense, aunque fue sucedido por nuevos l\u00edderes que mantuvieron cohesionada la organizaci\u00f3n. Estos se replegaron hasta formar peque\u00f1as agrupaciones en Irak y Siria, pero tambi\u00e9n en pa\u00edses como Nigeria, Mozambique, Filipinas, Afganist\u00e1n y Pakist\u00e1n, desde donde han organizado atentados y guerras de guerrillas ocasionales en lugares vulnerables y estrat\u00e9gicos que a\u00fan perduraban para agosto de 2025, siempre con la intenci\u00f3n de ganar terreno en su lucha por la influencia y el poder.<\/p>\n","protected":false},"excerpt":{"rendered":"<p>Se refiere a la oposici\u00f3n de naturaleza militar que diversos pa\u00edses han iniciado en contra del grupo yihadista fundamentalista autodenominado Estado Isl\u00e1mico, tambi\u00e9n conocido como ISIS. Reconocido como un peligroso grupo terrorista a nivel internacional, ISIS se convirti\u00f3 en una organizaci\u00f3n capaz de desafiar a Medio Oriente y al mundo entero.<\/p>\n","protected":false},"author":18,"featured_media":0,"comment_status":"closed","ping_status":"closed","sticky":false,"template":"","format":"standard","meta":{"footnotes":""},"categories":[9,14,15],"tags":[13467,3561,3693,4810,9387,3231,6810,13481,13483,13468,13490,8735,4838,10545,13491,13482],"_links":{"self":[{"href":"https:\/\/elbibliote.com\/resources\/articulosdestacados\/index.php?rest_route=\/wp\/v2\/posts\/22409"}],"collection":[{"href":"https:\/\/elbibliote.com\/resources\/articulosdestacados\/index.php?rest_route=\/wp\/v2\/posts"}],"about":[{"href":"https:\/\/elbibliote.com\/resources\/articulosdestacados\/index.php?rest_route=\/wp\/v2\/types\/post"}],"author":[{"embeddable":true,"href":"https:\/\/elbibliote.com\/resources\/articulosdestacados\/index.php?rest_route=\/wp\/v2\/users\/18"}],"replies":[{"embeddable":true,"href":"https:\/\/elbibliote.com\/resources\/articulosdestacados\/index.php?rest_route=%2Fwp%2Fv2%2Fcomments&post=22409"}],"version-history":[{"count":3,"href":"https:\/\/elbibliote.com\/resources\/articulosdestacados\/index.php?rest_route=\/wp\/v2\/posts\/22409\/revisions"}],"predecessor-version":[{"id":22428,"href":"https:\/\/elbibliote.com\/resources\/articulosdestacados\/index.php?rest_route=\/wp\/v2\/posts\/22409\/revisions\/22428"}],"wp:attachment":[{"href":"https:\/\/elbibliote.com\/resources\/articulosdestacados\/index.php?rest_route=%2Fwp%2Fv2%2Fmedia&parent=22409"}],"wp:term":[{"taxonomy":"category","embeddable":true,"href":"https:\/\/elbibliote.com\/resources\/articulosdestacados\/index.php?rest_route=%2Fwp%2Fv2%2Fcategories&post=22409"},{"taxonomy":"post_tag","embeddable":true,"href":"https:\/\/elbibliote.com\/resources\/articulosdestacados\/index.php?rest_route=%2Fwp%2Fv2%2Ftags&post=22409"}],"curies":[{"name":"wp","href":"https:\/\/api.w.org\/{rel}","templated":true}]}}