{"id":22578,"date":"2026-04-23T15:07:23","date_gmt":"2026-04-23T18:07:23","guid":{"rendered":"https:\/\/elbibliote.com\/resources\/articulosdestacados\/?p=22578"},"modified":"2026-04-23T15:12:44","modified_gmt":"2026-04-23T18:12:44","slug":"conflicto-ee-uu-israel-iran","status":"publish","type":"post","link":"https:\/\/elbibliote.com\/resources\/articulosdestacados\/?p=22578","title":{"rendered":"Guerra de Estados Unidos e Israel contra Ir\u00e1n"},"content":{"rendered":"<p><em><span style=\"color: #808080;\">Es un conflicto armado iniciado en febrero de 2026 que enfrenta a la alianza entre Estados Unidos e Israel contra Ir\u00e1n. Hasta el momento, el desarrollo de la guerra ha supuesto un costo de miles de vidas humanas, el bloqueo de rutas comerciales y la destrucci\u00f3n de m\u00faltiples infraestructuras energ\u00e9ticas que han ocasionado graves consecuencias para la estabilidad internacional.<\/span><\/em><\/p>\n<h2><strong>Antecedentes<\/strong><\/h2>\n<p>Los or\u00edgenes del conflicto se remontan a 1979, cuando la Revoluci\u00f3n isl\u00e1mica derroc\u00f3 al sha Mohammad Reza Pahlev\u00ed, monarca que hab\u00eda llegado al poder con el respaldo de Estados Unidos y que compart\u00eda este pa\u00eds tanto su orientaci\u00f3n occidental como su rechazo a la influencia sovi\u00e9tica en la regi\u00f3n. Su ca\u00edda marc\u00f3 el inicio de una enemistad que se prolongar\u00eda d\u00e9cadas.<\/p>\n<p>El triunfo de la revoluci\u00f3n dio nacimiento a la Rep\u00fablica Isl\u00e1mica de Ir\u00e1n, un Estado que adopt\u00f3 una pol\u00edtica exterior radicalmente opuesta a la de su predecesor: hostil a la influencia de Washington en la regi\u00f3n y enemigo declarado de Israel. Desde entonces, la enemistad entre estas tres naciones se ha hecho evidente y constante a trav\u00e9s de los a\u00f1os en m\u00faltiples formas, mas sin haber llegado hasta ahora al extremo de dar comienzo a una guerra abierta.<\/p>\n<h2><strong>Inicio y desarrollo de la guerra<\/strong><\/h2>\n<p>Bajo el argumento de que la energ\u00eda nuclear resultar\u00eda sumamente peligrosa en manos iran\u00edes y que era necesario mermar sus capacidades b\u00e9licas, el 28 de febrero de 2026 Estados Unidos e Israel decidieron lanzar una serie de ataques a\u00e9reos coordinados a diferentes instalaciones militares y gubernamentales iran\u00edes, operaciones conocidas como Furia \u00c9pica y Rugido de Le\u00f3n. Como consecuencia, dieron muerte a varias personalidades importantes, entre ellas el l\u00edder supremo del Estado iran\u00ed, Al\u00ed Jamene\u00ed.<\/p>\n<div class=\"su-note destacado\"  style=\"border-color:#c1c1d0;\"><div class=\"su-note-inner su-u-clearfix su-u-trim\" style=\"background-color:#DBDBEA;border-color:#ffffff;color:#333333;\"><strong>Ir\u00e1n, v\u00edctima y victimario<\/strong><\/p>\n<p>Los primeros ataques de Estados Unidos e Israel contra Ir\u00e1n se llevaron a cabo durante un contexto pol\u00edtico y social en el que el gobierno iran\u00ed aplic\u00f3 severas violaciones contra los derechos humanos durante una serie de intensas protestas que llev\u00f3 a cabo la poblaci\u00f3n civil ante las precarias condiciones de vida que atravesaba el pa\u00eds. Las represiones del gobierno dejaron entre 6.000 y 30.000 v\u00edctimas, mientras que el n\u00famero de fallecidos durante el desarrollo de la guerra, hasta el alto al fuego del 8 de abril de 2026, llega a los 3.500.<\/div><\/div>\n<p>Ir\u00e1n respondi\u00f3 de forma inmediata con ataques mediante misiles y drones contra Israel y diversas bases estadounidenses circundantes situadas en m\u00faltiples pa\u00edses de Medio Oriente, como Arabia Saudita, Kuwait y Catar, adem\u00e1s de proceder con el cierre del estrecho de Ormuz, lo que caus\u00f3 un gran impacto en el comercio a nivel mundial. Las represalias de Ir\u00e1n contra pa\u00edses aparentemente inocentes han sido duramente criticadas por la comunidad internacional, mientras que otros grupos justifican su derecho a defender su soberan\u00eda.<\/p>\n<figure id=\"attachment_22579\" aria-describedby=\"caption-attachment-22579\" style=\"width: 800px\" class=\"wp-caption aligncenter\"><img loading=\"lazy\" decoding=\"async\" class=\"size-full wp-image-22579\" src=\"https:\/\/elbibliote.com\/resources\/articulosdestacados\/wp-content\/uploads\/2026\/04\/Strase_von_Hormuz.jpg\" alt=\"\" width=\"800\" height=\"738\" srcset=\"https:\/\/elbibliote.com\/resources\/articulosdestacados\/wp-content\/uploads\/2026\/04\/Strase_von_Hormuz.jpg 800w, https:\/\/elbibliote.com\/resources\/articulosdestacados\/wp-content\/uploads\/2026\/04\/Strase_von_Hormuz-300x277.jpg 300w, https:\/\/elbibliote.com\/resources\/articulosdestacados\/wp-content\/uploads\/2026\/04\/Strase_von_Hormuz-768x708.jpg 768w\" sizes=\"(max-width: 800px) 100vw, 800px\" \/><figcaption id=\"caption-attachment-22579\" class=\"wp-caption-text\">Imagen satelital del estrecho de Ormuz, un lugar clave para las negociaciones entre Estados Unidos e Ir\u00e1n, y una ruta comercial fundamental para el mundo.<\/figcaption><\/figure>\n<p>Las acciones b\u00e9licas se prolongaron durante semanas hasta que Trump anunci\u00f3 un alto al fuego de duraci\u00f3n indefinida en abril de 2026. El presidente proclam\u00f3 el \u00e9xito de la operaci\u00f3n y exigi\u00f3 a los l\u00edderes iran\u00edes que presentaran una propuesta unificada para negociar, manteniendo intacto el bloqueo y la estrategia de m\u00e1xima presi\u00f3n; sin embargo, Ir\u00e1n no reconoci\u00f3 la tregua como un acuerdo leg\u00edtimo: su ministro de Asuntos Exteriores calific\u00f3 el bloqueo estadounidense del estrecho de Ormuz de &#8220;acto de guerra&#8221; y de violaci\u00f3n del propio alto al fuego, mientras que la Guardia Revolucionaria reimpuso el cierre del estrecho. Actualmente, las negociaciones entre ambas partes contin\u00faan sin acuerdo definitivo.<\/p>\n<figure id=\"attachment_22583\" aria-describedby=\"caption-attachment-22583\" style=\"width: 680px\" class=\"wp-caption aligncenter\"><img loading=\"lazy\" decoding=\"async\" class=\"wp-image-22583\" src=\"https:\/\/elbibliote.com\/resources\/articulosdestacados\/wp-content\/uploads\/2026\/04\/2026_pro-Iran_night_demonstrations_2-300x241.jpg\" alt=\"\" width=\"680\" height=\"546\" srcset=\"https:\/\/elbibliote.com\/resources\/articulosdestacados\/wp-content\/uploads\/2026\/04\/2026_pro-Iran_night_demonstrations_2-300x241.jpg 300w, https:\/\/elbibliote.com\/resources\/articulosdestacados\/wp-content\/uploads\/2026\/04\/2026_pro-Iran_night_demonstrations_2.jpg 654w\" sizes=\"(max-width: 680px) 100vw, 680px\" \/><figcaption id=\"caption-attachment-22583\" class=\"wp-caption-text\">Un manifestante sostiene un cartel con las supuestas \u00faltimas palabras del ayatol\u00e1 Jamenei durante una concentraci\u00f3n pro-iran\u00ed nocturna, exigiendo juicio para los &#8220;autores del golpe&#8221;.<\/figcaption><\/figure>\n","protected":false},"excerpt":{"rendered":"<p>Es un conflicto armado iniciado en febrero de 2026 que enfrenta a la alianza entre Estados Unidos e Israel contra Ir\u00e1n. El desarrollo de la guerra ha supuesto hasta ahora el costo de m\u00e1s de 3.000 vidas humanas, el bloqueo de rutas comerciales y la destrucci\u00f3n de m\u00faltiples infraestructuras energ\u00e9ticas que han resultado en graves consecuencias a la estabilidad internacional.<\/p>\n","protected":false},"author":18,"featured_media":0,"comment_status":"closed","ping_status":"closed","sticky":false,"template":"","format":"standard","meta":{"footnotes":""},"categories":[9,14,15],"tags":[11003,10990,3561,12256,3693,7773,4810,9387,3231,13512,7259,13514,13515,13513,4838,9993],"_links":{"self":[{"href":"https:\/\/elbibliote.com\/resources\/articulosdestacados\/index.php?rest_route=\/wp\/v2\/posts\/22578"}],"collection":[{"href":"https:\/\/elbibliote.com\/resources\/articulosdestacados\/index.php?rest_route=\/wp\/v2\/posts"}],"about":[{"href":"https:\/\/elbibliote.com\/resources\/articulosdestacados\/index.php?rest_route=\/wp\/v2\/types\/post"}],"author":[{"embeddable":true,"href":"https:\/\/elbibliote.com\/resources\/articulosdestacados\/index.php?rest_route=\/wp\/v2\/users\/18"}],"replies":[{"embeddable":true,"href":"https:\/\/elbibliote.com\/resources\/articulosdestacados\/index.php?rest_route=%2Fwp%2Fv2%2Fcomments&post=22578"}],"version-history":[{"count":4,"href":"https:\/\/elbibliote.com\/resources\/articulosdestacados\/index.php?rest_route=\/wp\/v2\/posts\/22578\/revisions"}],"predecessor-version":[{"id":22585,"href":"https:\/\/elbibliote.com\/resources\/articulosdestacados\/index.php?rest_route=\/wp\/v2\/posts\/22578\/revisions\/22585"}],"wp:attachment":[{"href":"https:\/\/elbibliote.com\/resources\/articulosdestacados\/index.php?rest_route=%2Fwp%2Fv2%2Fmedia&parent=22578"}],"wp:term":[{"taxonomy":"category","embeddable":true,"href":"https:\/\/elbibliote.com\/resources\/articulosdestacados\/index.php?rest_route=%2Fwp%2Fv2%2Fcategories&post=22578"},{"taxonomy":"post_tag","embeddable":true,"href":"https:\/\/elbibliote.com\/resources\/articulosdestacados\/index.php?rest_route=%2Fwp%2Fv2%2Ftags&post=22578"}],"curies":[{"name":"wp","href":"https:\/\/api.w.org\/{rel}","templated":true}]}}