{"id":22589,"date":"2026-04-28T16:03:45","date_gmt":"2026-04-28T19:03:45","guid":{"rendered":"https:\/\/elbibliote.com\/resources\/articulosdestacados\/?p=22589"},"modified":"2026-04-28T16:03:45","modified_gmt":"2026-04-28T19:03:45","slug":"guerra-ruso-ucraniana","status":"publish","type":"post","link":"https:\/\/elbibliote.com\/resources\/articulosdestacados\/?p=22589","title":{"rendered":"Guerra ruso-ucraniana"},"content":{"rendered":"<p><span style=\"color: #808080;\"><em>Es un conflicto armado iniciado en 2014 a ra\u00edz de la anexi\u00f3n de Crimea por parte de Rusia, lo que eventualmente evolucion\u00f3 a una invasi\u00f3n a gran escala en territorio ucraniano. Por su trascendencia y consecuencias internacionales, es considerado por muchos como el enfrentamiento militar m\u00e1s importante de Europa desde la Segunda Guerra Mundial.<\/em><\/span><\/p>\n<h2>ANTECEDENTES (2014-2021)<\/h2>\n<p>El conflicto tiene sus or\u00edgenes en las protestas del llamado Euromaid\u00e1n en 2013, un conjunto de manifestaciones que miles de ucranianos llevaron a cabo en las calles para exigir una integraci\u00f3n m\u00e1s estrecha con la Uni\u00f3n Europea y rechazar la decisi\u00f3n del entonces presidente V\u00edktor Yanuk\u00f3vich de estrechar v\u00ednculos con Rusia, lo que provoc\u00f3 su huida del pa\u00eds en 2014.<\/p>\n<p>Temeroso de perder su influencia en Ucrania, Rusia envi\u00f3 tropas a la estrat\u00e9gica pen\u00ednsula de Crimea para ocuparla y anexarla a su administraci\u00f3n por la fuerza. Poco despu\u00e9s estall\u00f3 la guerra en la regi\u00f3n hist\u00f3rica del Domb\u00e1s, al este de Ucrania, donde grupos separatistas tomaron las ciudades ucranianas de Donetsk y Lugansk y las rebautizaron como rep\u00fablicas populares independientes, aunque en la pr\u00e1ctica depend\u00edan del respaldo militar y econ\u00f3mico de Rusia. Desde 2014 hasta 2021, el conflicto permaneci\u00f3 como una guerra de baja intensidad, con combates espor\u00e1dicos y fr\u00e1giles acuerdos de alto al fuego.<\/p>\n<figure id=\"attachment_22414\" aria-describedby=\"caption-attachment-22414\" style=\"width: 1920px\" class=\"wp-caption aligncenter\"><img loading=\"lazy\" decoding=\"async\" class=\"size-full wp-image-22414\" src=\"https:\/\/elbibliote.com\/resources\/articulosdestacados\/wp-content\/uploads\/2025\/08\/Volodymyr_Zelenskyy_took_part_in_hoisting_the_State_Flag_of_Ukraine_in_liberated_Kherson._52502054830.jpg\" alt=\"\" width=\"1920\" height=\"1281\" srcset=\"https:\/\/elbibliote.com\/resources\/articulosdestacados\/wp-content\/uploads\/2025\/08\/Volodymyr_Zelenskyy_took_part_in_hoisting_the_State_Flag_of_Ukraine_in_liberated_Kherson._52502054830.jpg 1920w, https:\/\/elbibliote.com\/resources\/articulosdestacados\/wp-content\/uploads\/2025\/08\/Volodymyr_Zelenskyy_took_part_in_hoisting_the_State_Flag_of_Ukraine_in_liberated_Kherson._52502054830-300x200.jpg 300w, https:\/\/elbibliote.com\/resources\/articulosdestacados\/wp-content\/uploads\/2025\/08\/Volodymyr_Zelenskyy_took_part_in_hoisting_the_State_Flag_of_Ukraine_in_liberated_Kherson._52502054830-1024x683.jpg 1024w, https:\/\/elbibliote.com\/resources\/articulosdestacados\/wp-content\/uploads\/2025\/08\/Volodymyr_Zelenskyy_took_part_in_hoisting_the_State_Flag_of_Ukraine_in_liberated_Kherson._52502054830-768x512.jpg 768w, https:\/\/elbibliote.com\/resources\/articulosdestacados\/wp-content\/uploads\/2025\/08\/Volodymyr_Zelenskyy_took_part_in_hoisting_the_State_Flag_of_Ukraine_in_liberated_Kherson._52502054830-1536x1025.jpg 1536w\" sizes=\"(max-width: 1920px) 100vw, 1920px\" \/><figcaption id=\"caption-attachment-22414\" class=\"wp-caption-text\">Volod\u00edmir Zelenski, presidente de Ucrania desde 2019, junto a soldados de su pa\u00eds.<\/figcaption><\/figure>\n<h2>LA INVASI\u00d3N DE UCRANIA (2022)<\/h2>\n<p>El 24 de febrero de 2022, Rusia lanz\u00f3 una invasi\u00f3n a gran escala de Ucrania, acci\u00f3n que el presidente ruso Vlad\u00edmir Putin justific\u00f3 bajo el pretexto de la \u00abdesnazificaci\u00f3n\u00bb y \u00abdesmilitarizaci\u00f3n\u00bb de Ucrania, argumentos ampliamente rechazados por la comunidad internacional.<\/p>\n<p>En los primeros meses, las tropas rusas avanzaron desde m\u00faltiples frentes hasta llegar a las afueras de Kiev, capital de Ucrania. Sin embargo, la resistencia ucraniana, apoyada por la movilizaci\u00f3n de la sociedad civil y el respaldo internacional, logr\u00f3 detener y luego hacer retroceder a las fuerzas rusas. La batalla por Kiev termin\u00f3 en un fracaso estrat\u00e9gico para Mosc\u00fa, que se repleg\u00f3 hacia el este y el sur del pa\u00eds.<\/p>\n<p>Desde entonces, el conflicto ha estado marcado por intensas batallas y ataques en ciudades como Mari\u00fapol, Severodonetsk, Bajmut, Tern\u00f3pil y Jers\u00f3n. Rusia ha buscado consolidar el control sobre el Domb\u00e1s y el corredor terrestre hacia Crimea, mientras Ucrania,\u00a0con apoyo militar y financiero de Occidente, ha lanzado contraofensivas para recuperar territorios ocupados. Paralelamente, ambas partes han participado en diversas rondas de negociaci\u00f3n \u2014impulsadas en parte por Estados Unidos\u2014 sin alcanzar hasta abril de 2026 un acuerdo definitivo para poner fin al conflicto<\/p>\n<div class=\"su-note destacado\"  style=\"border-color:#c1c1d0;\"><div class=\"su-note-inner su-u-clearfix su-u-trim\" style=\"background-color:#DBDBEA;border-color:#ffffff;color:#333333;\"><strong>Consecuencias internacionales<\/strong><\/p>\n<p>La guerra ha generado profundas consecuencias globales. Occidente impuso severas sanciones econ\u00f3micas a Rusia, lo que ha reconfigurado el comercio mundial. Adem\u00e1s, el conflicto desat\u00f3 una crisis energ\u00e9tica en Europa y afect\u00f3 el suministro global de alimentos. A nivel geopol\u00edtico, revitaliz\u00f3 a la OTAN con la hist\u00f3rica adhesi\u00f3n de Finlandia y Suecia, impuls\u00f3 un rearme generalizado en los pa\u00edses europeos y provoc\u00f3 el mayor \u00e9xodo de refugiados en el continente desde la Segunda Guerra Mundial.<\/div><\/div>\n<figure id=\"attachment_22597\" aria-describedby=\"caption-attachment-22597\" style=\"width: 1920px\" class=\"wp-caption aligncenter\"><img loading=\"lazy\" decoding=\"async\" class=\"size-full wp-image-22597\" src=\"https:\/\/elbibliote.com\/resources\/articulosdestacados\/wp-content\/uploads\/2026\/04\/Refugee_center_in_Manej_Athletics_Center_Chisinau_Moldova_-_mar_2022_-_02.jpg\" alt=\"\" width=\"1920\" height=\"1081\" srcset=\"https:\/\/elbibliote.com\/resources\/articulosdestacados\/wp-content\/uploads\/2026\/04\/Refugee_center_in_Manej_Athletics_Center_Chisinau_Moldova_-_mar_2022_-_02.jpg 1920w, https:\/\/elbibliote.com\/resources\/articulosdestacados\/wp-content\/uploads\/2026\/04\/Refugee_center_in_Manej_Athletics_Center_Chisinau_Moldova_-_mar_2022_-_02-300x169.jpg 300w, https:\/\/elbibliote.com\/resources\/articulosdestacados\/wp-content\/uploads\/2026\/04\/Refugee_center_in_Manej_Athletics_Center_Chisinau_Moldova_-_mar_2022_-_02-1024x577.jpg 1024w, https:\/\/elbibliote.com\/resources\/articulosdestacados\/wp-content\/uploads\/2026\/04\/Refugee_center_in_Manej_Athletics_Center_Chisinau_Moldova_-_mar_2022_-_02-768x432.jpg 768w, https:\/\/elbibliote.com\/resources\/articulosdestacados\/wp-content\/uploads\/2026\/04\/Refugee_center_in_Manej_Athletics_Center_Chisinau_Moldova_-_mar_2022_-_02-1536x865.jpg 1536w\" sizes=\"(max-width: 1920px) 100vw, 1920px\" \/><figcaption id=\"caption-attachment-22597\" class=\"wp-caption-text\">Supervivientes de la guerra ucranianos refugiados en Moldavia, uno de sus pa\u00edses vecinos.<\/figcaption><\/figure>\n","protected":false},"excerpt":{"rendered":"<p>Es un conflicto armado iniciado en 2014 a ra\u00edz de la anexi\u00f3n de Crimea por parte de Rusia, lo que eventualmente evolucion\u00f3 a una invasi\u00f3n a gran escala en territorio ucraniano. Por su trascendencia y consecuencias internacionales, es considerado por muchos como el enfrentamiento militar m\u00e1s importante de Europa desde la Segunda Guerra Mundial.<\/p>\n","protected":false},"author":18,"featured_media":0,"comment_status":"closed","ping_status":"closed","sticky":false,"template":"","format":"standard","meta":{"footnotes":""},"categories":[9,14,15],"tags":[3561,12256,13499,13498,13501,13492,9387,13380,13500,13502,13497,2650,4838,13493,13496,13494,13495],"_links":{"self":[{"href":"https:\/\/elbibliote.com\/resources\/articulosdestacados\/index.php?rest_route=\/wp\/v2\/posts\/22589"}],"collection":[{"href":"https:\/\/elbibliote.com\/resources\/articulosdestacados\/index.php?rest_route=\/wp\/v2\/posts"}],"about":[{"href":"https:\/\/elbibliote.com\/resources\/articulosdestacados\/index.php?rest_route=\/wp\/v2\/types\/post"}],"author":[{"embeddable":true,"href":"https:\/\/elbibliote.com\/resources\/articulosdestacados\/index.php?rest_route=\/wp\/v2\/users\/18"}],"replies":[{"embeddable":true,"href":"https:\/\/elbibliote.com\/resources\/articulosdestacados\/index.php?rest_route=%2Fwp%2Fv2%2Fcomments&post=22589"}],"version-history":[{"count":7,"href":"https:\/\/elbibliote.com\/resources\/articulosdestacados\/index.php?rest_route=\/wp\/v2\/posts\/22589\/revisions"}],"predecessor-version":[{"id":22599,"href":"https:\/\/elbibliote.com\/resources\/articulosdestacados\/index.php?rest_route=\/wp\/v2\/posts\/22589\/revisions\/22599"}],"wp:attachment":[{"href":"https:\/\/elbibliote.com\/resources\/articulosdestacados\/index.php?rest_route=%2Fwp%2Fv2%2Fmedia&parent=22589"}],"wp:term":[{"taxonomy":"category","embeddable":true,"href":"https:\/\/elbibliote.com\/resources\/articulosdestacados\/index.php?rest_route=%2Fwp%2Fv2%2Fcategories&post=22589"},{"taxonomy":"post_tag","embeddable":true,"href":"https:\/\/elbibliote.com\/resources\/articulosdestacados\/index.php?rest_route=%2Fwp%2Fv2%2Ftags&post=22589"}],"curies":[{"name":"wp","href":"https:\/\/api.w.org\/{rel}","templated":true}]}}