{"id":2294,"date":"2018-04-03T11:20:17","date_gmt":"2018-04-03T14:20:17","guid":{"rendered":"http:\/\/elbibliote.com\/resources\/articulosdestacados\/?p=2294"},"modified":"2024-08-19T16:45:31","modified_gmt":"2024-08-19T19:45:31","slug":"el-inicio-de-un-largo-camino-por-la-libertad-de-ecuador","status":"publish","type":"post","link":"https:\/\/elbibliote.com\/resources\/articulosdestacados\/?p=2294","title":{"rendered":"El inicio de un largo camino por la libertad de Ecuador"},"content":{"rendered":"<p><span style=\"color: #808080;\"><em>Aunque la lucha iniciada el 10 de agosto de 1809 en Ecuador no culmin\u00f3 con el triunfo definitivo de los independentistas, constituy\u00f3 el primer intento por derrocar al sistema colonial espa\u00f1ol. El ejemplo de los precursores de la independencia fue seguido por otros patriotas que dieron nacimiento al Estado Ecuatoriano.<\/em><\/span><\/p>\n<figure id=\"attachment_2295\" aria-describedby=\"caption-attachment-2295\" style=\"width: 550px\" class=\"wp-caption aligncenter\"><img loading=\"lazy\" decoding=\"async\" class=\"wp-image-2295 size-full\" src=\"https:\/\/elbibliote.com\/resources\/articulosdestacados\/wp-content\/uploads\/2018\/03\/iStock-488793650.jpg\" alt=\"\" width=\"550\" height=\"367\" srcset=\"https:\/\/elbibliote.com\/resources\/articulosdestacados\/wp-content\/uploads\/2018\/03\/iStock-488793650.jpg 550w, https:\/\/elbibliote.com\/resources\/articulosdestacados\/wp-content\/uploads\/2018\/03\/iStock-488793650-300x200.jpg 300w\" sizes=\"(max-width: 550px) 100vw, 550px\" \/><figcaption id=\"caption-attachment-2295\" class=\"wp-caption-text\">Sim\u00f3n Bol\u00edvar, El Libertador.<\/figcaption><\/figure>\n<h2><strong>Antecedentes<\/strong><\/h2>\n<p>En 1808 reinaba en Espa\u00f1a Carlos IV, quien el siete marzo de ese a\u00f1o, se vio obligado a renunciar al trono en favor de su hijo Fernando VII. Napole\u00f3n, emperador franc\u00e9s, con ambiciones de dominar los territorios coloniales espa\u00f1oles, hizo prisionero al monarca. Este hecho provoc\u00f3 la organizaci\u00f3n de las Juntas Supremas Provinciales que establecieron la lucha del pueblo hispano contra la Francia imperial.<\/p>\n<figure id=\"attachment_2298\" aria-describedby=\"caption-attachment-2298\" style=\"width: 550px\" class=\"wp-caption aligncenter\"><img loading=\"lazy\" decoding=\"async\" class=\"wp-image-2298 size-full\" src=\"https:\/\/elbibliote.com\/resources\/articulosdestacados\/wp-content\/uploads\/2018\/03\/iStock-177364974.jpg\" alt=\"\" width=\"550\" height=\"709\" srcset=\"https:\/\/elbibliote.com\/resources\/articulosdestacados\/wp-content\/uploads\/2018\/03\/iStock-177364974.jpg 550w, https:\/\/elbibliote.com\/resources\/articulosdestacados\/wp-content\/uploads\/2018\/03\/iStock-177364974-233x300.jpg 233w\" sizes=\"(max-width: 550px) 100vw, 550px\" \/><figcaption id=\"caption-attachment-2298\" class=\"wp-caption-text\">Napole\u00f3n Bonaparte.<\/figcaption><\/figure>\n<p>Las noticias de lo acontecido en Europa llegaron con rapidez a Am\u00e9rica, inquietando a los habitantes de Quito. El 25 de diciembre de 1808, Juan P\u00edo Mont\u00fafar, rico hacendado del Valle de Los Chillos, convoc\u00f3 para su hacienda \u201cEl Obraje\u201d, a influyentes vecinos de la ciudad. El tema de discusi\u00f3n era la b\u00fasqueda de una soluci\u00f3n para evitar que los franceses dominaran el pa\u00eds. La conclusi\u00f3n fue imitar a Espa\u00f1a, creando la Junta Soberana.<\/p>\n<p>&nbsp;<\/p>\n<p>Por la fecha en que se desarroll\u00f3 la reuni\u00f3n se le llam\u00f3 \u201cLa Conspiraci\u00f3n de la Navidad\u201d.<\/p>\n<h2><strong>Primeros pasos de la conspiraci\u00f3n<\/strong><\/h2>\n<p>En los meses que siguieron a la convocatoria del Marqu\u00e9s de Selva Alegre se sumaron otros conspiradores. El gobierno colonial descubri\u00f3 sus intenciones y apres\u00f3 a la mayor\u00eda de los participantes.<\/p>\n<p>La posici\u00f3n privilegiada de los acusados y el robo de pruebas documentales permiti\u00f3 que, los excelentes abogados contratados, lograran la libertad de los reos.<\/p>\n<div class=\"su-note destacado\"  style=\"border-color:#c1c1d0;\"><div class=\"su-note-inner su-u-clearfix su-u-trim\" style=\"background-color:#DBDBEA;border-color:#ffffff;color:#333333;\"><strong>No hay apoyo para Quito<\/strong><\/p>\n<p>Cuenca, Guayaquil y Pasto no apoyaron el movimiento quite\u00f1o del 10 de Agosto.<\/div><\/div>\n<h2><strong>La rebeli\u00f3n<\/strong><\/h2>\n<p>Los conspiradores liberados se reorganizaron y, en la noche del 9 de agosto, se reunieron en la casa de la patriota quite\u00f1a Do\u00f1a Manuela Ca\u00f1izares. En la madrugada del siguiente d\u00eda qued\u00f3 conformada la Junta Soberana de Gobierno.<\/p>\n<div class=\"su-box su-box-style-default sabiasque\" id=\"\" style=\"border-color:#a8a8b7;border-radius:0px;\"><div class=\"su-box-title\" style=\"background-color:#DBDBEA;color:#484848;border-top-left-radius:0px;border-top-right-radius:0px\">\u00bfSab\u00edas qu\u00e9...?<\/div><div class=\"su-box-content su-u-clearfix su-u-trim\" style=\"border-bottom-left-radius:0px;border-bottom-right-radius:0px\">Manuela Ca\u00f1izares areng\u00f3 a los quite\u00f1os el 10 de agosto con una dura frase: \u201cCobardes&#8230;hombres nacidos para la servidumbre, \u00bfde qu\u00e9 ten\u00e9is miedo&#8230;? \u00a1No hay tiempo que perder&#8230;!\u201d.<\/div><\/div>\n<h2><strong>Composici\u00f3n de la Junta<\/strong><\/h2>\n<p>Presidente: Juan P\u00edo Mont\u00fafar, Marqu\u00e9s de Selva Alegre.<\/p>\n<p>Vicepresidente: Obispo Jos\u00e9 Cuero y Caicedo.<\/p>\n<p>Secretario de Estado: Doctor Juan de Dios Morales.<\/p>\n<p>Secretario de Despacho: Doctor Manuel Rodr\u00edguez de Quiroga.<\/p>\n<p>Secretario de Interior: Doctor Juan Larrea.<\/p>\n<table>\n<tbody>\n<tr>\n<td width=\"585\">\n<h3><strong>Los marqueses y el pueblo<\/strong><\/h3>\n<p>Los cabecillas del movimiento del 10 de agosto en Quito fueron los due\u00f1os de latifundios, la mayor\u00eda de ellos con nombramientos nobiliarios de marqueses y condes, que se separaron de la burocracia colonial y la sustituyeron. Entre las medidas tomadas estaban la supresi\u00f3n de los impuestos de los blancos y no de los indios y el perd\u00f3n de las deudas que ten\u00edan con la Corona por la compra de tierras. Los activistas y organizadores de la Junta eran intelectuales, abogados, medianos terratenientes y algunos sacerdotes. M\u00e1s tarde, no lograr\u00edan despertar entusiasmo por su gobierno, ni en el pueblo de la ciudad ni en los ind\u00edgenas ya que no los beneficiaron en nada. Sin embargo, el 2 de agosto, cuando estos hab\u00edan sido perseguidos y apresados, artesanos, vendedores, tenderos y el pueblo urbano se hab\u00edan levantado para defenderlos sufriendo la represi\u00f3n y la muerte. A pesar de luchar por sus intereses, los actores de la Revoluci\u00f3n de Quito fueron verdaderos patriotas, porque se levantaron contra las autoridades coloniales y establecieron un gobierno, se sacrificaron por mantenerlo y muchos de ellos perdieron la vida por defenderlo.<\/td>\n<\/tr>\n<\/tbody>\n<\/table>\n<h2><strong>De la Real Audiencia a la Junta de Gobierno<\/strong><\/h2>\n<p>El mismo 10 de agosto, en horas tempranas, el Secretario General de la Junta, Doctor Antonio Ante, como comisionado se dirigi\u00f3 al despacho del Don Manuel Urriez, Conde de Castilla y Presidente de la Real Audiencia de Quito, para informarle la decisi\u00f3n de ser relevado en su cargo por la Junta de Gobierno. Por su parte el Coronel Juan de Salinas, Jefe M\u00e1ximo de las fuerzas militares, jur\u00f3 lealtad a la Junta y al Rey.<\/p>\n<p>Con la toma del poder, la Junta inici\u00f3 las primeras acciones ejecutivas y legislativas.<\/p>\n<p>El 16 de agosto se convoc\u00f3 a un Cabildo Abierto que se efectu\u00f3 en la sala capitular del Convento de San Agust\u00edn, donde se ratific\u00f3 lo acordado seis d\u00edas antes.<\/p>\n<h2><strong>Reacci\u00f3n en la Pen\u00ednsula<\/strong><\/h2>\n<p>Las autoridades coloniales reaccionaron enviando tropas desde Guayaquil, Pasto y otros lugares para reconquistar Quito y tomar el control apresando a los sublevados.<\/p>\n<figure id=\"attachment_2304\" aria-describedby=\"caption-attachment-2304\" style=\"width: 550px\" class=\"wp-caption aligncenter\"><img loading=\"lazy\" decoding=\"async\" class=\"wp-image-2304 size-full\" src=\"https:\/\/elbibliote.com\/resources\/articulosdestacados\/wp-content\/uploads\/2018\/03\/iStock-488791392.jpg\" alt=\"\" width=\"550\" height=\"367\" srcset=\"https:\/\/elbibliote.com\/resources\/articulosdestacados\/wp-content\/uploads\/2018\/03\/iStock-488791392.jpg 550w, https:\/\/elbibliote.com\/resources\/articulosdestacados\/wp-content\/uploads\/2018\/03\/iStock-488791392-300x200.jpg 300w\" sizes=\"(max-width: 550px) 100vw, 550px\" \/><figcaption id=\"caption-attachment-2304\" class=\"wp-caption-text\">Guayaquil no apoy\u00f3 a los sublevados.<\/figcaption><\/figure>\n<p>Por su parte, la Junta organiz\u00f3 un ej\u00e9rcito de 3.000 colaboradores bajo las \u00f3rdenes de Asc\u00e1zubi y Zambrano, con la misi\u00f3n de avanzar al Norte y frenar el avance de los realistas comandadas por Miguel Tac\u00f3n, en ese momento Gobernador de Popay\u00e1n.<\/p>\n<table>\n<tbody>\n<tr>\n<td width=\"588\">\n<h3><strong>Combates de Sapuyes y Cumbal<\/strong><\/h3>\n<p>La falta de disciplina e inexperiencia de los milicianos hizo que, luego de cruzar el r\u00edo Carchi y adentrarse en Pasto, fueran diezmados en los combates de Sapuyes, en el caso de Juan Asc\u00e1zubi y de Cumbal, en el de Manuel Zambrano. El primero hecho prisionero y el segundo escap\u00f3 con lo que qued\u00f3 de su tropa.<\/td>\n<\/tr>\n<\/tbody>\n<\/table>\n<h2><strong>Quito volvi\u00f3 al pasado<\/strong><\/h2>\n<p>Los quite\u00f1os al conocer de la derrota de sus combatientes reaccionaron con discusiones in\u00fatiles y divisionismo. P\u00edo Mont\u00fafar renunci\u00f3 al cargo de presidente. Juan Jos\u00e9 Guerrero y Mateu lo sucedi\u00f3 en el cargo. Su postura fue buscar acercamiento con el conde Ru\u00edz de Castilla hasta llegar la capitulaci\u00f3n, el 24 de octubre, bajo la promesa de olvido del pasado y la inmunidad de los miembros de la Junta.<\/p>\n<figure id=\"attachment_2306\" aria-describedby=\"caption-attachment-2306\" style=\"width: 550px\" class=\"wp-caption aligncenter\"><img loading=\"lazy\" decoding=\"async\" class=\"wp-image-2306 size-full\" src=\"https:\/\/elbibliote.com\/resources\/articulosdestacados\/wp-content\/uploads\/2018\/03\/iStock-467846134.jpg\" alt=\"\" width=\"550\" height=\"550\" srcset=\"https:\/\/elbibliote.com\/resources\/articulosdestacados\/wp-content\/uploads\/2018\/03\/iStock-467846134.jpg 550w, https:\/\/elbibliote.com\/resources\/articulosdestacados\/wp-content\/uploads\/2018\/03\/iStock-467846134-150x150.jpg 150w, https:\/\/elbibliote.com\/resources\/articulosdestacados\/wp-content\/uploads\/2018\/03\/iStock-467846134-300x300.jpg 300w\" sizes=\"(max-width: 550px) 100vw, 550px\" \/><figcaption id=\"caption-attachment-2306\" class=\"wp-caption-text\">Quito.<\/figcaption><\/figure>\n<h2><strong>El enga\u00f1o<\/strong><\/h2>\n<p>Los primeros d\u00edas que siguieron a la rendici\u00f3n resultaron normales y la Junta de Gobierno continu\u00f3 en su actividad. Sin embargo, con la llegada de las tropas guayaquile\u00f1as y cuencanas, del Batall\u00f3n Real de Lima y de los vencedores de Sapuyes y Cumbal las cosas cambiaron. El conde orden\u00f3 restablecer la Real Audiencia y perseguir a los que apoyaron la sublevaci\u00f3n. Uno de los pocos en escapar fue Juan P\u00edo Mont\u00fafar.<\/p>\n<h2><strong>El proceso<\/strong><\/h2>\n<p>El fiscal actuante en el proceso seguido contra los rebeldes pidi\u00f3 la pena de muerte para m\u00e1s de cuarenta acusados. Le toc\u00f3 al virrey de Santa Fe dictar sentencia.<\/p>\n<div class=\"su-note destacado\"  style=\"border-color:#c1c1d0;\"><div class=\"su-note-inner su-u-clearfix su-u-trim\" style=\"background-color:#DBDBEA;border-color:#ffffff;color:#333333;\"><strong>Se busca un caudillo <\/strong><\/p>\n<p>El grito libertario del 10 de Agosto constituy\u00f3 un movimiento d\u00e9bil, fr\u00e1gil, desarticulado y carente de un verdadero l\u00edder.<\/div><\/div>\n<p>El pueblo quite\u00f1o organiz\u00f3 el rescate que termin\u00f3 en la matanza del 2 de agosto de 1810.<\/p>\n<figure id=\"attachment_2309\" aria-describedby=\"caption-attachment-2309\" style=\"width: 550px\" class=\"wp-caption aligncenter\"><img loading=\"lazy\" decoding=\"async\" class=\"wp-image-2309 size-full\" src=\"https:\/\/elbibliote.com\/resources\/articulosdestacados\/wp-content\/uploads\/2018\/03\/iStock-485646390.jpg\" alt=\"\" width=\"550\" height=\"550\" srcset=\"https:\/\/elbibliote.com\/resources\/articulosdestacados\/wp-content\/uploads\/2018\/03\/iStock-485646390.jpg 550w, https:\/\/elbibliote.com\/resources\/articulosdestacados\/wp-content\/uploads\/2018\/03\/iStock-485646390-150x150.jpg 150w, https:\/\/elbibliote.com\/resources\/articulosdestacados\/wp-content\/uploads\/2018\/03\/iStock-485646390-300x300.jpg 300w\" sizes=\"(max-width: 550px) 100vw, 550px\" \/><figcaption id=\"caption-attachment-2309\" class=\"wp-caption-text\">Escudo de Ecuador<\/figcaption><\/figure>\n<figure id=\"attachment_2310\" aria-describedby=\"caption-attachment-2310\" style=\"width: 550px\" class=\"wp-caption aligncenter\"><img loading=\"lazy\" decoding=\"async\" class=\"wp-image-2310 size-full\" src=\"https:\/\/elbibliote.com\/resources\/articulosdestacados\/wp-content\/uploads\/2018\/03\/iStock-485217276.jpg\" alt=\"\" width=\"550\" height=\"323\" srcset=\"https:\/\/elbibliote.com\/resources\/articulosdestacados\/wp-content\/uploads\/2018\/03\/iStock-485217276.jpg 550w, https:\/\/elbibliote.com\/resources\/articulosdestacados\/wp-content\/uploads\/2018\/03\/iStock-485217276-300x176.jpg 300w\" sizes=\"(max-width: 550px) 100vw, 550px\" \/><figcaption id=\"caption-attachment-2310\" class=\"wp-caption-text\">Bandera de Ecuador.<\/figcaption><\/figure>\n<p>&nbsp;<\/p>\n<table>\n<tbody>\n<tr>\n<td width=\"588\">\n<h3><strong>Las causas de la derrota<\/strong><\/h3>\n<p>La ausencia de un verdadero l\u00edder con conocimientos militares, las contradicciones internas, la falta de respaldo popular al movimiento, especialmente en las ciudades de Cuenca y Guayaquil, y la falta de unidad fueron las causas del fracaso.<\/p>\n<figure id=\"attachment_2312\" aria-describedby=\"caption-attachment-2312\" style=\"width: 550px\" class=\"wp-caption aligncenter\"><img loading=\"lazy\" decoding=\"async\" class=\"wp-image-2312 size-full\" src=\"https:\/\/elbibliote.com\/resources\/articulosdestacados\/wp-content\/uploads\/2018\/03\/iStock-176855993.jpg\" alt=\"\" width=\"550\" height=\"825\" srcset=\"https:\/\/elbibliote.com\/resources\/articulosdestacados\/wp-content\/uploads\/2018\/03\/iStock-176855993.jpg 550w, https:\/\/elbibliote.com\/resources\/articulosdestacados\/wp-content\/uploads\/2018\/03\/iStock-176855993-200x300.jpg 200w\" sizes=\"(max-width: 550px) 100vw, 550px\" \/><figcaption id=\"caption-attachment-2312\" class=\"wp-caption-text\">Estatua de la Libertad en Guayaquil.<\/figcaption><\/figure>\n<figure id=\"attachment_2313\" aria-describedby=\"caption-attachment-2313\" style=\"width: 550px\" class=\"wp-caption aligncenter\"><img loading=\"lazy\" decoding=\"async\" class=\"wp-image-2313 size-full\" src=\"https:\/\/elbibliote.com\/resources\/articulosdestacados\/wp-content\/uploads\/2018\/03\/iStock-500442935.jpg\" alt=\"\" width=\"550\" height=\"824\" srcset=\"https:\/\/elbibliote.com\/resources\/articulosdestacados\/wp-content\/uploads\/2018\/03\/iStock-500442935.jpg 550w, https:\/\/elbibliote.com\/resources\/articulosdestacados\/wp-content\/uploads\/2018\/03\/iStock-500442935-200x300.jpg 200w\" sizes=\"(max-width: 550px) 100vw, 550px\" \/><figcaption id=\"caption-attachment-2313\" class=\"wp-caption-text\">Cuenca.<\/figcaption><\/figure><\/td>\n<\/tr>\n<\/tbody>\n<\/table>\n<h2><strong>M\u00e1s all\u00e1 del fracaso<\/strong><\/h2>\n<p>Para Ecuador y Am\u00e9rica el 10 de agosto de 1809 constituy\u00f3 un hecho trascendental a pesar de los errores cometidos en su organizaci\u00f3n. Para los organizadores estaba claro el inter\u00e9s de tomar el poder en medio de los complejos procesos que se estaban dando en la metr\u00f3poli para as\u00ed delimitar mejor los territorios ocupados por los virreinatos vecinos.<\/p>\n<p>Esa fecha signific\u00f3 el inicio de una lucha que no terminar\u00eda hasta conquistar la independencia de la patria y el continente.<\/p>\n<figure id=\"attachment_2314\" aria-describedby=\"caption-attachment-2314\" style=\"width: 550px\" class=\"wp-caption aligncenter\"><img loading=\"lazy\" decoding=\"async\" class=\"wp-image-2314 size-full\" src=\"https:\/\/elbibliote.com\/resources\/articulosdestacados\/wp-content\/uploads\/2018\/03\/iStock-483212384.jpg\" alt=\"\" width=\"550\" height=\"514\" srcset=\"https:\/\/elbibliote.com\/resources\/articulosdestacados\/wp-content\/uploads\/2018\/03\/iStock-483212384.jpg 550w, https:\/\/elbibliote.com\/resources\/articulosdestacados\/wp-content\/uploads\/2018\/03\/iStock-483212384-300x280.jpg 300w\" sizes=\"(max-width: 550px) 100vw, 550px\" \/><figcaption id=\"caption-attachment-2314\" class=\"wp-caption-text\">Ecuador.<\/figcaption><\/figure>\n<p>&nbsp;<\/p>\n<p>&nbsp;<\/p>\n<p>&nbsp;<\/p>\n<div class=\"su-box su-box-style-default sabiasque\" id=\"\" style=\"border-color:#a8a8b7;border-radius:0px;\"><div class=\"su-box-title\" style=\"background-color:#DBDBEA;color:#484848;border-top-left-radius:0px;border-top-right-radius:0px\">\u00bfSab\u00edas qu\u00e9...?<\/div><div class=\"su-box-content su-u-clearfix su-u-trim\" style=\"border-bottom-left-radius:0px;border-bottom-right-radius:0px\">Los sucesos del 10 de Agosto constituyeron el Primer Grito de la Independencia de Ecuador.<\/div><\/div>\n<p>&nbsp;<\/p>\n<p>&nbsp;<\/p>\n","protected":false},"excerpt":{"rendered":"<p>Aunque la lucha iniciada el 10 de agosto de 1809 en Ecuador no culmin\u00f3 con el triunfo definitivo de los independentistas, constituy\u00f3 el primer intento por derrocar al sistema colonial espa\u00f1ol. El ejemplo de los precursores de la independencia fue seguido por otros patriotas que dieron nacimiento al Estado Ecuatoriano.<\/p>\n","protected":false},"author":8,"featured_media":0,"comment_status":"closed","ping_status":"closed","sticky":false,"template":"","format":"standard","meta":{"footnotes":""},"categories":[9],"tags":[3269,3281,3272,3285,3284,3277,127,3271,3282,3275,3283,3279,3280,3276,3273,3286,3278,3270,3274,3287],"_links":{"self":[{"href":"https:\/\/elbibliote.com\/resources\/articulosdestacados\/index.php?rest_route=\/wp\/v2\/posts\/2294"}],"collection":[{"href":"https:\/\/elbibliote.com\/resources\/articulosdestacados\/index.php?rest_route=\/wp\/v2\/posts"}],"about":[{"href":"https:\/\/elbibliote.com\/resources\/articulosdestacados\/index.php?rest_route=\/wp\/v2\/types\/post"}],"author":[{"embeddable":true,"href":"https:\/\/elbibliote.com\/resources\/articulosdestacados\/index.php?rest_route=\/wp\/v2\/users\/8"}],"replies":[{"embeddable":true,"href":"https:\/\/elbibliote.com\/resources\/articulosdestacados\/index.php?rest_route=%2Fwp%2Fv2%2Fcomments&post=2294"}],"version-history":[{"count":9,"href":"https:\/\/elbibliote.com\/resources\/articulosdestacados\/index.php?rest_route=\/wp\/v2\/posts\/2294\/revisions"}],"predecessor-version":[{"id":21883,"href":"https:\/\/elbibliote.com\/resources\/articulosdestacados\/index.php?rest_route=\/wp\/v2\/posts\/2294\/revisions\/21883"}],"wp:attachment":[{"href":"https:\/\/elbibliote.com\/resources\/articulosdestacados\/index.php?rest_route=%2Fwp%2Fv2%2Fmedia&parent=2294"}],"wp:term":[{"taxonomy":"category","embeddable":true,"href":"https:\/\/elbibliote.com\/resources\/articulosdestacados\/index.php?rest_route=%2Fwp%2Fv2%2Fcategories&post=2294"},{"taxonomy":"post_tag","embeddable":true,"href":"https:\/\/elbibliote.com\/resources\/articulosdestacados\/index.php?rest_route=%2Fwp%2Fv2%2Ftags&post=2294"}],"curies":[{"name":"wp","href":"https:\/\/api.w.org\/{rel}","templated":true}]}}