{"id":275,"date":"2018-03-15T10:27:51","date_gmt":"2018-03-15T13:27:51","guid":{"rendered":"http:\/\/elbibliote.com\/resources\/articulosdestacados\/?p=275"},"modified":"2018-03-15T10:27:51","modified_gmt":"2018-03-15T13:27:51","slug":"dia-internacional-de-los-trabajadores","status":"publish","type":"post","link":"https:\/\/elbibliote.com\/resources\/articulosdestacados\/?p=275","title":{"rendered":"D\u00eda Internacional de los Trabajadores"},"content":{"rendered":"<p style=\"text-align: justify;\"><span style=\"color: #808080; font-family: 'trebuchet ms', geneva, sans-serif;\"><em>Art\u00edculo sobre el 1\u00ba de Mayo, fecha en que se conmemora el D\u00eda Internacional de los Trabajadores en recuerdo de los \u00abm\u00e1rtires de Chicago\u00bb, los obreros ejecutados en 1886 en esa ciudad por reivindicar sus derechos laborales.<\/em><\/span><\/p>\n<p><span style=\"font-family: 'trebuchet ms', geneva, sans-serif;\">Por\u00a0Educ.ar<\/span><\/p>\n<p style=\"text-align: justify;\"><span style=\"font-family: 'trebuchet ms', geneva, sans-serif;\">El\u00a0<strong>D\u00eda Internacional de los Trabajadores qued\u00f3 instituido el 1\u00ba de mayo de 1889<\/strong>, en Par\u00eds,\u00a0<strong>durante el Congreso de la Asociaci\u00f3n Internacional de Sindicatos Europeos<\/strong>. Esa fecha se estableci\u00f3 como jornada de lucha por la\u00a0<strong>Segunda Internacional<\/strong>\u00a0para perpetuar la memoria de los \u00abm\u00e1rtires de Chicago\u00bb, obreros ca\u00eddos en los hechos mayo de 1886 en los Estados Unidos, cuando en la\u00a0<strong>Haymarket Square de Chicago<\/strong>\u00a0una violenta represi\u00f3n intent\u00f3 detener una de las miles de protestas que llevaban a cabo las organizaciones laborales en todo el pa\u00eds norteamericano.<\/span><\/p>\n<p style=\"text-align: justify;\"><span style=\"font-family: 'trebuchet ms', geneva, sans-serif;\">Esta reivindicaci\u00f3n hab\u00eda sido emprendida por trabajadores estadounidenses e inmediatamente fue adoptada y promovida por la Asociaci\u00f3n Internacional de los Trabajadores, que la convertir\u00eda en demanda com\u00fan de la clase obrera de todo el mundo. El Congreso de Par\u00eds de la Segunda Internacional acord\u00f3 celebrar el D\u00eda de los Trabajadores el 1\u00ba de mayo de cada a\u00f1o, con actos obreros y manifestaciones reivindicativas en todo el mundo.<\/span><\/p>\n<p style=\"text-align: justify;\"><span style=\"font-family: 'trebuchet ms', geneva, sans-serif;\">Desde 1890, los partidos pol\u00edticos y los sindicatos integrados en la Internacional dirigieron, en casi todos los pa\u00edses industrializados, manifestaciones de trabajadores en petici\u00f3n de la jornada de ocho horas y como muestra de la fraternidad del proletariado internacional.<\/span><\/p>\n<p style=\"text-align: justify;\"><span style=\"font-family: 'trebuchet ms', geneva, sans-serif;\">En la actualidad en casi todos los pa\u00edses democr\u00e1ticos es d\u00eda festivo y los sindicatos convocan manifestaciones a la vez que realizan fiestas de hermandad.<\/span><\/p>\n<p style=\"text-align: justify;\"><span style=\"font-family: 'trebuchet ms', geneva, sans-serif;\">Compartimos el cap\u00edtulo\u00a0<strong>\u00abDemocracia y trabajo\u00bb<\/strong>, de la serie\u00a0<strong><em>Archivos de la democracia<\/em><\/strong>, del\u00a0<strong>Canal Encuentro<\/strong>, sobre el movimiento obrero en la Argentina en el per\u00edodo 1983-2013.<\/span><\/p>\n<p style=\"text-align: justify;\"><span style=\"font-family: 'trebuchet ms', geneva, sans-serif;\">Fuente:\u00a0<\/span><span style=\"font-family: 'trebuchet ms', geneva, sans-serif;\"><a href=\"http:\/\/www.educ.ar\/sitios\/educar\/recursos\/ver?id=103680&amp;referente=estudiantes\">http:\/\/www.educ.ar\/sitios\/educar\/recursos\/ver?id=103680&amp;referente=estudiantes<\/a><\/span><\/p>\n<p style=\"text-align: justify;\"><span style=\"font-family: 'trebuchet ms', geneva, sans-serif;\">Licencia: CC BY-NC-SA 4.0<\/span><\/p>\n","protected":false},"excerpt":{"rendered":"<p>Art\u00edculo sobre el 1\u00ba de Mayo, fecha en que se conmemora el D\u00eda Internacional de los Trabajadores en recuerdo de los \u00abm\u00e1rtires de Chicago\u00bb, los obreros ejecutados en 1886 en esa ciudad por reivindicar sus derechos laborales.<\/p>\n","protected":false},"author":9,"featured_media":0,"comment_status":"closed","ping_status":"closed","sticky":false,"template":"","format":"standard","meta":{"footnotes":""},"categories":[15],"tags":[124,121,119,117,118,123,122,120,125,126,116,115],"_links":{"self":[{"href":"https:\/\/elbibliote.com\/resources\/articulosdestacados\/index.php?rest_route=\/wp\/v2\/posts\/275"}],"collection":[{"href":"https:\/\/elbibliote.com\/resources\/articulosdestacados\/index.php?rest_route=\/wp\/v2\/posts"}],"about":[{"href":"https:\/\/elbibliote.com\/resources\/articulosdestacados\/index.php?rest_route=\/wp\/v2\/types\/post"}],"author":[{"embeddable":true,"href":"https:\/\/elbibliote.com\/resources\/articulosdestacados\/index.php?rest_route=\/wp\/v2\/users\/9"}],"replies":[{"embeddable":true,"href":"https:\/\/elbibliote.com\/resources\/articulosdestacados\/index.php?rest_route=%2Fwp%2Fv2%2Fcomments&post=275"}],"version-history":[{"count":8,"href":"https:\/\/elbibliote.com\/resources\/articulosdestacados\/index.php?rest_route=\/wp\/v2\/posts\/275\/revisions"}],"predecessor-version":[{"id":363,"href":"https:\/\/elbibliote.com\/resources\/articulosdestacados\/index.php?rest_route=\/wp\/v2\/posts\/275\/revisions\/363"}],"wp:attachment":[{"href":"https:\/\/elbibliote.com\/resources\/articulosdestacados\/index.php?rest_route=%2Fwp%2Fv2%2Fmedia&parent=275"}],"wp:term":[{"taxonomy":"category","embeddable":true,"href":"https:\/\/elbibliote.com\/resources\/articulosdestacados\/index.php?rest_route=%2Fwp%2Fv2%2Fcategories&post=275"},{"taxonomy":"post_tag","embeddable":true,"href":"https:\/\/elbibliote.com\/resources\/articulosdestacados\/index.php?rest_route=%2Fwp%2Fv2%2Ftags&post=275"}],"curies":[{"name":"wp","href":"https:\/\/api.w.org\/{rel}","templated":true}]}}