{"id":3004,"date":"2018-04-05T09:36:07","date_gmt":"2018-04-05T12:36:07","guid":{"rendered":"http:\/\/elbibliote.com\/resources\/articulosdestacados\/?p=3004"},"modified":"2021-09-08T12:35:12","modified_gmt":"2021-09-08T15:35:12","slug":"el-pueblo-indigena-y-la-explotacion-de-recursos-naturales","status":"publish","type":"post","link":"https:\/\/elbibliote.com\/resources\/articulosdestacados\/?p=3004","title":{"rendered":"El pueblo ind\u00edgena y la explotaci\u00f3n de recursos naturales"},"content":{"rendered":"<p style=\"text-align: justify;\"><span style=\"color: #808080;\"><em>Los recursos naturales de nuestro planeta constituyen la base del sustento, la cultura y la identidad de los pueblos ind\u00edgenas; muchos de ellos viven en \u00e1reas ricas en recursos vivos y no vivos, que incluyen bosques con abundante biodiversidad, agua y minerales. <\/em><\/span><\/p>\n<p style=\"text-align: justify;\">Hoy en d\u00eda, la supervivencia e integridad de estos pueblos requiere el reconocimiento de sus derechos a los recursos encontrados en sus tierras.<\/p>\n<figure id=\"attachment_3005\" aria-describedby=\"caption-attachment-3005\" style=\"width: 550px\" class=\"wp-caption aligncenter\"><img loading=\"lazy\" decoding=\"async\" class=\"wp-image-3005 size-full\" src=\"https:\/\/elbibliote.com\/resources\/articulosdestacados\/wp-content\/uploads\/2018\/04\/iStock-525149039.jpg\" alt=\"\" width=\"550\" height=\"367\" srcset=\"https:\/\/elbibliote.com\/resources\/articulosdestacados\/wp-content\/uploads\/2018\/04\/iStock-525149039.jpg 550w, https:\/\/elbibliote.com\/resources\/articulosdestacados\/wp-content\/uploads\/2018\/04\/iStock-525149039-300x200.jpg 300w\" sizes=\"(max-width: 550px) 100vw, 550px\" \/><figcaption id=\"caption-attachment-3005\" class=\"wp-caption-text\">Los pueblos ind\u00edgenas tienen derechos de propiedad sobre los recursos naturales que est\u00e1n presentes en sus territorios.<\/figcaption><\/figure>\n<h2 style=\"text-align: justify;\"><strong>Demanda mundial de recursos naturales<\/strong><\/h2>\n<p style=\"text-align: justify;\">Por la actual globalizaci\u00f3n econ\u00f3mica, en el \u00faltimo cuarto de siglo se ha generado una b\u00fasqueda a gran escala de combustibles f\u00f3siles y recursos minerales por parte de las empresas mineras, pero estos son cada vez m\u00e1s escasos. Esta b\u00fasqueda ha llevado a la industria extractiva a regiones cada vez m\u00e1s vulnerables y remotas del planeta, donde predominan los grupos ind\u00edgenas.<\/p>\n<p style=\"text-align: justify;\">La creciente demanda mundial de productos b\u00e1sicos que se extraen de los recursos naturales, junto con a\u00f1os de precios hist\u00f3ricamente altos, particularmente a partir del 2000, han generado decenas de proyectos extractivos.<\/p>\n<figure id=\"attachment_3006\" aria-describedby=\"caption-attachment-3006\" style=\"width: 550px\" class=\"wp-caption aligncenter\"><img loading=\"lazy\" decoding=\"async\" class=\"wp-image-3006 size-full\" src=\"https:\/\/elbibliote.com\/resources\/articulosdestacados\/wp-content\/uploads\/2018\/04\/iStock-584218334.jpg\" alt=\"\" width=\"550\" height=\"305\" srcset=\"https:\/\/elbibliote.com\/resources\/articulosdestacados\/wp-content\/uploads\/2018\/04\/iStock-584218334.jpg 550w, https:\/\/elbibliote.com\/resources\/articulosdestacados\/wp-content\/uploads\/2018\/04\/iStock-584218334-300x166.jpg 300w\" sizes=\"(max-width: 550px) 100vw, 550px\" \/><figcaption id=\"caption-attachment-3006\" class=\"wp-caption-text\">Muchos de los proyectos de extracci\u00f3n se construyen cerca o en las tierras de los pueblos ind\u00edgenas.<\/figcaption><\/figure>\n<p style=\"text-align: justify;\">Los proyectos de mega miner\u00eda son muy intensivos, el costo de extracci\u00f3n es enorme y puede tomar muchos a\u00f1os en obtener rendimientos significativos de la inversi\u00f3n.<\/p>\n<div class=\"su-box su-box-style-default sabiasque\" id=\"\" style=\"border-color:#a8a8b7;border-radius:0px;\"><div class=\"su-box-title\" style=\"background-color:#DBDBEA;color:#484848;border-top-left-radius:0px;border-top-right-radius:0px\">\u00bfSab\u00edas qu\u00e9...?<\/div><div class=\"su-box-content su-u-clearfix su-u-trim\" style=\"border-bottom-left-radius:0px;border-bottom-right-radius:0px\">Se estima que el 85 % de las \u00e1reas protegidas designadas en Am\u00e9rica Central est\u00e1n habitadas por pueblos ind\u00edgenas.<\/div><\/div>\n<p style=\"text-align: justify;\">Para los gobiernos, el ingreso del sector extractivo contribuye significativamente al Producto Interno Bruto (PIB) en los pa\u00edses en desarrollo. Los ingresos extractivos pueden utilizarse para financiar programas sociales de educaci\u00f3n y alivio de la pobreza, como sucede en Brasil y Venezuela. Pero lamentablemente, a menudo tambi\u00e9n fomentan la corrupci\u00f3n, el conflicto y en el caso de los pueblos ind\u00edgenas, un lento &#8220;genocidio cultural&#8221;.<\/p>\n<h2 style=\"text-align: justify;\"><strong>Explotaci\u00f3n a nivel mundial<\/strong><\/h2>\n<p style=\"text-align: justify;\">En regiones como Am\u00e9rica Latina, los problemas que enfrentan las comunidades abor\u00edgenes est\u00e1n centrados en la miner\u00eda y la tala; por ejemplo, en Am\u00e9rica del Norte la miner\u00eda de alquitranes, en el \u00c1rtico hubo conflictos sobre parques e\u00f3licos y miner\u00eda de hierro, mientras que en \u00c1frica se destinaron miles de hect\u00e1reas de tierra para corporaciones o gobiernos extranjeros.<\/p>\n<figure id=\"attachment_3008\" aria-describedby=\"caption-attachment-3008\" style=\"width: 550px\" class=\"wp-caption aligncenter\"><img loading=\"lazy\" decoding=\"async\" class=\"wp-image-3008 size-full\" src=\"https:\/\/elbibliote.com\/resources\/articulosdestacados\/wp-content\/uploads\/2018\/04\/iStock-468972434.jpg\" alt=\"\" width=\"550\" height=\"367\" srcset=\"https:\/\/elbibliote.com\/resources\/articulosdestacados\/wp-content\/uploads\/2018\/04\/iStock-468972434.jpg 550w, https:\/\/elbibliote.com\/resources\/articulosdestacados\/wp-content\/uploads\/2018\/04\/iStock-468972434-300x200.jpg 300w\" sizes=\"(max-width: 550px) 100vw, 550px\" \/><figcaption id=\"caption-attachment-3008\" class=\"wp-caption-text\">Todos los gobiernos suelen perseguir un paradigma de desarrollo dominante en el que hoy d\u00eda los pueblos ind\u00edgenas no tienen realmente un lugar y eso es un problema.<\/figcaption><\/figure>\n<h2 style=\"text-align: justify;\"><strong>Gran parte de los pueblos ind\u00edgenas viven en Asia <\/strong><\/h2>\n<p style=\"text-align: justify;\">La Fundaci\u00f3n del Pacto de los Pueblos Ind\u00edgenas de Asia, AIPP por sus siglas en ingl\u00e9s, se\u00f1al\u00f3 que dos tercios de los 370 millones de pueblos ind\u00edgenas autoidentificados en el mundo viven en Asia y esas personas se encuentran actualmente marginadas y subordinadas econ\u00f3mica, pol\u00edtica y culturalmente.<\/p>\n<p style=\"text-align: justify;\">Seg\u00fan el informe emitido, la causa de esta situaci\u00f3n en la regi\u00f3n est\u00e1 relacionada con la militarizaci\u00f3n, el saqueo de recursos, la reubicaci\u00f3n forzada, el genocidio cultural y la discriminaci\u00f3n en la vida cotidiana de los ind\u00edgenas.<\/p>\n<p style=\"text-align: justify;\">Como medida para mitigar esto, la AIPP llam\u00f3 a los gobiernos de Asia a respetar la declaraci\u00f3n de las Naciones Unidas sobre los derechos de los pueblos.<\/p>\n<figure id=\"attachment_3010\" aria-describedby=\"caption-attachment-3010\" style=\"width: 550px\" class=\"wp-caption aligncenter\"><img loading=\"lazy\" decoding=\"async\" class=\"wp-image-3010 size-full\" src=\"https:\/\/elbibliote.com\/resources\/articulosdestacados\/wp-content\/uploads\/2018\/04\/iStock-638881988.jpg\" alt=\"\" width=\"550\" height=\"367\" srcset=\"https:\/\/elbibliote.com\/resources\/articulosdestacados\/wp-content\/uploads\/2018\/04\/iStock-638881988.jpg 550w, https:\/\/elbibliote.com\/resources\/articulosdestacados\/wp-content\/uploads\/2018\/04\/iStock-638881988-300x200.jpg 300w\" sizes=\"(max-width: 550px) 100vw, 550px\" \/><figcaption id=\"caption-attachment-3010\" class=\"wp-caption-text\">Seg\u00fan la AIPP, el gobierno debe tener la obligaci\u00f3n moral de respetar estos acuerdos.<\/figcaption><\/figure>\n<h2 style=\"text-align: justify;\"><strong>Derechos y asuntos legales<\/strong><\/h2>\n<p style=\"text-align: justify;\">Es seguro que los pueblos ind\u00edgenas han sido reconocidos, pero lo que no escapa de la vista del mundo es que el reconocimiento legal no significa que se respeten los derechos, territorios, recursos y culturas de estos pueblos. Gobiernos, corporaciones, madereros, campesinos, ganaderos y muchos otros todav\u00eda codician sus tierras y recursos, adem\u00e1s de que siempre encuentran las maneras de adquirirlos.<\/p>\n<p style=\"text-align: justify;\">La emergencia toma la forma de desalojos de tierras, desplazamientos, violencia estatal y corporativa, y reubicaciones forzadas contra grupos ind\u00edgenas. Tales conflictos en Centroam\u00e9rica son frecuentes y violentos, pero rara vez se cubren en la prensa internacional.<\/p>\n<figure id=\"attachment_3011\" aria-describedby=\"caption-attachment-3011\" style=\"width: 550px\" class=\"wp-caption aligncenter\"><img loading=\"lazy\" decoding=\"async\" class=\"wp-image-3011 size-full\" src=\"https:\/\/elbibliote.com\/resources\/articulosdestacados\/wp-content\/uploads\/2018\/04\/iStock-627252548.jpg\" alt=\"\" width=\"550\" height=\"367\" srcset=\"https:\/\/elbibliote.com\/resources\/articulosdestacados\/wp-content\/uploads\/2018\/04\/iStock-627252548.jpg 550w, https:\/\/elbibliote.com\/resources\/articulosdestacados\/wp-content\/uploads\/2018\/04\/iStock-627252548-300x200.jpg 300w\" sizes=\"(max-width: 550px) 100vw, 550px\" \/><figcaption id=\"caption-attachment-3011\" class=\"wp-caption-text\">Detr\u00e1s de las protestas generalmente hay preocupaciones sobre los recursos naturales o contaminaci\u00f3n por actividades de miner\u00eda, petr\u00f3leo, energ\u00eda y tala.<\/figcaption><\/figure>\n<p style=\"text-align: justify;\">Esta crisis sobre la tierra y los recursos naturales es lo que explica principalmente por qu\u00e9 los asuntos ind\u00edgenas son tambi\u00e9n cuestiones ambientales y de desarrollo.<\/p>\n<p style=\"text-align: justify;\">La jurisprudencia del Sistema Interamericano de Derechos Humanos sobre el derecho de los pueblos ind\u00edgenas a la propiedad comunal, ha incorporado expl\u00edcitamente dentro del \u00e1mbito material de este derecho que los recursos naturales tradicionalmente utilizados por los pueblos ind\u00edgenas y vinculados a sus culturas, incluidos los usos que son estrictamente materiales y otros usos de car\u00e1cter espiritual o cultural, se deben respetar.<\/p>\n<h2 style=\"text-align: justify;\"><strong>Conservaci\u00f3n ambiental <\/strong><\/h2>\n<p style=\"text-align: justify;\">Una cuesti\u00f3n de contenci\u00f3n es la coincidencia y el conflicto entre las estrategias de conservaci\u00f3n y los pueblos ind\u00edgenas. El hecho de que las \u00e1reas habitadas por los pueblos ind\u00edgenas a menudo tambi\u00e9n se consideren cruciales para la conservaci\u00f3n ha sido foco de conflicto y debate.<\/p>\n<figure id=\"attachment_3012\" aria-describedby=\"caption-attachment-3012\" style=\"width: 550px\" class=\"wp-caption aligncenter\"><img loading=\"lazy\" decoding=\"async\" class=\"wp-image-3012 size-full\" src=\"https:\/\/elbibliote.com\/resources\/articulosdestacados\/wp-content\/uploads\/2018\/04\/iStock-642816284.jpg\" alt=\"\" width=\"550\" height=\"333\" srcset=\"https:\/\/elbibliote.com\/resources\/articulosdestacados\/wp-content\/uploads\/2018\/04\/iStock-642816284.jpg 550w, https:\/\/elbibliote.com\/resources\/articulosdestacados\/wp-content\/uploads\/2018\/04\/iStock-642816284-300x182.jpg 300w\" sizes=\"(max-width: 550px) 100vw, 550px\" \/><figcaption id=\"caption-attachment-3012\" class=\"wp-caption-text\">El estilo de vida de subsistencia de los pueblos ind\u00edgenas es menos destructivo para el medio ambiente que las econom\u00edas agroindustrializadas de los pueblos no ind\u00edgenas.<\/figcaption><\/figure>\n<p style=\"text-align: justify;\">A menudo se observa que los pueblos ind\u00edgenas tienen una relaci\u00f3n intuitiva con la naturaleza, una riqueza de conocimientos tradicionales y han utilizado las pr\u00e1cticas de manejo de recursos naturales durante siglos para preservar sus tierras.<\/p>\n<div class=\"su-note destacado\"  style=\"border-color:#c1c1d0;\"><div class=\"su-note-inner su-u-clearfix su-u-trim\" style=\"background-color:#DBDBEA;border-color:#ffffff;color:#333333;\"><strong>Cultura Agr\u00edcola Avanzada<\/strong><\/p>\n<p>Los timotes y los cuicas, ind\u00edgenas que poblaron los Andes venezolanos, emplearon m\u00e9todos avanzados para vencer los obst\u00e1culos de la topograf\u00eda del terreno. Para sus cultivos construyeron terrazas o andenes, t\u00e9cnica ideada por ellos con el fin de evitar la erosi\u00f3n y conservar la capa vegetal.<\/div><\/div>\n<p style=\"text-align: justify;\">El papel de mayordom\u00eda de los pueblos ind\u00edgenas apoya firmemente la posibilidad de colaboraci\u00f3n con organizaciones de conservaci\u00f3n para mantener la biodiversidad. Sin embargo, se ha sugerido que hay diferencias inherentes e irreconciliables en las agendas de los pueblos ind\u00edgenas y los conservacionistas. Mientras que los primeros se preocupan principalmente por su bienestar econ\u00f3mico y la protecci\u00f3n de sus tierras para su propio uso, estos \u00faltimos quieren mantener la naturaleza intacta, en la que se priorizan las \u00e1reas protegidas y programas basados en la ciencia biol\u00f3gica y ecol\u00f3gica.<\/p>\n","protected":false},"excerpt":{"rendered":"<p>Los recursos naturales de nuestro planeta constituyen la base del sustento, la cultura y la identidad de los pueblos ind\u00edgenas; muchos de ellos viven en \u00e1reas ricas en recursos vivos y no vivos, que incluyen bosques con abundante biodiversidad, agua y minerales.<\/p>\n","protected":false},"author":9,"featured_media":0,"comment_status":"closed","ping_status":"closed","sticky":false,"template":"","format":"standard","meta":{"footnotes":""},"categories":[20],"tags":[4344,1353,3834,4353,1358,4327,4350,1354,4354,4343,3885,4352,4351,4356,3883,3839,4346,96,4342,4348,3990,4340,4341,4347,4168,4345,3408,3562,4349,3877,4339,392,25,4355,3878,4357],"_links":{"self":[{"href":"https:\/\/elbibliote.com\/resources\/articulosdestacados\/index.php?rest_route=\/wp\/v2\/posts\/3004"}],"collection":[{"href":"https:\/\/elbibliote.com\/resources\/articulosdestacados\/index.php?rest_route=\/wp\/v2\/posts"}],"about":[{"href":"https:\/\/elbibliote.com\/resources\/articulosdestacados\/index.php?rest_route=\/wp\/v2\/types\/post"}],"author":[{"embeddable":true,"href":"https:\/\/elbibliote.com\/resources\/articulosdestacados\/index.php?rest_route=\/wp\/v2\/users\/9"}],"replies":[{"embeddable":true,"href":"https:\/\/elbibliote.com\/resources\/articulosdestacados\/index.php?rest_route=%2Fwp%2Fv2%2Fcomments&post=3004"}],"version-history":[{"count":5,"href":"https:\/\/elbibliote.com\/resources\/articulosdestacados\/index.php?rest_route=\/wp\/v2\/posts\/3004\/revisions"}],"predecessor-version":[{"id":19398,"href":"https:\/\/elbibliote.com\/resources\/articulosdestacados\/index.php?rest_route=\/wp\/v2\/posts\/3004\/revisions\/19398"}],"wp:attachment":[{"href":"https:\/\/elbibliote.com\/resources\/articulosdestacados\/index.php?rest_route=%2Fwp%2Fv2%2Fmedia&parent=3004"}],"wp:term":[{"taxonomy":"category","embeddable":true,"href":"https:\/\/elbibliote.com\/resources\/articulosdestacados\/index.php?rest_route=%2Fwp%2Fv2%2Fcategories&post=3004"},{"taxonomy":"post_tag","embeddable":true,"href":"https:\/\/elbibliote.com\/resources\/articulosdestacados\/index.php?rest_route=%2Fwp%2Fv2%2Ftags&post=3004"}],"curies":[{"name":"wp","href":"https:\/\/api.w.org\/{rel}","templated":true}]}}