{"id":3329,"date":"2018-04-06T10:07:26","date_gmt":"2018-04-06T13:07:26","guid":{"rendered":"http:\/\/elbibliote.com\/resources\/articulosdestacados\/?p=3329"},"modified":"2018-04-06T10:07:26","modified_gmt":"2018-04-06T13:07:26","slug":"el-heroe-que-murio-capitan","status":"publish","type":"post","link":"https:\/\/elbibliote.com\/resources\/articulosdestacados\/?p=3329","title":{"rendered":"El H\u00e9roe que muri\u00f3 capit\u00e1n"},"content":{"rendered":"<figure id=\"attachment_3330\" aria-describedby=\"caption-attachment-3330\" style=\"width: 550px\" class=\"wp-caption aligncenter\"><img loading=\"lazy\" decoding=\"async\" class=\"wp-image-3330 size-full\" src=\"https:\/\/elbibliote.com\/resources\/articulosdestacados\/wp-content\/uploads\/2018\/04\/iStock-907152482.jpg\" alt=\"\" width=\"550\" height=\"323\" srcset=\"https:\/\/elbibliote.com\/resources\/articulosdestacados\/wp-content\/uploads\/2018\/04\/iStock-907152482.jpg 550w, https:\/\/elbibliote.com\/resources\/articulosdestacados\/wp-content\/uploads\/2018\/04\/iStock-907152482-300x176.jpg 300w\" sizes=\"(max-width: 550px) 100vw, 550px\" \/><figcaption id=\"caption-attachment-3330\" class=\"wp-caption-text\">En estas monta\u00f1as se produce la Batalla de Pichincha.<\/figcaption><\/figure>\n<p><span style=\"color: #808080;\"><em>La Batalla de Pichincha signific\u00f3 m\u00e1s que la independencia de Quito y el inicio de la liberaci\u00f3n de otros territorios del dominio espa\u00f1ol en Suram\u00e9rica, fue tambi\u00e9n un ejemplo de sacrificio y hero\u00edsmo de los quite\u00f1os, guayaquile\u00f1os, colombianos y de los habitantes de otras regiones del continente. Entre los muchos hombres que se destacaron en la contienda gloriosa se destac\u00f3 Abd\u00f3n Calder\u00f3n, que recibi\u00f3 heridas que le causaron la muerte y aun as\u00ed no dejaba de arengar a la tropa.<\/em><\/span><\/p>\n<h2><strong>Nacimiento de un H\u00e9roe<\/strong><\/h2>\n<p>El 30 de julio de 1804 naci\u00f3 en Cuenca Abd\u00f3n Calder\u00f3n Garaycoa, un ni\u00f1o que estar\u00eda llamado a convertirse en H\u00e9roe. Fue bautizado al d\u00eda siguiente de nacer. Sus padres fueron el cubano Francisco Calder\u00f3n, contador de las Cajas Reales y funcionario del gobierno espa\u00f1ol en Cuenca, y la guayaquile\u00f1a Manuela de Jes\u00fas de Garaycoa y Llaguno, perteneciente a una de las m\u00e1s influyentes familias de Guayaquil.<\/p>\n<div class=\"su-box su-box-style-default sabiasque\" id=\"\" style=\"border-color:#a8a8b7;border-radius:0px;\"><div class=\"su-box-title\" style=\"background-color:#DBDBEA;color:#484848;border-top-left-radius:0px;border-top-right-radius:0px\">\u00bfSab\u00edas qu\u00e9...?<\/div><div class=\"su-box-content su-u-clearfix su-u-trim\" style=\"border-bottom-left-radius:0px;border-bottom-right-radius:0px\">Los miembros del batall\u00f3n al que perteneci\u00f3 Abd\u00f3n Calder\u00f3n decidieron no tener, en lo adelante, capit\u00e1n.<\/div><\/div>\n<figure id=\"attachment_3331\" aria-describedby=\"caption-attachment-3331\" style=\"width: 550px\" class=\"wp-caption aligncenter\"><img loading=\"lazy\" decoding=\"async\" class=\"wp-image-3331 size-full\" src=\"https:\/\/elbibliote.com\/resources\/articulosdestacados\/wp-content\/uploads\/2018\/04\/iStock_000080977829_Bandera-de-Guayaquil-Ecuador.-Stock-Foto-e-Imagen-de-Stock-Double.jpg\" alt=\"\" width=\"550\" height=\"336\" srcset=\"https:\/\/elbibliote.com\/resources\/articulosdestacados\/wp-content\/uploads\/2018\/04\/iStock_000080977829_Bandera-de-Guayaquil-Ecuador.-Stock-Foto-e-Imagen-de-Stock-Double.jpg 550w, https:\/\/elbibliote.com\/resources\/articulosdestacados\/wp-content\/uploads\/2018\/04\/iStock_000080977829_Bandera-de-Guayaquil-Ecuador.-Stock-Foto-e-Imagen-de-Stock-Double-300x183.jpg 300w\" sizes=\"(max-width: 550px) 100vw, 550px\" \/><figcaption id=\"caption-attachment-3331\" class=\"wp-caption-text\">Bandera de Guayaquil.<\/figcaption><\/figure>\n<p>A pesar de ser funcionario de la metr\u00f3poli, Francisco Calder\u00f3n apoy\u00f3 el movimiento patri\u00f3tico de 1809. Por esta posici\u00f3n fue hecho prisionero y enviado a Guayaquil, Cuenca y Machala. Cuando se estableci\u00f3 la Junta Superior de Gobierno, en 1810, fue liberado y se incorpor\u00f3 al Ej\u00e9rcito Independentista de Quito, con el grado de coronel. Particip\u00f3 activamente, como parte de los radicales, en la campa\u00f1a de 1811-1812. Fue fusilado, en Ibarra, al ser \u00e9stos derrotados en el Combate de El Panecillo.<\/p>\n<p>Francisco fue un ejemplo a seguir de su hijo Abd\u00f3n, debido a su recta trayectoria y la acci\u00f3n realizada el d\u00eda en que iba a ser ejecutado, que pidi\u00f3, como \u00faltima voluntad, que le quitaran la venda de sus ojos y le entregaran el escapulario al futuro H\u00e9roe de Pichincha.<\/p>\n<h2><strong>Los golpes en la vida de Abd\u00f3n Calder\u00f3n<\/strong><\/h2>\n<p>Tras la muerte del padre, con s\u00f3lo ocho a\u00f1os de edad, Abd\u00f3n tuvo que enfrentar las penurias de la pobreza. Al ser incautados los bienes de su padre, su madre qued\u00f3 en la miseria y muri\u00f3 un a\u00f1o m\u00e1s tarde, en Guayaquil.<\/p>\n<div class=\"su-box su-box-style-default sabiasque\" id=\"\" style=\"border-color:#a8a8b7;border-radius:0px;\"><div class=\"su-box-title\" style=\"background-color:#DBDBEA;color:#484848;border-top-left-radius:0px;border-top-right-radius:0px\">\u00bfSab\u00edas qu\u00e9...?<\/div><div class=\"su-box-content su-u-clearfix su-u-trim\" style=\"border-bottom-left-radius:0px;border-bottom-right-radius:0px\">En las revistas militares, al mencionarse el nombre de Abd\u00f3n Calder\u00f3n, la tropa contestaba: \u201cMuri\u00f3 gloriosamente en el Pichincha, pero vive en nuestros corazones\u201d.<\/div><\/div>\n<h2><strong>Los estudios<\/strong><\/h2>\n<p>Los a\u00f1os de ni\u00f1ez en Guayaquil transcurrieron tranquilos para Abd\u00f3n, que estudi\u00f3 con muy buenos resultados con profesores de la talla de Vicente Rocafuerte, quien fuera su pariente al casarse, en 1842, con su hermana, dos a\u00f1os menor, Baltazara Calder\u00f3n.<\/p>\n<h2><strong>De los estudios a la guerra <\/strong><\/h2>\n<p>El nueve de octubre de 1820, cuando estalla la insurrecci\u00f3n por la independencia en Guayaquil, Abd\u00f3n s\u00f3lo tiene 16 a\u00f1os de edad. Jos\u00e9 Joaqu\u00edn Olmedo, el ilustre escritor y pol\u00edtico, cre\u00f3 un ej\u00e9rcito al que llam\u00f3 Divisi\u00f3n Protectora de Quito, que ten\u00eda como fin luchar por la independencia de las vecinas audiencias. El joven, de inmediato se alista en la tropa. All\u00ed alcanz\u00f3 el grado de subteniente del Batall\u00f3n de Voluntarios de la Patria. El patriota Ignacio Salazar fue su jefe inmediato.<\/p>\n<p>Con la victoria de Camino Real, un mes despu\u00e9s del triunfo de la revuelta en Guayaquil, donde se destac\u00f3 el joven patriota por su valor, fue ascendido a teniente. El coronel Luis Urdaneta lo elogi\u00f3 grandemente. Entre 1820 y 1822 particip\u00f3 en los combates siguientes: la primera derrota de Huachi, la de Tanizagua, la victoria de Cone, la segunda derrota de Huachi, el avance de Guayaquil a Cuenca y de Cuenca a Quito. Es por ello que cuando particip\u00f3 en la Batalla del Pichincha, Abd\u00f3n Calder\u00f3n, a pesar de su juventud, ya era todo un veterano conocedor de la guerra.<\/p>\n<p><strong><div class=\"su-note destacado\"  style=\"border-color:#c1c1d0;\"><div class=\"su-note-inner su-u-clearfix su-u-trim\" style=\"background-color:#DBDBEA;border-color:#ffffff;color:#333333;\">Una victoria y dos temores<\/strong><\/p>\n<p>Con el triunfo de Pichincha Ecuador se liber\u00f3 del dominio espa\u00f1ol, pero Bol\u00edvar tem\u00eda al realismo, que continuaba en el poder del Alto y Bajo Per\u00fa y tratar\u00edan de reconquistar los derechos perdidos en la Gran Colombia.<\/div><\/div>\n<h2><strong>Cronolog\u00eda de los combates<\/strong><\/h2>\n<p>Camino Real<\/p>\n<p>Huachi 1<\/p>\n<p>Tanizagua<\/p>\n<p>Babahoyo<\/p>\n<p>Yaguachi<\/p>\n<p>Huachi 2<\/p>\n<p>Guayaquil \u2013 Cuenca<\/p>\n<p>Pichincha<\/p>\n<figure id=\"attachment_3332\" aria-describedby=\"caption-attachment-3332\" style=\"width: 550px\" class=\"wp-caption aligncenter\"><img loading=\"lazy\" decoding=\"async\" class=\"wp-image-3332 size-full\" src=\"https:\/\/elbibliote.com\/resources\/articulosdestacados\/wp-content\/uploads\/2018\/04\/iStock_000066719829_DoubleCuenca-Ecuador-ciudad-Stock-Foto-e-Imagen-de-Stock-.jpg\" alt=\"\" width=\"550\" height=\"367\" srcset=\"https:\/\/elbibliote.com\/resources\/articulosdestacados\/wp-content\/uploads\/2018\/04\/iStock_000066719829_DoubleCuenca-Ecuador-ciudad-Stock-Foto-e-Imagen-de-Stock-.jpg 550w, https:\/\/elbibliote.com\/resources\/articulosdestacados\/wp-content\/uploads\/2018\/04\/iStock_000066719829_DoubleCuenca-Ecuador-ciudad-Stock-Foto-e-Imagen-de-Stock--300x200.jpg 300w\" sizes=\"(max-width: 550px) 100vw, 550px\" \/><figcaption id=\"caption-attachment-3332\" class=\"wp-caption-text\">Cuenca, una ciudad con mucha historia.<\/figcaption><\/figure>\n<h2><strong>El fin de una vida y el comienzo de la inmortalidad: la Batalla de Pichincha<\/strong><\/h2>\n<p>El 24 de mayo de 1822 se produjo la hist\u00f3rica Batalla de Pichincha. La participaci\u00f3n de Abd\u00f3n Calder\u00f3n en este hecho ha sido objeto de orgullo para los cuencanos y ecuatorianos en general. Este joven de 18 a\u00f1os de edad recibi\u00f3 cuatro heridas de bala ese d\u00eda. Pero a pesar de las heridas decidi\u00f3 permanecer en la primera l\u00ednea de combate, arengando a la tropa de su batall\u00f3n y portando la bandera azul de Guayaquil.<\/p>\n<p><strong><div class=\"su-note destacado\"  style=\"border-color:#c1c1d0;\"><div class=\"su-note-inner su-u-clearfix su-u-trim\" style=\"background-color:#DBDBEA;border-color:#ffffff;color:#333333;\">La revancha de Abd\u00f3n por la muerte de su padre<\/strong><\/p>\n<p>Abd\u00f3n Calder\u00f3n hered\u00f3 de su padre el sacrificio, la valent\u00eda, el desprendimiento y el patriotismo y a su muerte jur\u00f3 vengar la afrenta infame ocasionada por los realistas en San Antonio de Ibarra.<\/div><\/div>\n<p>A la primera herida la recibi\u00f3 en el brazo derecho, tom\u00f3 la espada con la mano izquierda y continu\u00f3 combatiendo; recibi\u00f3 otro balazo en el brazo izquierdo que le interesa un tend\u00f3n y le rompe el antebrazo, por lo que tiene que soltar la espada que fue colocada en su vaina por un sargento; continu\u00f3 al mando de la Compa\u00f1\u00eda cuando recibi\u00f3 un tercer balazo, esta vez en el muslo izquierdo, que le fractur\u00f3 el hueso. En ese estado, arremeti\u00f3 contra el enemigo, recibiendo un cuarto balazo en el muslo derecho que le astill\u00f3 el hueso. Cay\u00f3 desfallecido al suelo, inm\u00f3vil. Sus compa\u00f1eros lo trasladaron al campamento, donde lo tendieron en el suelo. Un soldado le calm\u00f3 la sed y lo asisti\u00f3. Al d\u00eda siguiente lo trasladaron a Quito y lo asistieron en el Hospital San Juan de Dios, donde falleci\u00f3 finalmente.<\/p>\n<figure id=\"attachment_3338\" aria-describedby=\"caption-attachment-3338\" style=\"width: 700px\" class=\"wp-caption aligncenter\"><img loading=\"lazy\" decoding=\"async\" class=\"size-full wp-image-3338\" src=\"https:\/\/elbibliote.com\/resources\/articulosdestacados\/wp-content\/uploads\/2018\/04\/iStock-508818380.jpg\" alt=\"\" width=\"700\" height=\"469\" srcset=\"https:\/\/elbibliote.com\/resources\/articulosdestacados\/wp-content\/uploads\/2018\/04\/iStock-508818380.jpg 700w, https:\/\/elbibliote.com\/resources\/articulosdestacados\/wp-content\/uploads\/2018\/04\/iStock-508818380-300x201.jpg 300w\" sizes=\"(max-width: 700px) 100vw, 700px\" \/><figcaption id=\"caption-attachment-3338\" class=\"wp-caption-text\">En el Hospital San Juan de Dios de Quito muri\u00f3 Abd\u00f3n Calder\u00f3n.<\/figcaption><\/figure>\n<p>Algunos historiadores han afirmado que muri\u00f3 en el combate, pero lo cierto es que fue trasladado herido a Quito, donde muri\u00f3 catorce d\u00edas despu\u00e9s, el 7 de junio de 1822. Seg\u00fan los m\u00e9dicos, la causa de la muerte de Calder\u00f3n fue, adem\u00e1s de las complicaciones de lacepticemia en sus heridas, la deshidrataci\u00f3n por disenter\u00eda, al ingerir comida da\u00f1ada y no querer retirarse del combate para recuperarse.<\/p>\n<h2><strong>Honores post mortem <\/strong><\/h2>\n<p>Antes de morir, en su Informe de los Resultados de la Batalla, del 28 de mayo, el mariscal Antonio Jos\u00e9 de Sucre escribi\u00f3: &#8220;&#8230;hago una particular memoria de la conducta del teniente Calder\u00f3n, que habiendo recibido sucesivamente cuatro heridas, no quiso retirarse del combate. Probablemente morir\u00e1, pero el Gobierno de la Rep\u00fablica sabr\u00e1 compensar a la familia los servicios de este oficial heroico&#8221;.<\/p>\n<p>Cuando Sim\u00f3n Bol\u00edvar lleg\u00f3 a Quito, unos d\u00edas despu\u00e9s de la victoria, y conoci\u00f3 los hechos ocurridos, ascendi\u00f3 p\u00f3stumamente a Abd\u00f3n Calder\u00f3n al grado de Capit\u00e1n.<\/p>\n<p>&nbsp;<\/p>\n<p>&nbsp;<\/p>\n","protected":false},"excerpt":{"rendered":"<p>La Batalla de Pichincha signific\u00f3 m\u00e1s que la independencia de Quito y el inicio de la liberaci\u00f3n de otros territorios del dominio espa\u00f1ol en Suram\u00e9rica, fue tambi\u00e9n un ejemplo de sacrificio y hero\u00edsmo de los quite\u00f1os, guayaquile\u00f1os, colombianos y de los habitantes de otras regiones del continente. Entre los muchos hombres que se destacaron en la contienda gloriosa se destac\u00f3 Abd\u00f3n Calder\u00f3n, que recibi\u00f3 heridas que le causaron la muerte y aun as\u00ed no dejaba de arengar a la tropa.<\/p>\n","protected":false},"author":8,"featured_media":0,"comment_status":"closed","ping_status":"closed","sticky":false,"template":"","format":"standard","meta":{"footnotes":""},"categories":[6],"tags":[4721,4720,4727,3439,4725,127,4724,4722,3441,3282,3275,4728,4726,4499,4723,3956,3274,3435,134],"_links":{"self":[{"href":"https:\/\/elbibliote.com\/resources\/articulosdestacados\/index.php?rest_route=\/wp\/v2\/posts\/3329"}],"collection":[{"href":"https:\/\/elbibliote.com\/resources\/articulosdestacados\/index.php?rest_route=\/wp\/v2\/posts"}],"about":[{"href":"https:\/\/elbibliote.com\/resources\/articulosdestacados\/index.php?rest_route=\/wp\/v2\/types\/post"}],"author":[{"embeddable":true,"href":"https:\/\/elbibliote.com\/resources\/articulosdestacados\/index.php?rest_route=\/wp\/v2\/users\/8"}],"replies":[{"embeddable":true,"href":"https:\/\/elbibliote.com\/resources\/articulosdestacados\/index.php?rest_route=%2Fwp%2Fv2%2Fcomments&post=3329"}],"version-history":[{"count":5,"href":"https:\/\/elbibliote.com\/resources\/articulosdestacados\/index.php?rest_route=\/wp\/v2\/posts\/3329\/revisions"}],"predecessor-version":[{"id":3429,"href":"https:\/\/elbibliote.com\/resources\/articulosdestacados\/index.php?rest_route=\/wp\/v2\/posts\/3329\/revisions\/3429"}],"wp:attachment":[{"href":"https:\/\/elbibliote.com\/resources\/articulosdestacados\/index.php?rest_route=%2Fwp%2Fv2%2Fmedia&parent=3329"}],"wp:term":[{"taxonomy":"category","embeddable":true,"href":"https:\/\/elbibliote.com\/resources\/articulosdestacados\/index.php?rest_route=%2Fwp%2Fv2%2Fcategories&post=3329"},{"taxonomy":"post_tag","embeddable":true,"href":"https:\/\/elbibliote.com\/resources\/articulosdestacados\/index.php?rest_route=%2Fwp%2Fv2%2Ftags&post=3329"}],"curies":[{"name":"wp","href":"https:\/\/api.w.org\/{rel}","templated":true}]}}