{"id":3346,"date":"2018-04-06T10:40:15","date_gmt":"2018-04-06T13:40:15","guid":{"rendered":"http:\/\/elbibliote.com\/resources\/articulosdestacados\/?p=3346"},"modified":"2022-01-13T14:57:23","modified_gmt":"2022-01-13T17:57:23","slug":"distribucion-de-poderes-en-argentina","status":"publish","type":"post","link":"https:\/\/elbibliote.com\/resources\/articulosdestacados\/?p=3346","title":{"rendered":"Distribuci\u00f3n de poderes en Argentina"},"content":{"rendered":"<p style=\"text-align: justify;\"><span style=\"color: #808080;\"><em>Constitucionalmente la Rep\u00fablica Argentina adopta la forma de un gobierno de democracia representativa, republicana y federal. Dentro de este marco pol\u00edtico, el gobierno nacional se encuentra normado por tres poderes principales: el legislativo, el ejecutivo y el judicial.<\/em><\/span><\/p>\n<h2 style=\"text-align: justify;\"><strong>Marco constitucional<\/strong><\/h2>\n<p style=\"text-align: justify;\">Todas las actividades legislativas, ejecutivas y judiciales de la Rep\u00fablica Argentina se encuentran especificadas dentro de la Constituci\u00f3n al igual que la distribuci\u00f3n poderes que se describe a partir la <em>Segunda parte<\/em> de la misma referida a las \u201c<em>Autoridades de la Naci\u00f3n<\/em>\u201d. De esta forma se establece que:<\/p>\n<ul style=\"text-align: justify;\">\n<li>El Congreso ser\u00e1 investido del poder legislativo de la naci\u00f3n, est\u00e1 compuesto de dos C\u00e1maras, una de diputados y otra de Senadores de las provincias y de la ciudad de Buenos Aires (Art. 44).<\/li>\n<li>El poder ejecutivo de la naci\u00f3n es desempe\u00f1ado por un ciudadano con el t\u00edtulo de &#8220;<em>Presidente de la Naci\u00f3n Argentina<\/em>&#8221; (Art. 87).<\/li>\n<li>El poder judicial de la naci\u00f3n es ejercido por la Corte Suprema de Justicia, y por los dem\u00e1s tribunales inferiores que el Congreso estableciere en el territorio de la naci\u00f3n (Art. 108).<\/li>\n<\/ul>\n<h2 style=\"text-align: justify;\"><strong>Poder legislativo nacional<\/strong><\/h2>\n<p style=\"text-align: justify;\">Es bicameral debido a que se encuentra formado por la C\u00e1mara de Diputados y el Senado. La primera incluye a los representantes directos de la poblaci\u00f3n que se eligen para un per\u00edodo de cuatro a\u00f1os y se renueva la mitad de sus miembros cada dos a\u00f1os. En total, 257 miembros conforman a la C\u00e1mara de diputados.<\/p>\n<figure id=\"attachment_3347\" aria-describedby=\"caption-attachment-3347\" style=\"width: 550px\" class=\"wp-caption aligncenter\"><img loading=\"lazy\" decoding=\"async\" class=\"wp-image-3347 size-full\" src=\"https:\/\/elbibliote.com\/resources\/articulosdestacados\/wp-content\/uploads\/2018\/04\/iStock-600101660.jpg\" alt=\"\" width=\"550\" height=\"367\" srcset=\"https:\/\/elbibliote.com\/resources\/articulosdestacados\/wp-content\/uploads\/2018\/04\/iStock-600101660.jpg 550w, https:\/\/elbibliote.com\/resources\/articulosdestacados\/wp-content\/uploads\/2018\/04\/iStock-600101660-300x200.jpg 300w\" sizes=\"(max-width: 550px) 100vw, 550px\" \/><figcaption id=\"caption-attachment-3347\" class=\"wp-caption-text\">Los diputados pueden ser reelegidos indefinidamente.<\/figcaption><\/figure>\n<p style=\"text-align: justify;\"><div class=\"su-note destacado\"  style=\"border-color:#c1c1d0;\"><div class=\"su-note-inner su-u-clearfix su-u-trim\" style=\"background-color:#DBDBEA;border-color:#ffffff;color:#333333;\"><strong>N\u00famero de habitantes vs. n\u00famero de diputados<\/strong><\/p>\n<p style=\"text-align: justify;\">La cantidad de diputados por provincia se encuentra determinada por el n\u00famero de habitantes. En el Art\u00edculo 45 de la Constituci\u00f3n se establece que por cada treinta y tres mil habitantes o fracci\u00f3n que no baja de diecis\u00e9is mil quinientos, se establecer\u00e1 un diputado. De manera que de acuerdo al \u00faltimo censo que se haya realizado en el pa\u00eds, el Congreso podr\u00e1 realizar arreglos en la configuraci\u00f3n del n\u00famero de diputados que podr\u00e1 aumentar pero nunca disminuir de su n\u00famero anterior.<\/div><\/div>\n<figure id=\"attachment_3349\" aria-describedby=\"caption-attachment-3349\" style=\"width: 550px\" class=\"wp-caption aligncenter\"><img loading=\"lazy\" decoding=\"async\" class=\"wp-image-3349 size-full\" src=\"https:\/\/elbibliote.com\/resources\/articulosdestacados\/wp-content\/uploads\/2018\/04\/iStock-616005988.jpg\" alt=\"\" width=\"550\" height=\"367\" srcset=\"https:\/\/elbibliote.com\/resources\/articulosdestacados\/wp-content\/uploads\/2018\/04\/iStock-616005988.jpg 550w, https:\/\/elbibliote.com\/resources\/articulosdestacados\/wp-content\/uploads\/2018\/04\/iStock-616005988-300x200.jpg 300w\" sizes=\"(max-width: 550px) 100vw, 550px\" \/><figcaption id=\"caption-attachment-3349\" class=\"wp-caption-text\">El pueblo elige a sus diputados a trav\u00e9s de elecciones directas.<\/figcaption><\/figure>\n<p style=\"text-align: justify;\">Por otro lado, el Senado est\u00e1 conformado por los senadores de las Provincias y de la Ciudad de Buenos Aires. La Constituci\u00f3n establece que \u00e9sta C\u00e1mara estar\u00e1 compuesta por tres senadores por cada provincia y tres senadores por la Ciudad de Buenos Aires, de los cuales corresponder\u00e1 dos bancadas al partido pol\u00edtico que obtenga mayor\u00eda de votos y la bancada restante al partido que le siga en n\u00famero de votos. El periodo de mando de los senadores es de seis a\u00f1os y pueden reelegirse indefinidamente. Sin embargo, el Senado renueva la tercera parte de los distritos electorales cada dos a\u00f1os.<\/p>\n<figure id=\"attachment_3350\" aria-describedby=\"caption-attachment-3350\" style=\"width: 550px\" class=\"wp-caption aligncenter\"><img loading=\"lazy\" decoding=\"async\" class=\"wp-image-3350 size-full\" src=\"https:\/\/elbibliote.com\/resources\/articulosdestacados\/wp-content\/uploads\/2018\/04\/iStock-667834926.jpg\" alt=\"\" width=\"550\" height=\"373\" srcset=\"https:\/\/elbibliote.com\/resources\/articulosdestacados\/wp-content\/uploads\/2018\/04\/iStock-667834926.jpg 550w, https:\/\/elbibliote.com\/resources\/articulosdestacados\/wp-content\/uploads\/2018\/04\/iStock-667834926-300x203.jpg 300w\" sizes=\"(max-width: 550px) 100vw, 550px\" \/><figcaption id=\"caption-attachment-3350\" class=\"wp-caption-text\">El cargo de presidente del Senado lo desempe\u00f1a el vicepresidente de la naci\u00f3n aunque s\u00f3lo podr\u00e1 votar en caso de empate.<\/figcaption><\/figure>\n<h2 style=\"text-align: justify;\"><strong>Poder ejecutivo nacional<\/strong><\/h2>\n<p style=\"text-align: justify;\">Lo desempe\u00f1a el Presidente de Argentina, el cual es elegido de manera conjunta con el vicepresidente. En caso de muerte, destituci\u00f3n, renuncia u otra raz\u00f3n que imposibilite la continuidad del presidente en su cargo, sus funciones ser\u00e1n desempe\u00f1adas por el vicepresidente.<\/p>\n<p style=\"text-align: justify;\">El per\u00edodo de ejercicio del presidente y vicepresidente es de cuatro a\u00f1os con opci\u00f3n a reelecci\u00f3n o sucesi\u00f3n \u00fanicamente por un per\u00edodo consecutivo. En caso de haberse reelegido o sucedido rec\u00edprocamente, no podr\u00e1n ser elegidos para ninguno de ambos cargos hasta despu\u00e9s del intervalo de un per\u00edodo.<\/p>\n<figure id=\"attachment_3351\" aria-describedby=\"caption-attachment-3351\" style=\"width: 550px\" class=\"wp-caption aligncenter\"><img loading=\"lazy\" decoding=\"async\" class=\"wp-image-3351 size-full\" src=\"https:\/\/elbibliote.com\/resources\/articulosdestacados\/wp-content\/uploads\/2018\/04\/iStock-592658526.jpg\" alt=\"\" width=\"550\" height=\"275\" srcset=\"https:\/\/elbibliote.com\/resources\/articulosdestacados\/wp-content\/uploads\/2018\/04\/iStock-592658526.jpg 550w, https:\/\/elbibliote.com\/resources\/articulosdestacados\/wp-content\/uploads\/2018\/04\/iStock-592658526-300x150.jpg 300w\" sizes=\"(max-width: 550px) 100vw, 550px\" \/><figcaption id=\"caption-attachment-3351\" class=\"wp-caption-text\">La Constituci\u00f3n establece que tanto el presidente como vicepresidente de la naci\u00f3n se eligen de forma directa por el pueblo en una doble vuelta.<\/figcaption><\/figure>\n<h2 style=\"text-align: justify;\"><strong>Funciones del presidente<\/strong><\/h2>\n<p style=\"text-align: justify;\">De acuerdo al Art\u00edculo 99 de la Constituci\u00f3n, algunas de las funciones del presidente de la naci\u00f3n son:<\/p>\n<ul style=\"text-align: justify;\">\n<li>Jefe supremo de la naci\u00f3n, jefe del gobierno y responsable de la administraci\u00f3n nacional.<\/li>\n<li>Expedici\u00f3n de instrucciones y reglamentos para la ejecuci\u00f3n de las leyes de la naci\u00f3n.<\/li>\n<li>Participaci\u00f3n en la formaci\u00f3n de leyes con arreglo a la Constituci\u00f3n.<\/li>\n<li>Nombramiento de magistrados de la Corte Suprema con acuerdo del Senado por dos tercios de sus miembros.<\/li>\n<li>Nombramiento y remoci\u00f3n de embajadores, ministros de su despacho, agentes consulares, etc.<\/li>\n<li>Se desempe\u00f1a como comandante en jefe de las Fuerzas Armadas.<\/li>\n<\/ul>\n<figure id=\"attachment_3352\" aria-describedby=\"caption-attachment-3352\" style=\"width: 550px\" class=\"wp-caption aligncenter\"><img loading=\"lazy\" decoding=\"async\" class=\"wp-image-3352 size-full\" src=\"https:\/\/elbibliote.com\/resources\/articulosdestacados\/wp-content\/uploads\/2018\/04\/iStock-637006064.jpg\" alt=\"\" width=\"550\" height=\"367\" srcset=\"https:\/\/elbibliote.com\/resources\/articulosdestacados\/wp-content\/uploads\/2018\/04\/iStock-637006064.jpg 550w, https:\/\/elbibliote.com\/resources\/articulosdestacados\/wp-content\/uploads\/2018\/04\/iStock-637006064-300x200.jpg 300w\" sizes=\"(max-width: 550px) 100vw, 550px\" \/><figcaption id=\"caption-attachment-3352\" class=\"wp-caption-text\">La Casa Rosada es la sede del poder ejecutivo.<\/figcaption><\/figure>\n<h2 style=\"text-align: justify;\"><strong>Poder judicial nacional<\/strong><\/h2>\n<p style=\"text-align: justify;\">El poder judicial se encarga de administrar la justicia en el pa\u00eds y est\u00e1 encabezado por una Corte Suprema de Justicia y por el resto de los tribunales inferiores que el Congreso estableciere en el territorio de la naci\u00f3n.<\/p>\n<p style=\"text-align: justify;\">La Corte Suprema de Justicia est\u00e1 formada por jueces nombrados por el presidente con el acuerdo del Senado, que requiere para ello una mayor\u00eda de dos tercios de los votos.<\/p>\n<p style=\"text-align: justify;\">Los jueces de la Corte Suprema y de los tribunales inferiores de la naci\u00f3n permanecer\u00e1n en sus puestos mientras dure su buena conducta. Como requisito para ser miembro de la Corte Suprema de Justicia se debe ser abogado de la naci\u00f3n con m\u00ednimo 8 a\u00f1os de ejercicio y tener las cualidades requeridas enmarcadas en la ley.<\/p>\n<figure id=\"attachment_3353\" aria-describedby=\"caption-attachment-3353\" style=\"width: 550px\" class=\"wp-caption aligncenter\"><img loading=\"lazy\" decoding=\"async\" class=\"wp-image-3353 size-full\" src=\"https:\/\/elbibliote.com\/resources\/articulosdestacados\/wp-content\/uploads\/2018\/04\/iStock-826778608.jpg\" alt=\"\" width=\"550\" height=\"367\" srcset=\"https:\/\/elbibliote.com\/resources\/articulosdestacados\/wp-content\/uploads\/2018\/04\/iStock-826778608.jpg 550w, https:\/\/elbibliote.com\/resources\/articulosdestacados\/wp-content\/uploads\/2018\/04\/iStock-826778608-300x200.jpg 300w\" sizes=\"(max-width: 550px) 100vw, 550px\" \/><figcaption id=\"caption-attachment-3353\" class=\"wp-caption-text\">El Palacio de Justicia de la naci\u00f3n, es la sede donde realiza las sesiones la Corte Suprema de Justicia de la Rep\u00fablica Argentina.<\/figcaption><\/figure>\n","protected":false},"excerpt":{"rendered":"<p>Constitucionalmente la Rep\u00fablica Argentina adopta la forma de un gobierno de democracia representativa, republicana y federal. Dentro de este marco pol\u00edtico, el gobierno nacional se encuentra normado por tres poderes principales: el legislativo, el ejecutivo y el judicial.<\/p>\n","protected":false},"author":9,"featured_media":0,"comment_status":"closed","ping_status":"closed","sticky":false,"template":"","format":"standard","meta":{"footnotes":""},"categories":[9],"tags":[374,4754,4756,4759,4757,2762,3320,3040,4750,4761,4749,4752,4755,4763,2797,4753,4751,3991,4762,4758,4760],"_links":{"self":[{"href":"https:\/\/elbibliote.com\/resources\/articulosdestacados\/index.php?rest_route=\/wp\/v2\/posts\/3346"}],"collection":[{"href":"https:\/\/elbibliote.com\/resources\/articulosdestacados\/index.php?rest_route=\/wp\/v2\/posts"}],"about":[{"href":"https:\/\/elbibliote.com\/resources\/articulosdestacados\/index.php?rest_route=\/wp\/v2\/types\/post"}],"author":[{"embeddable":true,"href":"https:\/\/elbibliote.com\/resources\/articulosdestacados\/index.php?rest_route=\/wp\/v2\/users\/9"}],"replies":[{"embeddable":true,"href":"https:\/\/elbibliote.com\/resources\/articulosdestacados\/index.php?rest_route=%2Fwp%2Fv2%2Fcomments&post=3346"}],"version-history":[{"count":4,"href":"https:\/\/elbibliote.com\/resources\/articulosdestacados\/index.php?rest_route=\/wp\/v2\/posts\/3346\/revisions"}],"predecessor-version":[{"id":19591,"href":"https:\/\/elbibliote.com\/resources\/articulosdestacados\/index.php?rest_route=\/wp\/v2\/posts\/3346\/revisions\/19591"}],"wp:attachment":[{"href":"https:\/\/elbibliote.com\/resources\/articulosdestacados\/index.php?rest_route=%2Fwp%2Fv2%2Fmedia&parent=3346"}],"wp:term":[{"taxonomy":"category","embeddable":true,"href":"https:\/\/elbibliote.com\/resources\/articulosdestacados\/index.php?rest_route=%2Fwp%2Fv2%2Fcategories&post=3346"},{"taxonomy":"post_tag","embeddable":true,"href":"https:\/\/elbibliote.com\/resources\/articulosdestacados\/index.php?rest_route=%2Fwp%2Fv2%2Ftags&post=3346"}],"curies":[{"name":"wp","href":"https:\/\/api.w.org\/{rel}","templated":true}]}}