{"id":3449,"date":"2018-04-06T15:53:52","date_gmt":"2018-04-06T18:53:52","guid":{"rendered":"http:\/\/elbibliote.com\/resources\/articulosdestacados\/?p=3449"},"modified":"2018-04-09T12:03:46","modified_gmt":"2018-04-09T15:03:46","slug":"migraciones-de-los-pueblos-originarios-por-america-latina","status":"publish","type":"post","link":"https:\/\/elbibliote.com\/resources\/articulosdestacados\/?p=3449","title":{"rendered":"Migraciones de los pueblos originarios por Am\u00e9rica latina"},"content":{"rendered":"<p style=\"text-align: justify;\"><span style=\"color: #808080;\"><em>Hoy en d\u00eda, la migraci\u00f3n interna e internacional de los pueblos ind\u00edgenas es un tema inevitable para cualquier grupo acad\u00e9mico, gubernamental o de defensa.<\/em><\/span><\/p>\n<p style=\"text-align: justify;\">Entre los grupos de migrantes ind\u00edgenas m\u00e1s famosos est\u00e1n los mayas de Guatemala que huyeron de su pa\u00eds durante la guerra civil en Am\u00e9rica Central y se han establecido desde entonces en Am\u00e9rica del Norte, y\u00a0los Otavalos del Ecuador, que emigraron a Colombia, Chile, Argentina y Brasil para buscar mejores oportunidades econ\u00f3micas.<\/p>\n<figure id=\"attachment_3450\" aria-describedby=\"caption-attachment-3450\" style=\"width: 550px\" class=\"wp-caption aligncenter\"><img loading=\"lazy\" decoding=\"async\" class=\"wp-image-3450 size-full\" src=\"https:\/\/elbibliote.com\/resources\/articulosdestacados\/wp-content\/uploads\/2018\/04\/iStock-517581785.jpg\" alt=\"\" width=\"550\" height=\"330\" srcset=\"https:\/\/elbibliote.com\/resources\/articulosdestacados\/wp-content\/uploads\/2018\/04\/iStock-517581785.jpg 550w, https:\/\/elbibliote.com\/resources\/articulosdestacados\/wp-content\/uploads\/2018\/04\/iStock-517581785-300x180.jpg 300w\" sizes=\"(max-width: 550px) 100vw, 550px\" \/><figcaption id=\"caption-attachment-3450\" class=\"wp-caption-text\">En la mayor\u00eda de los casos, las comunidades ind\u00edgenas se contaban dentro de la migraci\u00f3n interna y los gobiernos municipales no reconoc\u00edan sus diferencias culturales.<\/figcaption><\/figure>\n<h2 style=\"text-align: justify;\"><strong>Definici\u00f3n de pueblos ind\u00edgenas<\/strong><\/h2>\n<p style=\"text-align: justify;\">Las comunidades, pueblos y naciones ind\u00edgenas son aquellas que, aunque tienen una continuidad hist\u00f3rica con sociedades pre-invasoras y pre-coloniales que se desarrollaron en sus territorios, se consideran distintas de otros sectores de las sociedades que prevalecen en esos territorios. Forman en la actualidad sectores no dominantes de la sociedad y est\u00e1n decididos a preservar, desarrollar y transmitir a las generaciones futuras sus territorios ancestrales y su identidad \u00e9tnica, como base de su prolongaci\u00f3n como pueblos, de acuerdo con sus propios patrones culturales, instituciones sociales y sistemas legales.<\/p>\n<div class=\"su-box su-box-style-default sabiasque\" id=\"\" style=\"border-color:#a8a8b7;border-radius:0px;\"><div class=\"su-box-title\" style=\"background-color:#DBDBEA;color:#484848;border-top-left-radius:0px;border-top-right-radius:0px\">\u00bfSab\u00edas qu\u00e9...?<\/div><div class=\"su-box-content su-u-clearfix su-u-trim\" style=\"border-bottom-left-radius:0px;border-bottom-right-radius:0px\">En el 2009 el Foro Permanente para los Asuntos Ind\u00edgenas de las Naciones Unidas inform\u00f3 que hab\u00eda m\u00e1s de 370 millones de ind\u00edgenas en unos 90 pa\u00edses de todo el mundo.<\/div><\/div>\n<h2 style=\"text-align: justify;\"><strong>Caracter\u00edsticas de los migrantes ind\u00edgenas<\/strong><\/h2>\n<p style=\"text-align: justify;\">Es dif\u00edcil hacer generalizaciones sobre los migrantes ind\u00edgenas, ya que provienen de tantos lugares y tienen diferentes niveles de reconocimiento en sus pa\u00edses de origen.\u00a0Mientras que la mayor\u00eda son hombres, un n\u00famero creciente de mujeres ha comenzado a emigrar por su cuenta para unirse a sus maridos, hermanos y padres.<\/p>\n<figure id=\"attachment_3451\" aria-describedby=\"caption-attachment-3451\" style=\"width: 550px\" class=\"wp-caption aligncenter\"><img loading=\"lazy\" decoding=\"async\" class=\"wp-image-3451 size-full\" src=\"https:\/\/elbibliote.com\/resources\/articulosdestacados\/wp-content\/uploads\/2018\/04\/iStock-89915542.jpg\" alt=\"\" width=\"550\" height=\"367\" srcset=\"https:\/\/elbibliote.com\/resources\/articulosdestacados\/wp-content\/uploads\/2018\/04\/iStock-89915542.jpg 550w, https:\/\/elbibliote.com\/resources\/articulosdestacados\/wp-content\/uploads\/2018\/04\/iStock-89915542-300x200.jpg 300w\" sizes=\"(max-width: 550px) 100vw, 550px\" \/><figcaption id=\"caption-attachment-3451\" class=\"wp-caption-text\">Los niveles de educaci\u00f3n difieren seg\u00fan la generaci\u00f3n.<\/figcaption><\/figure>\n<p style=\"text-align: justify;\">Cada vez son m\u00e1s los grupos ind\u00edgenas migran para buscar mejores oportunidades econ\u00f3micas, aunque la persecuci\u00f3n sigue para muchos.\u00a0Un nuevo factor que afecta el movimiento de los grupos ind\u00edgenas fuera de sus tierras tradicionales es la degradaci\u00f3n ambiental, que por una parte ha estado relacionado con el cambio clim\u00e1tico.<\/p>\n<h2 style=\"text-align: justify;\"><strong>Migraci\u00f3n interna<\/strong><\/h2>\n<p style=\"text-align: justify;\">La migraci\u00f3n de las zonas rurales a las zonas urbanas, que a menudo conduce a la migraci\u00f3n internacional, es una caracter\u00edstica com\u00fan de los migrantes ind\u00edgenas.\u00a0Estos movimientos normalmente siguen dos caminos: desplazamiento de sus tierras y migraci\u00f3n econ\u00f3mica a regiones m\u00e1s desarrolladas dentro del pa\u00eds de origen.<\/p>\n<p style=\"text-align: justify;\">En las Am\u00e9ricas, la migraci\u00f3n ind\u00edgena hacia las ciudades se inici\u00f3 en la d\u00e9cada de 1950, ya que en su mayor\u00eda los hombres abandonaron el hogar en busca de trabajo.\u00a0A finales de la d\u00e9cada de 1990, las mujeres ind\u00edgenas de Am\u00e9rica y Asia hab\u00edan comenzado a unirse al flujo, a menudo eran empleadas dom\u00e9sticas.<\/p>\n<figure id=\"attachment_3452\" aria-describedby=\"caption-attachment-3452\" style=\"width: 550px\" class=\"wp-caption aligncenter\"><img loading=\"lazy\" decoding=\"async\" class=\"wp-image-3452 size-full\" src=\"https:\/\/elbibliote.com\/resources\/articulosdestacados\/wp-content\/uploads\/2018\/04\/iStock-502761778.jpg\" alt=\"\" width=\"550\" height=\"393\" srcset=\"https:\/\/elbibliote.com\/resources\/articulosdestacados\/wp-content\/uploads\/2018\/04\/iStock-502761778.jpg 550w, https:\/\/elbibliote.com\/resources\/articulosdestacados\/wp-content\/uploads\/2018\/04\/iStock-502761778-300x214.jpg 300w\" sizes=\"(max-width: 550px) 100vw, 550px\" \/><figcaption id=\"caption-attachment-3452\" class=\"wp-caption-text\">Otra forma de migraci\u00f3n interna, que tambi\u00e9n a veces conduce a la migraci\u00f3n internacional, es el tr\u00e1fico de mujeres y ni\u00f1os ind\u00edgenas.<\/figcaption><\/figure>\n<h2 style=\"text-align: justify;\"><strong>Migraci\u00f3n Internacional<\/strong><\/h2>\n<p style=\"text-align: justify;\">Una vez que los pueblos ind\u00edgenas se han mudado dentro de su pa\u00eds de origen, muchos comienzan a emigrar al extranjero.\u00a0Sus caminos incluyen participar en programas de trabajadores temporales, ingresar ilegalmente a un pa\u00eds u obtener el estatuto de refugiado.<\/p>\n<p style=\"text-align: justify;\">En Am\u00e9rica Latina, Otavalos y Quechuas de Ecuador y Per\u00fa han emigrado en la regi\u00f3n andina, entre Per\u00fa, Bolivia y Ecuador, para buscar mejores oportunidades econ\u00f3micas.\u00a0Tambi\u00e9n se han establecido en Italia y Espa\u00f1a, donde llegan como turistas pero trabajan sin documentos desde principios de los a\u00f1os noventa.<\/p>\n<div class=\"su-note destacado\"  style=\"border-color:#c1c1d0;\"><div class=\"su-note-inner su-u-clearfix su-u-trim\" style=\"background-color:#DBDBEA;border-color:#ffffff;color:#333333;\"><strong>Mantener lazos<\/strong><\/p>\n<p>Al igual que muchos migrantes, los pueblos ind\u00edgenas mantienen fuertes v\u00ednculos con sus comunidades de origen una vez que se trasladan al extranjero.\u00a0Estos v\u00ednculos sirven para muchos prop\u00f3sitos, que incluyen la producci\u00f3n de recursos culturales para fortalecer las culturas ind\u00edgenas, la membres\u00eda y el mantenimiento de las costumbres.<\/div><\/div>\n<p style=\"text-align: justify;\">En el caso de los pueblos ind\u00edgenas perseguidos, algunos grupos han buscado refugio de la reubicaci\u00f3n forzada, campa\u00f1as pol\u00edticas y esfuerzos para destruir sus culturas y poblaciones. Casos bien documentados incluyen a los mayas de Guatemala que huyeron durante la guerra civil de los a\u00f1os ochenta en ese pa\u00eds y se establecieron en el sur de M\u00e9xico, en California y en Florida.<\/p>\n<h2 style=\"text-align: justify;\"><strong>M\u00e9xico<\/strong><\/h2>\n<p style=\"text-align: justify;\">El territorio de\u00a0M\u00e9xico\u00a0moderno era el hogar de numerosas civilizaciones ind\u00edgenas antes de la llegada de los\u00a0conquistadores\u00a0europeos; los\u00a0Olmecas, los Zapotecos y los Mixtecos, que dominaban las monta\u00f1as de Oaxaca y el istmo de Tehuantepec,\u00a0los\u00a0Mayas\u00a0en\u00a0Yucat\u00e1n\u00a0y los\u00a0Aztecas\u00a0que, desde su capital central en Tenochtitlan, dominaban gran parte del centro y sur del pa\u00eds.<\/p>\n<figure id=\"attachment_3453\" aria-describedby=\"caption-attachment-3453\" style=\"width: 550px\" class=\"wp-caption aligncenter\"><img loading=\"lazy\" decoding=\"async\" class=\"wp-image-3453 size-full\" src=\"https:\/\/elbibliote.com\/resources\/articulosdestacados\/wp-content\/uploads\/2018\/04\/iStock-119463796.jpg\" alt=\"\" width=\"550\" height=\"416\" srcset=\"https:\/\/elbibliote.com\/resources\/articulosdestacados\/wp-content\/uploads\/2018\/04\/iStock-119463796.jpg 550w, https:\/\/elbibliote.com\/resources\/articulosdestacados\/wp-content\/uploads\/2018\/04\/iStock-119463796-300x227.jpg 300w\" sizes=\"(max-width: 550px) 100vw, 550px\" \/><figcaption id=\"caption-attachment-3453\" class=\"wp-caption-text\">Benito Ju\u00e1rez, indio zapoteco y presidente de M\u00e9xico de 1858 a 1872. Fue el primer presidente mexicano con ra\u00edces ind\u00edgenas.<\/figcaption><\/figure>\n<h2 style=\"text-align: justify;\"><strong>Guatemala<\/strong><\/h2>\n<p style=\"text-align: justify;\">Muchos de los pueblos ind\u00edgenas de\u00a0Guatemala\u00a0son de herencia\u00a0maya.\u00a0Otros grupos son Xinca y Gar\u00edfuna.<\/p>\n<figure id=\"attachment_3454\" aria-describedby=\"caption-attachment-3454\" style=\"width: 550px\" class=\"wp-caption aligncenter\"><img loading=\"lazy\" decoding=\"async\" class=\"wp-image-3454 size-full\" src=\"https:\/\/elbibliote.com\/resources\/articulosdestacados\/wp-content\/uploads\/2018\/04\/iStock-131955477.jpg\" alt=\"\" width=\"550\" height=\"367\" srcset=\"https:\/\/elbibliote.com\/resources\/articulosdestacados\/wp-content\/uploads\/2018\/04\/iStock-131955477.jpg 550w, https:\/\/elbibliote.com\/resources\/articulosdestacados\/wp-content\/uploads\/2018\/04\/iStock-131955477-300x200.jpg 300w\" sizes=\"(max-width: 550px) 100vw, 550px\" \/><figcaption id=\"caption-attachment-3454\" class=\"wp-caption-text\">S\u00f3lo la cultura maya representa aproximadamente el 40 % de la poblaci\u00f3n.<\/figcaption><\/figure>\n<h2 style=\"text-align: justify;\"><strong>Nicaragua<\/strong><\/h2>\n<p style=\"text-align: justify;\">Los\u00a0Misquitos\u00a0son\u00a0nativos americanos\u00a0en\u00a0Centroam\u00e9rica.\u00a0Su territorio se expande desde Cabo Cameron,\u00a0Honduras, hasta R\u00edo Grande,\u00a0Nicaragua, a lo largo de la costa Misquito.<\/p>\n<p style=\"text-align: justify;\">A lo largo de los siglos los Misquitos se han casado con esclavos escapados que han buscado refugio en comunidades misquitas.\u00a0La\u00a0sociedad\u00a0misquita tradicional estaba altamente estructurada, con una estructura pol\u00edtica definida.\u00a0Hab\u00eda un\u00a0rey\u00a0pero no ten\u00eda poder total.<\/p>\n<h2 style=\"text-align: justify;\"><strong>Argentina<\/strong><\/h2>\n<p style=\"text-align: justify;\">Los primeros indicios de presencia humana en la Argentina se encuentran en la\u00a0Patagonia\u00a0y datan de 11.000\u00a0a. C.\u00a0En 1480, el\u00a0Imperio Inca\u00a0bajo el imperio del emperador Pachacutec lanz\u00f3 una ofensiva y conquist\u00f3 el actual noroeste argentino, integr\u00e1ndolo en una regi\u00f3n llamada Collasuyu.\u00a0Las zonas central y meridional, la Pampa y la Patagonia, estaban dominadas por\u00a0las\u00a0culturas\u00a0n\u00f3madas, unificadas en el siglo XVII por los\u00a0mapuches.<\/p>\n<figure id=\"attachment_3455\" aria-describedby=\"caption-attachment-3455\" style=\"width: 550px\" class=\"wp-caption aligncenter\"><img loading=\"lazy\" decoding=\"async\" class=\"wp-image-3455 size-full\" src=\"https:\/\/elbibliote.com\/resources\/articulosdestacados\/wp-content\/uploads\/2018\/04\/iStock-582316598.jpg\" alt=\"\" width=\"550\" height=\"367\" srcset=\"https:\/\/elbibliote.com\/resources\/articulosdestacados\/wp-content\/uploads\/2018\/04\/iStock-582316598.jpg 550w, https:\/\/elbibliote.com\/resources\/articulosdestacados\/wp-content\/uploads\/2018\/04\/iStock-582316598-300x200.jpg 300w\" sizes=\"(max-width: 550px) 100vw, 550px\" \/><figcaption id=\"caption-attachment-3455\" class=\"wp-caption-text\">A medida que el pa\u00eds se modernizaba e industrializaba, los nativos que subsist\u00edan en los emprendimientos agrarios se encontraban en un estado de decadencia.<\/figcaption><\/figure>\n<h2 style=\"text-align: justify;\"><strong>Bolivia<\/strong><\/h2>\n<p style=\"text-align: justify;\">La cultura de Tiwanakan se desarroll\u00f3 en el extremo meridional del\u00a0lago Titicaca.\u00a0Esta cultura, centrada alrededor y nombrada para la gran ciudad de Tiwanaku, desarroll\u00f3 t\u00e9cnicas arquitect\u00f3nicas y agr\u00edcolas avanzadas.\u00a0Los Moxos en las tierras bajas orientales y los Mollos, al norte de la actual ciudad de La Paz, Bolivia, tambi\u00e9n desarrollaron sociedades agr\u00edcolas avanzadas que se hab\u00edan disipado en el siglo XIII.<\/p>\n<p style=\"text-align: justify;\">El colapso de la influencia de Tiwanakan result\u00f3 en el surgimiento de los Aymaras, un pueblo beligerante que viv\u00eda en pueblos fortificados, ten\u00edan una capacidad extraordinaria para adaptarse a las condiciones clim\u00e1ticas \u00fanicas de la regi\u00f3n.<\/p>\n<figure id=\"attachment_3456\" aria-describedby=\"caption-attachment-3456\" style=\"width: 550px\" class=\"wp-caption aligncenter\"><img loading=\"lazy\" decoding=\"async\" class=\"wp-image-3456 size-full\" src=\"https:\/\/elbibliote.com\/resources\/articulosdestacados\/wp-content\/uploads\/2018\/04\/iStock-523884248.jpg\" alt=\"\" width=\"550\" height=\"367\" srcset=\"https:\/\/elbibliote.com\/resources\/articulosdestacados\/wp-content\/uploads\/2018\/04\/iStock-523884248.jpg 550w, https:\/\/elbibliote.com\/resources\/articulosdestacados\/wp-content\/uploads\/2018\/04\/iStock-523884248-300x200.jpg 300w\" sizes=\"(max-width: 550px) 100vw, 550px\" \/><figcaption id=\"caption-attachment-3456\" class=\"wp-caption-text\">En 2005, por primera vez en la historia del pa\u00eds, se eligi\u00f3 a un presidente ind\u00edgena aimara, Evo Morales.<\/figcaption><\/figure>\n<h2 style=\"text-align: justify;\"><strong>Brasil<\/strong><\/h2>\n<p style=\"text-align: justify;\">Los\u00a0registros de\u00a0f\u00f3siles\u00a0encontrados en Minas Gerais muestran evidencia de que el \u00e1rea ahora llamada Brasil ha estado habitada por poblaciones ind\u00edgenas, durante al menos 8.000 a\u00f1os. Los restos arqueol\u00f3gicos indican un patr\u00f3n complejo de acontecimientos culturales regionales y de migraciones internas.<\/p>\n<p style=\"text-align: justify;\">Cuando llegaron los primeros exploradores europeos, todas las partes del territorio estaban habitadas por tribus ind\u00edgenas semi-n\u00f3madas, que subsist\u00edan en una combinaci\u00f3n de caza,\u00a0pesca, recolecci\u00f3n y agricultura.<\/p>\n<h2 style=\"text-align: justify;\"><strong>Colombia<\/strong><\/h2>\n<p style=\"text-align: justify;\">Hoy en d\u00eda, los pueblos ind\u00edgenas de Colombia abarcan al menos 85 culturas distintas y m\u00e1s de 1.378.884 personas.<\/p>\n<p style=\"text-align: justify;\">Uno de ellos es la cultura muisca, un subconjunto del grupo \u00e9tnico Chibcha m\u00e1s grande, famoso por su uso del\u00a0oro, que llev\u00f3 a la leyenda de El Dorado.\u00a0En el momento de la conquista espa\u00f1ola, los Chibchas eran la civilizaci\u00f3n ind\u00edgena m\u00e1s grande entre los\u00a0incas\u00a0y los\u00a0aztecas.<\/p>\n<p style=\"text-align: justify;\">Los dos principales grupos ling\u00fc\u00edsticos que dominaron el territorio ahora conocido como Colombia durante el per\u00edodo precolombino fueron los\u00a0Caribes\u00a0y los Chibchas.<\/p>\n<h2 style=\"text-align: justify;\"><strong>Per\u00fa<\/strong><\/h2>\n<p style=\"text-align: justify;\">La mayor\u00eda de los peruanos son ind\u00edgenas o mestizos, de ascendencia mixta ind\u00edgena, africana, europea y asi\u00e1tica.\u00a0Per\u00fa tiene la poblaci\u00f3n ind\u00edgena m\u00e1s grande de Am\u00e9rica del Sur y sus tradiciones y costumbres han dado forma a la manera en que los peruanos viven y se ven hoy en d\u00eda.<\/p>\n<p style=\"text-align: justify;\">Los pueblos ind\u00edgenas amaz\u00f3nicos, como Urarina, Bora, Mats\u00e9s, Ticuna, Yagua, Shipibo y Aguaruna, desarrollaron complejos sistemas cham\u00e1nicos de creencias antes de la Conquista Europea del Nuevo Mundo.<\/p>\n<figure id=\"attachment_3457\" aria-describedby=\"caption-attachment-3457\" style=\"width: 550px\" class=\"wp-caption aligncenter\"><img loading=\"lazy\" decoding=\"async\" class=\"wp-image-3457 size-full\" src=\"https:\/\/elbibliote.com\/resources\/articulosdestacados\/wp-content\/uploads\/2018\/04\/iStock-540409466.jpg\" alt=\"\" width=\"550\" height=\"315\" srcset=\"https:\/\/elbibliote.com\/resources\/articulosdestacados\/wp-content\/uploads\/2018\/04\/iStock-540409466.jpg 550w, https:\/\/elbibliote.com\/resources\/articulosdestacados\/wp-content\/uploads\/2018\/04\/iStock-540409466-300x172.jpg 300w\" sizes=\"(max-width: 550px) 100vw, 550px\" \/><figcaption id=\"caption-attachment-3457\" class=\"wp-caption-text\">Machu Picchu\u00a0es una de las maravillas de la humanidad, y fue construido por la civilizaci\u00f3n\u00a0Inca.<\/figcaption><\/figure>\n<p style=\"text-align: justify;\">A pesar de que el Per\u00fa declar\u00f3 oficialmente su car\u00e1cter multi\u00e9tnico y reconoce al menos seis docenas de dialectos, que incluyen el quechua, el aymara y el hegem\u00f3nico espa\u00f1ol, la discriminaci\u00f3n y el peligro del lenguaje desaf\u00edan a los pueblos ind\u00edgenas en este pa\u00eds.<\/p>\n","protected":false},"excerpt":{"rendered":"<p>Hoy en d\u00eda, la migraci\u00f3n interna e internacional de los pueblos ind\u00edgenas es un tema inevitable para cualquier grupo acad\u00e9mico, gubernamental o de defensa.<\/p>\n","protected":false},"author":9,"featured_media":0,"comment_status":"closed","ping_status":"closed","sticky":false,"template":"","format":"standard","meta":{"footnotes":""},"categories":[9],"tags":[3884,1358,374,3955,2551,3234,3819,3440,3885,3248,127,4833,3231,3875,3876,4832,4168,4835,227,3758,4836,4834,4831,4837,3956,3877,4838],"_links":{"self":[{"href":"https:\/\/elbibliote.com\/resources\/articulosdestacados\/index.php?rest_route=\/wp\/v2\/posts\/3449"}],"collection":[{"href":"https:\/\/elbibliote.com\/resources\/articulosdestacados\/index.php?rest_route=\/wp\/v2\/posts"}],"about":[{"href":"https:\/\/elbibliote.com\/resources\/articulosdestacados\/index.php?rest_route=\/wp\/v2\/types\/post"}],"author":[{"embeddable":true,"href":"https:\/\/elbibliote.com\/resources\/articulosdestacados\/index.php?rest_route=\/wp\/v2\/users\/9"}],"replies":[{"embeddable":true,"href":"https:\/\/elbibliote.com\/resources\/articulosdestacados\/index.php?rest_route=%2Fwp%2Fv2%2Fcomments&post=3449"}],"version-history":[{"count":4,"href":"https:\/\/elbibliote.com\/resources\/articulosdestacados\/index.php?rest_route=\/wp\/v2\/posts\/3449\/revisions"}],"predecessor-version":[{"id":3614,"href":"https:\/\/elbibliote.com\/resources\/articulosdestacados\/index.php?rest_route=\/wp\/v2\/posts\/3449\/revisions\/3614"}],"wp:attachment":[{"href":"https:\/\/elbibliote.com\/resources\/articulosdestacados\/index.php?rest_route=%2Fwp%2Fv2%2Fmedia&parent=3449"}],"wp:term":[{"taxonomy":"category","embeddable":true,"href":"https:\/\/elbibliote.com\/resources\/articulosdestacados\/index.php?rest_route=%2Fwp%2Fv2%2Fcategories&post=3449"},{"taxonomy":"post_tag","embeddable":true,"href":"https:\/\/elbibliote.com\/resources\/articulosdestacados\/index.php?rest_route=%2Fwp%2Fv2%2Ftags&post=3449"}],"curies":[{"name":"wp","href":"https:\/\/api.w.org\/{rel}","templated":true}]}}