{"id":3509,"date":"2018-04-09T11:44:47","date_gmt":"2018-04-09T14:44:47","guid":{"rendered":"http:\/\/elbibliote.com\/resources\/articulosdestacados\/?p=3509"},"modified":"2018-04-09T11:44:47","modified_gmt":"2018-04-09T14:44:47","slug":"problemas-fronterizos-entre-venezuela-y-el-mar-caribe","status":"publish","type":"post","link":"https:\/\/elbibliote.com\/resources\/articulosdestacados\/?p=3509","title":{"rendered":"Problemas fronterizos entre Venezuela y el Mar Caribe"},"content":{"rendered":"<p><span style=\"color: #808080;\"><em>Las continuas disputas territoriales de Venezuela y las preocupaciones en seguridad fronteriza con varios de sus vecinos caribe\u00f1os crean una inc\u00f3moda historia. Los esfuerzos de esta naci\u00f3n por extender su alcance en el Mar Caribe involucran en gran medida el mantenimiento de un peque\u00f1o islote a 547 km de la costa de Venezuela.<\/em><\/span><\/p>\n<h2><strong>Disputa por fronteras<\/strong><\/h2>\n<p>Desde 1978, los gobiernos de Antigua y Barbuda, San Crist\u00f3bal y Nieves, Dominica, Santa Luc\u00eda y Montserrat han tenido quejas en curso en las Naciones Unidas con respecto a una reclamaci\u00f3n venezolana a una Zona Econ\u00f3mica Exclusiva (ZEE) de 370 kil\u00f3metros que rodea Isla de Aves.<\/p>\n<figure id=\"attachment_3513\" aria-describedby=\"caption-attachment-3513\" style=\"width: 550px\" class=\"wp-caption aligncenter\"><img loading=\"lazy\" decoding=\"async\" class=\"wp-image-3513 size-full\" src=\"https:\/\/elbibliote.com\/resources\/articulosdestacados\/wp-content\/uploads\/2018\/04\/iStock-694253282.jpg\" alt=\"\" width=\"550\" height=\"367\" srcset=\"https:\/\/elbibliote.com\/resources\/articulosdestacados\/wp-content\/uploads\/2018\/04\/iStock-694253282.jpg 550w, https:\/\/elbibliote.com\/resources\/articulosdestacados\/wp-content\/uploads\/2018\/04\/iStock-694253282-300x200.jpg 300w\" sizes=\"(max-width: 550px) 100vw, 550px\" \/><figcaption id=\"caption-attachment-3513\" class=\"wp-caption-text\">La Isla de Aves es un banco de arena que descansa sobre un sub-cimiento coralino.<\/figcaption><\/figure>\n<p>Establecido por una fuerza naval venezolana en 1950 y con una misi\u00f3n cient\u00edfica permanente en 1978, esta isla ha sido cubierta de tierra transportada desde el continente y arrecifes artificiales que se han construido para mantenerla y evitar que pueda ser completamente sumergida durante huracanes o marea alta.<\/p>\n<p>Bajo la administraci\u00f3n del presidente Hugo Ch\u00e1vez, en el 2004 el ej\u00e9rcito venezolano estableci\u00f3 un peque\u00f1o puesto avanzado en el territorio, en el que construyeron el edificio sobre pilotes debido a la falta de terreno firme disponible.<\/p>\n<div class=\"su-box su-box-style-default sabiasque\" id=\"\" style=\"border-color:#a8a8b7;border-radius:0px;\"><div class=\"su-box-title\" style=\"background-color:#DBDBEA;color:#484848;border-top-left-radius:0px;border-top-right-radius:0px\">\u00bfSab\u00edas qu\u00e9...?<\/div><div class=\"su-box-content su-u-clearfix su-u-trim\" style=\"border-bottom-left-radius:0px;border-bottom-right-radius:0px\">En 1980, Isla de Aves fue sumergida y dividida en dos por el hurac\u00e1n Allen, pero m\u00e1s adelante se recuper\u00f3. Hoy en d\u00eda es lugar de paso y anidaci\u00f3n de algunas aves marinas y tortugas verdes.<\/div><\/div>\n<p>Las aguas en el Caribe oriental son excelentes para la pesca y se cree que contienen grandes reservas de petr\u00f3leo submarino. Sin embargo, algunos pa\u00edses del Caribe cuestionan la afirmaci\u00f3n de la ZEE de Venezuela bajo el argumento de que Aves no satisface la definici\u00f3n de isla de la ONU, son simplemente islotes rocosos aislados y no islas verdaderas, que la lleva a ser catalogada en un estatus que permite un n\u00famero considerablemente menor de derechos. Adem\u00e1s, la posici\u00f3n de Caracas sobre el tema ha dejado a muchas naciones insulares del Caribe con ZEE reducidas, que limita el \u00e1rea de sus pescadores y expande la influencia de Venezuela en la cuenca.<\/p>\n<figure id=\"attachment_3514\" aria-describedby=\"caption-attachment-3514\" style=\"width: 550px\" class=\"wp-caption aligncenter\"><img loading=\"lazy\" decoding=\"async\" class=\"wp-image-3514 size-full\" src=\"https:\/\/elbibliote.com\/resources\/articulosdestacados\/wp-content\/uploads\/2018\/04\/iStock-185178824.jpg\" alt=\"\" width=\"550\" height=\"365\" srcset=\"https:\/\/elbibliote.com\/resources\/articulosdestacados\/wp-content\/uploads\/2018\/04\/iStock-185178824.jpg 550w, https:\/\/elbibliote.com\/resources\/articulosdestacados\/wp-content\/uploads\/2018\/04\/iStock-185178824-300x199.jpg 300w\" sizes=\"(max-width: 550px) 100vw, 550px\" \/><figcaption id=\"caption-attachment-3514\" class=\"wp-caption-text\">Los estados del Caribe cuestionan la soberan\u00eda de Venezuela sobre los islotes.<\/figcaption><\/figure>\n<p>En 2005, Venezuela lanz\u00f3 su iniciativa Petrocaribe, que permit\u00eda a los pa\u00edses del Caribe oriental comprar petr\u00f3leo bajo condiciones de pr\u00e9stamos preferenciales. Despu\u00e9s de esta oferta, la mayor\u00eda de las disputas sobre la legitimidad de la demanda de Venezuela a Aves se cayeron, no obstante, las objeciones permanecen sobre la ZEE asociada con la demanda.<\/p>\n<div class=\"su-note destacado\"  style=\"border-color:#c1c1d0;\"><div class=\"su-note-inner su-u-clearfix su-u-trim\" style=\"background-color:#DBDBEA;border-color:#ffffff;color:#333333;\"><strong>Peque\u00f1a causa, gran efecto <\/strong><\/p>\n<p>El peque\u00f1o islote de Aves se ha utilizado para justificar una extensi\u00f3n enormemente desproporcionada de la ZEE de Venezuela hasta el mar abierto adyacente a Guadalupe. Este cr\u00e9dito se ha efectuado con el aval de Francia, Pa\u00edses Bajos y Estados Unidos, en nombre de sus dependencias insulares dentro de la zona.<\/div><\/div>\n<h3>Venezuela y Barbados<\/h3>\n<p>Venezuela tambi\u00e9n tiene una disputa mar\u00edtima con Barbados, originada en 2008 cuando la naci\u00f3n insular comenz\u00f3 a perforar en alta mar en una zona del Oc\u00e9ano Atl\u00e1ntico tambi\u00e9n reclamada por Caracas. El reclamo no es reconocido por las Naciones Unidas.<\/p>\n<p>&nbsp;<\/p>\n<figure id=\"attachment_3527\" aria-describedby=\"caption-attachment-3527\" style=\"width: 550px\" class=\"wp-caption aligncenter\"><img loading=\"lazy\" decoding=\"async\" class=\"wp-image-3527 size-full\" src=\"https:\/\/elbibliote.com\/resources\/articulosdestacados\/wp-content\/uploads\/2018\/04\/iStock-102717216.jpg\" alt=\"\" width=\"550\" height=\"396\" srcset=\"https:\/\/elbibliote.com\/resources\/articulosdestacados\/wp-content\/uploads\/2018\/04\/iStock-102717216.jpg 550w, https:\/\/elbibliote.com\/resources\/articulosdestacados\/wp-content\/uploads\/2018\/04\/iStock-102717216-300x216.jpg 300w\" sizes=\"(max-width: 550px) 100vw, 550px\" \/><figcaption id=\"caption-attachment-3527\" class=\"wp-caption-text\">La Comisi\u00f3n de L\u00edmites de la ONU fij\u00f3 en abril de 2010 algunas sugerencias para el l\u00edmite exterior de su plataforma continental.<\/figcaption><\/figure>\n<h3>Venezuela y Antillas Neerlandesas<\/h3>\n<p>El presidente Ch\u00e1vez cre\u00f3 preocupaci\u00f3n entre las autoridades holandesas a principios del 2010 al acusar a los aviones militares holandeses estacionados en la cercana cadena de islas Antillas Neerlandesas de violar el espacio a\u00e9reo venezolano. El presidente venezolano ha acusado repetidamente a los holandeses, que controlan la pol\u00edtica exterior y defensa de la isla, de facilitar la invasi\u00f3n estadounidense de su pa\u00eds.<\/p>\n<figure id=\"attachment_3534\" aria-describedby=\"caption-attachment-3534\" style=\"width: 550px\" class=\"wp-caption aligncenter\"><img loading=\"lazy\" decoding=\"async\" class=\"wp-image-3534 size-full\" src=\"https:\/\/elbibliote.com\/resources\/articulosdestacados\/wp-content\/uploads\/2018\/04\/iStock-588366218.jpg\" alt=\"\" width=\"550\" height=\"367\" srcset=\"https:\/\/elbibliote.com\/resources\/articulosdestacados\/wp-content\/uploads\/2018\/04\/iStock-588366218.jpg 550w, https:\/\/elbibliote.com\/resources\/articulosdestacados\/wp-content\/uploads\/2018\/04\/iStock-588366218-300x200.jpg 300w\" sizes=\"(max-width: 550px) 100vw, 550px\" \/><figcaption id=\"caption-attachment-3534\" class=\"wp-caption-text\">Venezuela ha reclamado los territorios insulares holandeses situados a pocos kil\u00f3metros de su costa, desde la d\u00e9cada de 1940.<\/figcaption><\/figure>\n<h3>Zonas econ\u00f3micas exclusivas<\/h3>\n<p>Los problemas relacionados con las ZEE son de fecha m\u00e1s reciente y preocupan a la mayor\u00eda de los estados y territorios de la regi\u00f3n, como las islas, que no est\u00e1n en la lista de conflictos hist\u00f3ricos. A su vez, tienden a ser menos agudos, ya que cubren tramos de mar donde las reclamaciones de derechos no est\u00e1n tan arraigadas y donde los recursos son generalmente limitados.<\/p>\n<p>Con algunas excepciones locales, el espacio mar\u00edtimo caribe\u00f1o no es rico en poblaciones de peces. Casi todos los pa\u00edses son importadores netos de productos del mar, y s\u00f3lo unos pocos mantienen flotas pesqueras de alta mar; as\u00ed como tambi\u00e9n, los recursos explotados que normalmente se encuentran en el fondo marino est\u00e1n lejos de ser significativos.<\/p>\n<p>Por consiguiente, el potencial conocido de las ZEE no es lo suficientemente grande como para justificar su desarrollo en un futuro previsible, por lo que para la mayor\u00eda de los pa\u00edses en cuesti\u00f3n no deber\u00edan comprometer los medios y los esfuerzos. Adem\u00e1s, en cualquier caso, dif\u00edcilmente tienen los medios, ya sean t\u00e9cnicos, militares, financieros o simplemente humanos, para ejercer una verdadera soberan\u00eda, controlar y eventualmente explotar estas enormes extensiones de mar.<\/p>\n<p>Las dos disputas m\u00e1s significativas, que abarcan cientos de miles de kil\u00f3metros cuadrados entre numerosos estados, son por su naturaleza f\u00e1cilmente comparables y se refieren a las ZEE de Colombia y Venezuela, donde ninguno de los dos estados ha ratificado la Convenci\u00f3n de Bah\u00eda Montego y que aparecen claramente en el mapa como &#8220;anomal\u00edas&#8221;.<\/p>\n<p>&nbsp;<\/p>\n","protected":false},"excerpt":{"rendered":"<p>Las continuas disputas territoriales de Venezuela y las preocupaciones en seguridad fronteriza con varios de sus vecinos caribe\u00f1os crean una inc\u00f3moda historia. Los esfuerzos de esta naci\u00f3n por extender su alcance en el Mar Caribe involucran en gran medida el mantenimiento de un peque\u00f1o islote a 547 km de la costa de Venezuela.<\/p>\n","protected":false},"author":3,"featured_media":0,"comment_status":"closed","ping_status":"closed","sticky":false,"template":"","format":"standard","meta":{"footnotes":""},"categories":[14],"tags":[4866,4899,4912,1352,4911,4900,4891,4893,4894,4895,4787,4903,4907,225,4908,4889,4914,4890,4810,4892,4896,4910,2857,4905,4913,4902,4915,113,4901,4904,4898,4897,3442,4909,4906],"_links":{"self":[{"href":"https:\/\/elbibliote.com\/resources\/articulosdestacados\/index.php?rest_route=\/wp\/v2\/posts\/3509"}],"collection":[{"href":"https:\/\/elbibliote.com\/resources\/articulosdestacados\/index.php?rest_route=\/wp\/v2\/posts"}],"about":[{"href":"https:\/\/elbibliote.com\/resources\/articulosdestacados\/index.php?rest_route=\/wp\/v2\/types\/post"}],"author":[{"embeddable":true,"href":"https:\/\/elbibliote.com\/resources\/articulosdestacados\/index.php?rest_route=\/wp\/v2\/users\/3"}],"replies":[{"embeddable":true,"href":"https:\/\/elbibliote.com\/resources\/articulosdestacados\/index.php?rest_route=%2Fwp%2Fv2%2Fcomments&post=3509"}],"version-history":[{"count":3,"href":"https:\/\/elbibliote.com\/resources\/articulosdestacados\/index.php?rest_route=\/wp\/v2\/posts\/3509\/revisions"}],"predecessor-version":[{"id":3623,"href":"https:\/\/elbibliote.com\/resources\/articulosdestacados\/index.php?rest_route=\/wp\/v2\/posts\/3509\/revisions\/3623"}],"wp:attachment":[{"href":"https:\/\/elbibliote.com\/resources\/articulosdestacados\/index.php?rest_route=%2Fwp%2Fv2%2Fmedia&parent=3509"}],"wp:term":[{"taxonomy":"category","embeddable":true,"href":"https:\/\/elbibliote.com\/resources\/articulosdestacados\/index.php?rest_route=%2Fwp%2Fv2%2Fcategories&post=3509"},{"taxonomy":"post_tag","embeddable":true,"href":"https:\/\/elbibliote.com\/resources\/articulosdestacados\/index.php?rest_route=%2Fwp%2Fv2%2Ftags&post=3509"}],"curies":[{"name":"wp","href":"https:\/\/api.w.org\/{rel}","templated":true}]}}