{"id":3549,"date":"2018-04-09T10:50:17","date_gmt":"2018-04-09T13:50:17","guid":{"rendered":"http:\/\/elbibliote.com\/resources\/articulosdestacados\/?p=3549"},"modified":"2018-04-09T11:05:09","modified_gmt":"2018-04-09T14:05:09","slug":"militares-versus-plutocracia-la-revolucion-juliana","status":"publish","type":"post","link":"https:\/\/elbibliote.com\/resources\/articulosdestacados\/?p=3549","title":{"rendered":"Militares versus plutocracia: La Revoluci\u00f3n Juliana"},"content":{"rendered":"<p><span style=\"color: #808080;\"><em>La Revoluci\u00f3n Juliana, conocida as\u00ed por la fecha en que se produjeron los hechos iniciales, (9 de julio de 1925), fue un movimiento de masas populares por el reclamo de sus derechos, pero m\u00e1s que ello, constituy\u00f3 un enfrentamiento entre militares y la banca por alcanzar el poder pol\u00edtico y econ\u00f3mico del Ecuador. Sus causas est\u00e1n en el mal manejo de las finanzas y en las grandes desigualdades sociales existentes. <\/em><\/span><\/p>\n<figure id=\"attachment_3596\" aria-describedby=\"caption-attachment-3596\" style=\"width: 700px\" class=\"wp-caption aligncenter\"><img loading=\"lazy\" decoding=\"async\" class=\"size-full wp-image-3596\" src=\"https:\/\/elbibliote.com\/resources\/articulosdestacados\/wp-content\/uploads\/2018\/04\/iStock-535415881.jpg\" alt=\"\" width=\"700\" height=\"1026\" srcset=\"https:\/\/elbibliote.com\/resources\/articulosdestacados\/wp-content\/uploads\/2018\/04\/iStock-535415881.jpg 700w, https:\/\/elbibliote.com\/resources\/articulosdestacados\/wp-content\/uploads\/2018\/04\/iStock-535415881-205x300.jpg 205w, https:\/\/elbibliote.com\/resources\/articulosdestacados\/wp-content\/uploads\/2018\/04\/iStock-535415881-699x1024.jpg 699w\" sizes=\"(max-width: 700px) 100vw, 700px\" \/><figcaption id=\"caption-attachment-3596\" class=\"wp-caption-text\">Ecuador, una naci\u00f3n en conflictos.<\/figcaption><\/figure>\n<div class=\"su-note destacado\"  style=\"border-color:#c1c1d0;\"><div class=\"su-note-inner su-u-clearfix su-u-trim\" style=\"background-color:#DBDBEA;border-color:#ffffff;color:#333333;\"><strong>La Revoluci\u00f3n Juliana: un proyecto fallido<\/strong><\/p>\n<p>La Revoluci\u00f3n Juliana intent\u00f3 una reforma general en todos los \u00f3rdenes e instituciones del Estado, sin embargo lo que constituy\u00f3 un fin noble y justo termin\u00f3 yendo contra el propio orden jur\u00eddico. Se intent\u00f3 cambiar tantas cosas mediante nuevas normas que \u00e9stas terminaron careciendo de validez pr\u00e1ctica.<\/div><\/div>\n<h2><strong>Las causas de una revoluci\u00f3n<\/strong><\/h2>\n<p>El Estado ecuatoriano hab\u00eda adquirido una deuda impagable con los bancos de la regi\u00f3n costera y, especialmente de la ciudad de Guayaquil, donde radic\u00f3 el Banco Comercial y Agr\u00edcola que presid\u00eda Francisco Urbina Jado. El dinero adeudado se emple\u00f3 en obras p\u00fablicas, en el pago a funcionarios y en los gastos corrientes del Estado. El dinero de Guayaquil se utiliz\u00f3 para el fomento de todo el pa\u00eds.<\/p>\n<div class=\"su-box su-box-style-default sabiasque\" id=\"\" style=\"border-color:#a8a8b7;border-radius:0px;\"><div class=\"su-box-title\" style=\"background-color:#DBDBEA;color:#484848;border-top-left-radius:0px;border-top-right-radius:0px\">\u00bfSab\u00edas qu\u00e9...?<\/div><div class=\"su-box-content su-u-clearfix su-u-trim\" style=\"border-bottom-left-radius:0px;border-bottom-right-radius:0px\">El banquero Francisco Urbina Jado fue perseguido con sa\u00f1a por los triunfadores, a pesar de ser un banquero muy profesional, que hizo mucho por el desarrollo nacional de Ecuador y, en especial por la ciudad de Guayaquil.<\/div><\/div>\n<p>El Estado, ante la situaci\u00f3n de crisis, opt\u00f3 por emitir billetes sin respaldo en oro. Este acto se conoci\u00f3 como inflaci\u00f3n y gener\u00f3 una serie de problemas financieros y sociales, generalmente asociados al aumento de los precios y la falta de est\u00edmulo a la producci\u00f3n. Con esos billetes se cubr\u00eda el pago de los empr\u00e9stitos solicitados. Los bancos iniciaron la pr\u00e1ctica de la emisi\u00f3n de billetes propios que prestaban al Estado. Uno de esos bancos fue el administrado por Urbina. Naci\u00f3 as\u00ed, en Ecuador, la actividad crediticia de la banca privada.<\/p>\n<figure id=\"attachment_3592\" aria-describedby=\"caption-attachment-3592\" style=\"width: 700px\" class=\"wp-caption aligncenter\"><img loading=\"lazy\" decoding=\"async\" class=\"size-full wp-image-3592\" src=\"https:\/\/elbibliote.com\/resources\/articulosdestacados\/wp-content\/uploads\/2018\/04\/iStock-164181083.jpg\" alt=\"\" width=\"700\" height=\"1006\" srcset=\"https:\/\/elbibliote.com\/resources\/articulosdestacados\/wp-content\/uploads\/2018\/04\/iStock-164181083.jpg 700w, https:\/\/elbibliote.com\/resources\/articulosdestacados\/wp-content\/uploads\/2018\/04\/iStock-164181083-209x300.jpg 209w\" sizes=\"(max-width: 700px) 100vw, 700px\" \/><figcaption id=\"caption-attachment-3592\" class=\"wp-caption-text\">Los ind\u00edgenas fueron los que m\u00e1s sufrieron la crisis.<\/figcaption><\/figure>\n<p>De esta forma la banca privada guayaquile\u00f1a y, en especial Francisco Urbina Jado, adquirieron un gran poder pol\u00edtico. Un reflejo de \u00e9ste poder lo constituy\u00f3 el hecho de que las candidaturas, desde senador y diputado hasta de presidente de la Rep\u00fablica y los nombramientos de cargos gubernamentales, incluyendo los de ministros, eran consultados y aprobados por el influyente banquero.<\/p>\n<h2><strong>Doctor Gonzalo Segundo C\u00f3rdova y Rivera<\/strong><\/h2>\n<p>Gonzalo C\u00f3rdova naci\u00f3 en Cuenca, a diferencia de la mayor\u00eda de los presidentes de Ecuador, que nacieron en Guayaquil o Quito. Lleg\u00f3 a ocupar diferentes cargos y ejercer diversas profesiones. Ocup\u00f3 la presidencia de Ecuador en una etapa de complejos procesos sociales y de dif\u00edcil situaci\u00f3n econ\u00f3mica. La crisis se reflej\u00f3 en la complicada situaci\u00f3n social de la poblaci\u00f3n, las constantes protestas obreras y la devaluaci\u00f3n de la moneda. En el plano internacional es tristemente recordado por la firma del Tratado Salom\u00f3n-Lozano, que result\u00f3 perjudicial para la conservaci\u00f3n del territorio ecuatoriano ante el proceso expansionista de los peruanos. Si logr\u00f3 algo positivo en su gesti\u00f3n de gobierno fue la adquisici\u00f3n de las tres cuartas partes de las acciones sobre el ferrocarril Quito-Guayaquil.<\/p>\n<p style=\"text-align: center;\"><div id=\"su_slider_69f3ba7bac4f1\" class=\"su-slider su-slider-centered su-slider-pages-yes su-slider-responsive-yes\" style=\"width:100%\" data-autoplay=\"8000\" data-speed=\"600\" data-mousewheel=\"false\"><div class=\"su-slider-slides\"><div class=\"su-slider-slide\"><a><img decoding=\"async\" src=\"https:\/\/elbibliote.com\/resources\/articulosdestacados\/wp-content\/uploads\/2018\/04\/TH-481757758-Guayaquil-Cityscape-550x367.jpg\" alt=\"TH-481757758 Guayaquil Cityscape\" \/><\/a><\/div><div class=\"su-slider-slide\"><a><img decoding=\"async\" src=\"https:\/\/elbibliote.com\/resources\/articulosdestacados\/wp-content\/uploads\/2018\/04\/iStock_000070906643Cupula-de-la-catedral-de-Quito-y-aguja-Stock-Foto-e-Imagen-de-_XXXLarge-550x367.jpg\" alt=\"Quito Cathedral Dome and Spire\" \/><\/a><\/div><div class=\"su-slider-slide\"><a><img decoding=\"async\" src=\"https:\/\/elbibliote.com\/resources\/articulosdestacados\/wp-content\/uploads\/2018\/04\/iStock_000066719829Cuenca-Ecuador-ciudad-Stock-Foto-e-Imagen-de-Stock-_XXXLarge-550x367.jpg\" alt=\"Cuenca, Ecuador Cityscape\" \/><\/a><\/div><\/div><div class=\"su-slider-nav\"><div class=\"su-slider-direction\"><span class=\"su-slider-prev\"><\/span><span class=\"su-slider-next\"><\/span><\/div><div class=\"su-slider-pagination\"><\/div><\/div><\/div>\n<p style=\"text-align: center;\"><span style=\"color: #999999; font-size: 12px;\"><em>Quito, Guayaquil y Cuenca: las ciudades m\u00e1s importantes de Ecuador.<\/em><\/span><\/p>\n<p>C\u00f3rdova enfrent\u00f3 varias revueltas, entre las que sobresali\u00f3 el levantamiento en armas dirigido por Jacinto Jij\u00f3n y Caama\u00f1o, al que derrot\u00f3 en San Jos\u00e9 del Ambi. Como presidente fue d\u00e9bil. No logr\u00f3 estabilidad en su gabinete. Cuando se produce el Golpe de Estado del 9 de julio de 1925, es apresado y deportado a Chile, donde muri\u00f3, en la ciudad de Valpara\u00edso, el 13 de abril de 1928, cuando contaba con 65 a\u00f1os de edad. A este hecho se le conoci\u00f3 como la Revoluci\u00f3n Juliana.<\/p>\n<div class=\"su-note destacado\"  style=\"border-color:#c1c1d0;\"><div class=\"su-note-inner su-u-clearfix su-u-trim\" style=\"background-color:#DBDBEA;border-color:#ffffff;color:#333333;\"><strong>La versi\u00f3n de V\u00edctor Emilio Estrada\u00a0Sciacaluga:<\/strong><\/p>\n<p>\u201cLa revoluci\u00f3n del 9 de julio no vino realmente por inflaci\u00f3n ni por la desvalorizaci\u00f3n del sucre, sino por el despecho de quien quiso emitir billetes falsos y se lo prohibieron\u2026\u201d\u00a0(Citado por Guillermo\u00a0Arosemena\u00a0Arosemena\u00a0en \u201cLa Revoluci\u00f3n Juliana: Evento Ignominioso en\u00a0la Historia\u00a0de Guayaquil\u201d, p. 102).<\/div><\/div>\n<h2><strong>Partidos pol\u00edticos en Ecuador<\/strong><\/h2>\n<p>Durante las d\u00e9cadas del 20 y del 30 surgieron en Am\u00e9rica Latina varios partidos pol\u00edticos, tanto de izquierda como de derecha. Ecuador no fue ajeno a ese fen\u00f3meno al que contribuy\u00f3 la compleja situaci\u00f3n pol\u00edtica por la que atravesaba el pa\u00eds. Las tendencias pol\u00edticas tradicionales se reagruparon y tambi\u00e9n surgieron otras nuevas. Nacieron as\u00ed los modernos partidos pol\u00edticos de Ecuador. En 1923 se restructur\u00f3 el Partido Liberal Radical y dos a\u00f1os despu\u00e9s, el Partido Conservador Ecuatoriano. Al siguiente a\u00f1o, en 1926, se fund\u00f3 el Partido Socialista Ecuatoriano, como fundamental fuerza de izquierda, que en 1931 sufri\u00f3 la primera divisi\u00f3n al fundarse el Partido Comunista.<\/p>\n<div class=\"su-box su-box-style-default sabiasque\" id=\"\" style=\"border-color:#a8a8b7;border-radius:0px;\"><div class=\"su-box-title\" style=\"background-color:#DBDBEA;color:#484848;border-top-left-radius:0px;border-top-right-radius:0px\">\u00bfSab\u00edas qu\u00e9...?<\/div><div class=\"su-box-content su-u-clearfix su-u-trim\" style=\"border-bottom-left-radius:0px;border-bottom-right-radius:0px\">\u201cConstruir, ordenar y disciplinar\u201d fue el lema de los sublevados el 9 de julio.<\/div><\/div>\n<p>Desde sus inicios la izquierda ecuatoriana jug\u00f3 un importante papel en defensa de los derechos sociales. Se vincul\u00f3 a los movimientos sindicales, logr\u00f3 conquistas en el \u00e1mbito laboral y para los sectores intermedios. Hered\u00f3 las ideas enarboladas por Eloy Alfaro, sobre por su car\u00e1cter radical y porque defendi\u00f3 el laicismo en la educaci\u00f3n.<\/p>\n<figure id=\"attachment_3554\" aria-describedby=\"caption-attachment-3554\" style=\"width: 550px\" class=\"wp-caption aligncenter\"><img loading=\"lazy\" decoding=\"async\" class=\"wp-image-3554 size-full\" src=\"https:\/\/elbibliote.com\/resources\/articulosdestacados\/wp-content\/uploads\/2018\/04\/iStock_000064392955Hermosa-ciudad-de-Montecristi-en-la-costa-ecuatorianos-Stock-_Medium.jpg\" alt=\"\" width=\"550\" height=\"367\" srcset=\"https:\/\/elbibliote.com\/resources\/articulosdestacados\/wp-content\/uploads\/2018\/04\/iStock_000064392955Hermosa-ciudad-de-Montecristi-en-la-costa-ecuatorianos-Stock-_Medium.jpg 550w, https:\/\/elbibliote.com\/resources\/articulosdestacados\/wp-content\/uploads\/2018\/04\/iStock_000064392955Hermosa-ciudad-de-Montecristi-en-la-costa-ecuatorianos-Stock-_Medium-300x200.jpg 300w\" sizes=\"(max-width: 550px) 100vw, 550px\" \/><figcaption id=\"caption-attachment-3554\" class=\"wp-caption-text\">Las ideas de Montecristi fueron retomadas por la izquierda ecuatoriana.<\/figcaption><\/figure>\n<h2><strong>Militares: la punta de la lanza<\/strong><\/h2>\n<p>En la b\u00fasqueda de una f\u00f3rmula para eliminar el poder que hab\u00eda alcanzado la banca, especialmente la guayaquile\u00f1a, que logr\u00f3 el demonio tanto econ\u00f3mico como pol\u00edtico, se pens\u00f3 en utilizar la fuerza militar. Era necesario condonar la deuda impagable del Estado, ascendente en 1925 ya a 36 millones de sucres, cifra extremadamente alta para la \u00e9poca. Esa cantidad era equivalente a la suma de las reservas de todos los bancos de Ecuador juntos.<\/p>\n<p>Los militares, especialmente los m\u00e1s j\u00f3venes, encabezaron las acciones del 9 de julio en Guayaquil. El mayor Idelfonso Mendoza Vera fue quien comand\u00f3 a los sublevados. El objetivo que se trazaron se cumpli\u00f3: apresaron a las autoridades civiles y crearon una Junta Militar de Gobierno. La Junta Militar se conform\u00f3 por teniente coronel Lu\u00eds Telmo Paz y Mi\u00f1o, como presidente, integrada adem\u00e1s por el sargento mayor Carlos A. Guerrero, el capit\u00e1n Emilio Valdivieso, el subteniente Angel Bonilla y el teniente Federico Struve.<\/p>\n<p>&nbsp;<\/p>\n<p>Las condiciones en que ocurrieron los hechos estaban dadas para que fueran secundados por la mayor\u00eda y apoyados por el pueblo, por lo que no ocurri\u00f3 derramamiento de sangre. Los principales oficiales de altos rangos se sumaron o simplemente no opusieron resistencia. Las masas populares se lanzaron a las calles en s\u00edmbolo de apoyo incondicional a los sublevados. El militar de mayor rango que particip\u00f3 en las acciones fue el general Francisco G\u00f3mez de la Torre, quien dirigi\u00f3 el movimiento insurreccional en la ciudad de Quito. Pero, en realidad los militares fueron la punta de lanza de un plan muy bien estructurado por un personaje civil<\/p>\n<h2><strong>Luis Napole\u00f3n Dillon<\/strong><\/h2>\n<p>El ide\u00f3logo del movimiento insurreccional de la Revoluci\u00f3n Juliana lo fue el economista Luis Napole\u00f3n Dillon. La causa de su participaci\u00f3n no fue de tipo pol\u00edtica. Dillon intent\u00f3 poner en circulaci\u00f3n billetes hipotecarios emitidos por la Sociedad de Cr\u00e9dito Internacional, para lo que ya hab\u00eda obtenido el registro notarial ante un escribano de Quito, luego de emitirlos a trav\u00e9s de la American Bank Note. Al ser de conocimiento del poderoso Urbina, \u00e9ste lo comunic\u00f3 al gobierno, que impidi\u00f3 su salida a la circulaci\u00f3n. A partir del incidente Dillon se convirti\u00f3 en enemigo irreconciliable del banquero coste\u00f1o. Por ello planific\u00f3 las cosas tal y como ocurrieron en corto plazo.<\/p>\n<h2><strong>El poder a los civiles<\/strong><\/h2>\n<p>Luego de tomar el control pol\u00edtico con la retirada del presidente C\u00f3rdova, la Junta Militar confi\u00f3 el mando a una Junta Provisional que encabez\u00f3 el propio economista Dillon, junto a los doctores Jos\u00e9 Rafael Bustamante y Francisco J. Bolo\u00f1a y los generales Francisco G\u00f3mez de la Torre y Mois\u00e9s Oliva. A este \u00faltimo se le solicit\u00f3 la renuncia al conocerse su vinculaci\u00f3n con el presidente. Se nombr\u00f3 en su lugar al doctor Francisco Ar\u00edzaga Luque y a Pedro Pablo Garaycoa.<\/p>\n<p>La Junta se sustituy\u00f3 al a\u00f1o siguiente por otra integrada por los doctores Isidro Ayora, Humberto Albornoz y Homero Viteri Lafronte y los se\u00f1ores Julio Moreno, Adolfo Hidalgo Narv\u00e1ez, Jos\u00e9 Antonio G\u00f3mez Gault y Pedro Pablo Eg\u00fcez Baquerizo, que gobernaron hasta el 31 de marzo. El primero de abril se nombr\u00f3 a Isidro Ayora como Presidente Provisional de Ecuador.<\/p>\n<h2><strong>Las reformas necesarias<\/strong><\/h2>\n<p>A pesar de las causas enunciadas que constituyeron el detonante del movimiento social de lo que se denomin\u00f3 la Revoluci\u00f3n Juliana, sus l\u00edderes intentaron cambiar integralmente las estructuras del Estado. Sin embargo, en ese intento se cometieron muchas ilegalidades. En el campo legislativo se crearon demasiadas leyes, muchas de poca o ninguna utilidad pr\u00e1ctica. Este aspecto, unido a las cuestiones administrativas, conllev\u00f3 a un regionalismo extremo y la divisi\u00f3n del pa\u00eds.<\/p>\n<p>Al Banco Comercial y Agr\u00edcola se le cancel\u00f3 sus haberes y se mult\u00f3 en m\u00e1s de dos millones de sucres, por lo que fue a la quiebra y la consiguiente liquidaci\u00f3n. Se crearon instituciones financieras como la Caja Central de Emisi\u00f3n y Amortizaci\u00f3n que se encarg\u00f3 de recoger el exceso de circulante e incinerar los billetes. Esta propia instituci\u00f3n adquiri\u00f3 parte de las reservas en oro y cre\u00f3 un fondo para respaldar el funcionamiento de la propia Caja. De esta instituci\u00f3n naci\u00f3 el futuro Banco Central del Ecuador.<\/p>\n<h2><strong>La Misi\u00f3n Kemmerer<\/strong><\/h2>\n<p>Isidro Ayora gobern\u00f3 con un estilo dictatorial e impuso, con mucha valent\u00eda, las reformas para el control y fiscalizaci\u00f3n de los bancos. Logr\u00f3 la deseada estabilidad monetaria y el incremento de los ingresos provenientes del sector p\u00fablico. Entre las numerosas obras que impuls\u00f3 se cuenta el saneamiento de la ciudad de Guayaquil, muy compleja en su infraestructura. El hecho m\u00e1s significativo en su mandato, desde el punto de vista econ\u00f3mico fue la llegada al pa\u00eds de la Misi\u00f3n Kemmerer.<\/p>\n<p>Al finalizar la Primera Guerra Mundial muchos pa\u00edses quedaron sumidos en la inestabilidad financiera y la inflaci\u00f3n. En Ecuador se cre\u00f3 el Banco Central, se fortaleci\u00f3 el sistema bancario y se permiti\u00f3 la entrada de la Comisi\u00f3n Kemmerer.<\/p>\n<p>El doctor Edwin W. Kemmerer dirigi\u00f3 misiones para la creaci\u00f3n de instituciones bancarias en los pa\u00edses latinoamericanos. Su criterio esencial fue empleo del patr\u00f3n oro, el monopolio en la emisi\u00f3n de billetes, la determinaci\u00f3n del tipo bancario, el mercado libre y la funci\u00f3n de prestamista. La Misi\u00f3n Kemmerer no s\u00f3lo cre\u00f3 el Banco Central y la Superintendencia de Bancos; sino que realiz\u00f3 transformaciones en el sistema fiscal, restaur\u00f3 el cr\u00e9dito nacional, realiz\u00f3 reformas bancarias y de obras p\u00fablicas. Las propuestas no tuvieron oposici\u00f3n y se pusieron en vigencia en forma inmediata.<\/p>\n<h2><strong>El crack del 29 en Ecuador<\/strong><\/h2>\n<p>Ecuador no estuvo ajeno a la crisis internacional de la post-guerra. Un ejemplo de los efectos de la crisis lo constituy\u00f3 el hecho de que en 1933 las exportaciones no superaron los cuatro millones de sucres. A diferencia de otros pa\u00edses del \u00e1rea suramericana, Ecuador sigui\u00f3 al pie de la letra los dictados de la Misi\u00f3n Kemmerer, como en el caso de respetar el patr\u00f3n oro y no evitar la fuga de valores. Al devaluarse la libra de esterlina inglesa se produjo grandes p\u00e9rdidas a la econom\u00eda nacional. Esto gener\u00f3 un alza de los \u00edndices de inflaci\u00f3n con los consabidos resultados en el campo de lo social. En 1931 se liquidaron el Banco del Ecuador, junto a otras seis instituciones.<\/p>\n<h2><strong>El velasquismo<\/strong><\/h2>\n<p>Los latifundistas de la Sierra ecuatoriana aspiraron al poder, logrando el puesto de presidente Neptal\u00ed Bonifaz, pero \u00e9ste fue desaprobado por el Parlamento. Este hecho gener\u00f3 lo que se conoci\u00f3 como Guerra de los Cuatro D\u00edas, en 1932. Detr\u00e1s de ello se vieron organizaciones sindicales controladas por la derecha. Se produjeron nuevas elecciones y, mediante los acostumbrados fraudes electorales, que llevaron al poder a Juan de Dios Mart\u00ednez Mera, quien s\u00f3lo ejerci\u00f3 por unos pocos meses, ya que Jos\u00e9 Mar\u00eda Velasco Ibarra dirigi\u00f3 un golpe parlamentario y fue elegido presidente el primero de septiembre de 1934.<\/p>\n<figure id=\"attachment_3594\" aria-describedby=\"caption-attachment-3594\" style=\"width: 700px\" class=\"wp-caption aligncenter\"><img loading=\"lazy\" decoding=\"async\" class=\"size-full wp-image-3594\" src=\"https:\/\/elbibliote.com\/resources\/articulosdestacados\/wp-content\/uploads\/2018\/04\/iStock-104654027.jpg\" alt=\"\" width=\"700\" height=\"724\" srcset=\"https:\/\/elbibliote.com\/resources\/articulosdestacados\/wp-content\/uploads\/2018\/04\/iStock-104654027.jpg 700w, https:\/\/elbibliote.com\/resources\/articulosdestacados\/wp-content\/uploads\/2018\/04\/iStock-104654027-290x300.jpg 290w\" sizes=\"(max-width: 700px) 100vw, 700px\" \/><figcaption id=\"caption-attachment-3594\" class=\"wp-caption-text\">La Revoluci\u00f3n Cubana influy\u00f3 en el \u00faltimo mandato de Velasco Ibarra.<\/figcaption><\/figure>\n<p>A partir de all\u00ed se sucedieron varios periodos de gobierno, hasta sumar cinco mandatos. En varias ocasiones fue derrotado y expulsado del pa\u00eds, pero las masas populares le apoyaron y lo llevaron a la m\u00e1xima magistratura. Con m\u00e1s o menos nivel de represi\u00f3n fue un dictador que suaviz\u00f3 sus medidas con un arte oratorio como arma de convencimiento y con medidas populares, tanto hacia lo interno del pa\u00eds como en la pol\u00edtica internacional. Fue el presidente de mayor data en el poder al sumar 13 a\u00f1os de gobierno. El velasquismo signific\u00f3 incorporar al sistema pol\u00edtico a sectores excluidos de la sociedad.<\/p>\n<figure id=\"attachment_3595\" aria-describedby=\"caption-attachment-3595\" style=\"width: 700px\" class=\"wp-caption aligncenter\"><img loading=\"lazy\" decoding=\"async\" class=\"size-full wp-image-3595\" src=\"https:\/\/elbibliote.com\/resources\/articulosdestacados\/wp-content\/uploads\/2018\/04\/iStock-471300145.jpg\" alt=\"\" width=\"700\" height=\"384\" srcset=\"https:\/\/elbibliote.com\/resources\/articulosdestacados\/wp-content\/uploads\/2018\/04\/iStock-471300145.jpg 700w, https:\/\/elbibliote.com\/resources\/articulosdestacados\/wp-content\/uploads\/2018\/04\/iStock-471300145-300x165.jpg 300w\" sizes=\"(max-width: 700px) 100vw, 700px\" \/><figcaption id=\"caption-attachment-3595\" class=\"wp-caption-text\">Desde Carondelet Velasco Ibarra gobern\u00f3 13 a\u00f1os.<\/figcaption><\/figure>\n<h2><strong>Gobiernos de Velasco Ibarra<\/strong><\/h2>\n<table>\n<tbody>\n<tr>\n<td width=\"94\">\n<p style=\"text-align: center;\"><strong>\u00a0Per\u00edodo <\/strong><\/p>\n<\/td>\n<td width=\"246\"><strong>Forma en que llega al poder<\/strong><\/td>\n<td width=\"249\">\n<p style=\"text-align: center;\"><strong>Logros<\/strong><\/p>\n<\/td>\n<\/tr>\n<tr>\n<td width=\"94\">1934-1935<\/td>\n<td width=\"246\">Elecciones<\/td>\n<td width=\"249\">\u00b7 Reforma agraria<\/td>\n<\/tr>\n<tr>\n<td width=\"94\">1944-1947<\/td>\n<td width=\"246\">Elecciones<\/td>\n<td width=\"249\">\u00b7 Entrada a la Flota Mercante<\/p>\n<p>\u00b7 Ingreso a la ONU<\/td>\n<\/tr>\n<tr>\n<td width=\"94\">1952-1956<\/td>\n<td width=\"246\">Elecciones<\/td>\n<td width=\"249\">\u00b7 Construcci\u00f3n de 415 escuelas y m\u00e1s de 1359 kil\u00f3metros de carreteras y se mejoraron 1057 kil\u00f3metros<\/td>\n<\/tr>\n<tr>\n<td width=\"94\">1960-1061<\/td>\n<td width=\"246\">Elecciones<\/td>\n<td width=\"249\">\u00b7 Anula el Tratado de R\u00edo de Janeiro<\/td>\n<\/tr>\n<tr>\n<td width=\"94\">1968-1972<\/td>\n<td width=\"246\">Elecciones<\/td>\n<td width=\"249\">\u00b7 Ley de Hidrocarburos (197l)<\/p>\n<p>\u00b7 Cre\u00f3 la Corporaci\u00f3n de Yacimientos Petrol\u00edferos Fiscales<\/p>\n<p>\u00b7 Electrificaci\u00f3n Telecomunicaciones<\/p>\n<p>\u00b7 Oleoductos<\/td>\n<\/tr>\n<\/tbody>\n<\/table>\n<h2><strong>Los intelectuales ante la Revoluci\u00f3n Juliana<\/strong><\/h2>\n<p>La intelectualidad siempre fue abanderada en las luchas sociales de los a\u00f1os del 20 al 40 del siglo XX. Una de las vertientes de esa lucha fue el indigenismo. \u201cLucha por la justicia social ecuatoriana\u201d, que public\u00f3 P\u00edo Jaramillo Alvarado, constituy\u00f3 una obra fundamental para concientizar el pensamiento nacionalista ecuatoriano. El laicismo fue una de las vertientes recurridas en las obras de escritores y artistas. Jos\u00e9 Mar\u00eda Velasco Ibarra public\u00f3 ensayos jur\u00eddicos con marcado \u00e9nfasis en lo social, al igual que Remigio Crespo Toral. Los conservadores y la iglesia se unieron para enfrentar las ideas de izquierda.<\/p>\n","protected":false},"excerpt":{"rendered":"<p>La Revoluci\u00f3n Juliana, conocida as\u00ed por la fecha en que se produjeron los hechos iniciales, (9 de julio de 1925), fue un movimiento de masas populares por el reclamo de sus derechos, pero m\u00e1s que ello, constituy\u00f3 un enfrentamiento entre militares y la banca por alcanzar el poder pol\u00edtico y econ\u00f3mico del Ecuador. Sus causas est\u00e1n en el mal manejo de las finanzas y en las grandes desigualdades sociales existentes.<\/p>\n","protected":false},"author":8,"featured_media":0,"comment_status":"closed","ping_status":"closed","sticky":false,"template":"","format":"standard","meta":{"footnotes":""},"categories":[15],"tags":[4951,4950,4952,4961,4968,3953,127,4970,3978,4955,4962,4953,4954,3282,4948,4966,4973,4972,4965,4963,4969,4971,4960,4958,4957,4959,4974,4949,4947,4946,4967,3979,4956,4964],"_links":{"self":[{"href":"https:\/\/elbibliote.com\/resources\/articulosdestacados\/index.php?rest_route=\/wp\/v2\/posts\/3549"}],"collection":[{"href":"https:\/\/elbibliote.com\/resources\/articulosdestacados\/index.php?rest_route=\/wp\/v2\/posts"}],"about":[{"href":"https:\/\/elbibliote.com\/resources\/articulosdestacados\/index.php?rest_route=\/wp\/v2\/types\/post"}],"author":[{"embeddable":true,"href":"https:\/\/elbibliote.com\/resources\/articulosdestacados\/index.php?rest_route=\/wp\/v2\/users\/8"}],"replies":[{"embeddable":true,"href":"https:\/\/elbibliote.com\/resources\/articulosdestacados\/index.php?rest_route=%2Fwp%2Fv2%2Fcomments&post=3549"}],"version-history":[{"count":14,"href":"https:\/\/elbibliote.com\/resources\/articulosdestacados\/index.php?rest_route=\/wp\/v2\/posts\/3549\/revisions"}],"predecessor-version":[{"id":3610,"href":"https:\/\/elbibliote.com\/resources\/articulosdestacados\/index.php?rest_route=\/wp\/v2\/posts\/3549\/revisions\/3610"}],"wp:attachment":[{"href":"https:\/\/elbibliote.com\/resources\/articulosdestacados\/index.php?rest_route=%2Fwp%2Fv2%2Fmedia&parent=3549"}],"wp:term":[{"taxonomy":"category","embeddable":true,"href":"https:\/\/elbibliote.com\/resources\/articulosdestacados\/index.php?rest_route=%2Fwp%2Fv2%2Fcategories&post=3549"},{"taxonomy":"post_tag","embeddable":true,"href":"https:\/\/elbibliote.com\/resources\/articulosdestacados\/index.php?rest_route=%2Fwp%2Fv2%2Ftags&post=3549"}],"curies":[{"name":"wp","href":"https:\/\/api.w.org\/{rel}","templated":true}]}}