{"id":355,"date":"2018-03-15T10:29:24","date_gmt":"2018-03-15T13:29:24","guid":{"rendered":"http:\/\/elbibliote.com\/resources\/articulosdestacados\/?p=355"},"modified":"2018-03-19T16:00:31","modified_gmt":"2018-03-19T19:00:31","slug":"enfermedades-respiratorias-cronicas","status":"publish","type":"post","link":"https:\/\/elbibliote.com\/resources\/articulosdestacados\/?p=355","title":{"rendered":"Enfermedades respiratorias cr\u00f3nicas"},"content":{"rendered":"<p style=\"text-align: justify;\"><span style=\"color: #808080;\"><em>Las enfermedades respiratorias cr\u00f3nicas (ERC) son afecciones que comprometen al pulm\u00f3n y\/o a las v\u00edas respiratorias<\/em>.<\/span><\/p>\n<p style=\"text-align: justify;\">Dentro de ellas se encuentran:<\/p>\n<ul style=\"text-align: justify;\">\n<li>El asma,<\/li>\n<li>La enfermedad pulmonar obstructiva cr\u00f3nica (EPOC),<\/li>\n<li>La rinitis al\u00e9rgica,<\/li>\n<li>Las enfermedades pulmonares de origen laboral,<\/li>\n<li>La hipertensi\u00f3n pulmonar.<\/li>\n<\/ul>\n<p style=\"text-align: justify;\">Seg\u00fan datos de la Organizaci\u00f3n Mundial de la Salud, se estima que 235 millones de personas padecen asma y 64 millones tienen EPOC. La misma fuente indica que mueren anualmente en el mundo alrededor de 4 millones de personas a causa de las ERC, siendo la EPOC la principal responsable.<\/p>\n<p><img loading=\"lazy\" decoding=\"async\" class=\"aligncenter wp-image-356 size-full\" src=\"https:\/\/elbibliote.com\/resources\/articulosdestacados\/wp-content\/uploads\/2018\/03\/iStock-637851338.jpg\" alt=\"\" width=\"550\" height=\"341\" srcset=\"https:\/\/elbibliote.com\/resources\/articulosdestacados\/wp-content\/uploads\/2018\/03\/iStock-637851338.jpg 550w, https:\/\/elbibliote.com\/resources\/articulosdestacados\/wp-content\/uploads\/2018\/03\/iStock-637851338-300x186.jpg 300w\" sizes=\"(max-width: 550px) 100vw, 550px\" \/><\/p>\n<h2 style=\"text-align: justify;\"><strong>\u00bfCu\u00e1les son sus causas?<\/strong><\/h2>\n<p style=\"text-align: justify;\">Los factores de riesgo m\u00e1s importantes de las ERC son los siguientes:<\/p>\n<ul style=\"text-align: justify;\">\n<li>Fumar<\/li>\n<li>Contaminaci\u00f3n del aire en espacios cerrados, por ejemplo la exposici\u00f3n pasiva al humo de tabaco.<\/li>\n<li>Contaminaci\u00f3n ambiental<\/li>\n<li>Exposici\u00f3n a sustancias que producen reacciones al\u00e9rgicas.<\/li>\n<li>Inhalaci\u00f3n de polvo y productos qu\u00edmicos en el medio laboral.<\/li>\n<li>Antecedentes familiares de asma u otras alergias.<\/li>\n<\/ul>\n<h2 style=\"text-align: justify;\"><strong>\u00bfC\u00f3mo se presenta?<\/strong><\/h2>\n<p style=\"text-align: justify;\">La tos persistente, la falta de aire (disnea) y las secreciones respiratorias son los s\u00edntomas m\u00e1s frecuentes, cuya intensidad var\u00eda de una persona a otra, de acuerdo a la enfermedad en cuesti\u00f3n, su grado se severidad y tiempo de evoluci\u00f3n.<\/p>\n<h2 style=\"text-align: justify;\"><strong>\u00bfC\u00f3mo puede prevenirse?<\/strong><\/h2>\n<p style=\"text-align: justify;\">No fumar y evitar la exposici\u00f3n pasiva al humo de tabaco, son las medidas m\u00e1s efectivas para prevenir el desarrollo de las ERC, as\u00ed como reducir los s\u00edntomas y las complicaciones una vez que la enfermedad ya est\u00e1 instalada. Por otro lado, deben tomarse las medidas necesarias para proteger a los trabajadores con riesgo de exposici\u00f3n a polvo y productos qu\u00edmicos.<\/p>\n<p style=\"text-align: justify;\">Las personas que tienen s\u00edntomas persistentes de tos, silbidos o ronroneos en el pecho o falta de aire deben consultar al m\u00e9dico porque el tratamiento puede evitar que la enfermedad progrese.<\/p>\n<p style=\"text-align: justify;\">Fuente: Ministerio de Salud \u2013 Presidencia de la Naci\u00f3n (Argentina) http:\/\/www.msal.gob.ar\/index.php\/component\/content\/article\/48-temas-de-salud-de-la-a-a-la-z\/351-enfermedades-respiratorias-cronicas#sthash.KJN5WjS9.dpuf<\/p>\n","protected":false},"excerpt":{"rendered":"<p>Las enfermedades respiratorias cr\u00f3nicas (ERC) son afecciones que comprometen al pulm\u00f3n y\/o a las v\u00edas respiratorias.<\/p>\n","protected":false},"author":9,"featured_media":0,"comment_status":"closed","ping_status":"closed","sticky":false,"template":"","format":"standard","meta":{"footnotes":""},"categories":[22],"tags":[304,263,306,300,301,307,302,305,303],"_links":{"self":[{"href":"https:\/\/elbibliote.com\/resources\/articulosdestacados\/index.php?rest_route=\/wp\/v2\/posts\/355"}],"collection":[{"href":"https:\/\/elbibliote.com\/resources\/articulosdestacados\/index.php?rest_route=\/wp\/v2\/posts"}],"about":[{"href":"https:\/\/elbibliote.com\/resources\/articulosdestacados\/index.php?rest_route=\/wp\/v2\/types\/post"}],"author":[{"embeddable":true,"href":"https:\/\/elbibliote.com\/resources\/articulosdestacados\/index.php?rest_route=\/wp\/v2\/users\/9"}],"replies":[{"embeddable":true,"href":"https:\/\/elbibliote.com\/resources\/articulosdestacados\/index.php?rest_route=%2Fwp%2Fv2%2Fcomments&post=355"}],"version-history":[{"count":8,"href":"https:\/\/elbibliote.com\/resources\/articulosdestacados\/index.php?rest_route=\/wp\/v2\/posts\/355\/revisions"}],"predecessor-version":[{"id":1035,"href":"https:\/\/elbibliote.com\/resources\/articulosdestacados\/index.php?rest_route=\/wp\/v2\/posts\/355\/revisions\/1035"}],"wp:attachment":[{"href":"https:\/\/elbibliote.com\/resources\/articulosdestacados\/index.php?rest_route=%2Fwp%2Fv2%2Fmedia&parent=355"}],"wp:term":[{"taxonomy":"category","embeddable":true,"href":"https:\/\/elbibliote.com\/resources\/articulosdestacados\/index.php?rest_route=%2Fwp%2Fv2%2Fcategories&post=355"},{"taxonomy":"post_tag","embeddable":true,"href":"https:\/\/elbibliote.com\/resources\/articulosdestacados\/index.php?rest_route=%2Fwp%2Fv2%2Ftags&post=355"}],"curies":[{"name":"wp","href":"https:\/\/api.w.org\/{rel}","templated":true}]}}