{"id":3564,"date":"2018-04-09T12:02:00","date_gmt":"2018-04-09T15:02:00","guid":{"rendered":"http:\/\/elbibliote.com\/resources\/articulosdestacados\/?p=3564"},"modified":"2018-04-09T12:02:00","modified_gmt":"2018-04-09T15:02:00","slug":"los-terratenientes-la-iglesia-y-la-revolucion-liberal","status":"publish","type":"post","link":"https:\/\/elbibliote.com\/resources\/articulosdestacados\/?p=3564","title":{"rendered":"Los terratenientes, la iglesia y la Revoluci\u00f3n Liberal"},"content":{"rendered":"<p><span style=\"color: #808080;\"><em>La Revoluci\u00f3n Liberal, conocida por algunos como la Guerra Civil Ecuatoriana, constituy\u00f3 un movimiento revolucionario para lograr el derrocamiento de los gobiernos conservadores. Fue impulsada por grupos insurgentes que tuvieron en Eloy Alfaro su gu\u00eda y l\u00edder. La revoluci\u00f3n se inici\u00f3 el 5 de junio de 1895, en el importante puerto de Guayaquil a partir de la proclamaci\u00f3n de Alfaro como Jefe Supremo. Alfaro fue nombrado Presidente Constitucional del Ecuador. Por diversas causas, en 1912 se di\u00f3 fin a la Revoluci\u00f3n con la muerte de su inspirador.<\/em><\/span><\/p>\n<figure id=\"attachment_3566\" aria-describedby=\"caption-attachment-3566\" style=\"width: 550px\" class=\"wp-caption aligncenter\"><img loading=\"lazy\" decoding=\"async\" class=\"wp-image-3566 size-full\" src=\"https:\/\/elbibliote.com\/resources\/articulosdestacados\/wp-content\/uploads\/2018\/04\/iStock_000064392955Hermosa-ciudad-de-Montecristi-en-la-costa-ecuatorianos-Stock-_Medium-1.jpg\" alt=\"\" width=\"550\" height=\"367\" srcset=\"https:\/\/elbibliote.com\/resources\/articulosdestacados\/wp-content\/uploads\/2018\/04\/iStock_000064392955Hermosa-ciudad-de-Montecristi-en-la-costa-ecuatorianos-Stock-_Medium-1.jpg 550w, https:\/\/elbibliote.com\/resources\/articulosdestacados\/wp-content\/uploads\/2018\/04\/iStock_000064392955Hermosa-ciudad-de-Montecristi-en-la-costa-ecuatorianos-Stock-_Medium-1-300x200.jpg 300w\" sizes=\"(max-width: 550px) 100vw, 550px\" \/><figcaption id=\"caption-attachment-3566\" class=\"wp-caption-text\">Ciudad de Montecristi.<\/figcaption><\/figure>\n<h2><strong>Jos\u00e9 Mar\u00eda Urbina: el inicio de los cambios<\/strong><\/h2>\n<p>El 25 de julio de 1851 se decret\u00f3 en la Casa de Gobierno de la ciudad de Guayaquil la manumisi\u00f3n de los esclavos. Este fue el primer acto renovador de la pol\u00edtica mantenida por los gobiernos anteriores al del general Jos\u00e9 Mar\u00eda Urbina. Se inici\u00f3 as\u00ed un proceso de cambios estructurales en Ecuador que condujeron al liberalismo.<\/p>\n<div class=\"su-box su-box-style-default sabiasque\" id=\"\" style=\"border-color:#a8a8b7;border-radius:0px;\"><div class=\"su-box-title\" style=\"background-color:#DBDBEA;color:#484848;border-top-left-radius:0px;border-top-right-radius:0px\">\u00bfSab\u00edas qu\u00e9...?<\/div><div class=\"su-box-content su-u-clearfix su-u-trim\" style=\"border-bottom-left-radius:0px;border-bottom-right-radius:0px\">Las montoneras fueron el m\u00e1s importante fen\u00f3meno de movilizaci\u00f3n social del\u00a0siglo XIX\u00a0en el Ecuador republicano. Surgieron en el campo coste\u00f1o desde principios de\u00a01825, en su inicio el objetivo era reivindicar sus derechos y resistir ante la violencia cometidas por hacendados y autoridades del gobierno.<\/div><\/div>\n<p>Pero los inicios de la verdadera Revoluci\u00f3n Liberal se remontaron a la toma del poder por Ignacio de Veintemilla y sus intentos posteriores de erigirse en dictador. Es entonces cuando diferentes sectores de la sociedad comenzaron a organizarse en contra del gobierno. Veintimilla fue derrotado por las fuerzas organizadas por Eloy Alfaro, quien cont\u00f3 con el apoyo de conservadores. Los conservadores se mantuvieron en el poder hasta 1895, momento en que estalla la Revoluci\u00f3n Liberal.<\/p>\n<div class=\"su-note destacado\"  style=\"border-color:#c1c1d0;\"><div class=\"su-note-inner su-u-clearfix su-u-trim\" style=\"background-color:#DBDBEA;border-color:#ffffff;color:#333333;\"><strong>La Revoluci\u00f3n Liberal<\/strong><\/p>\n<p>La Revoluci\u00f3n Liberal se considera uno de los episodios m\u00e1s importantes de la historia ecuatoriana, por su impacto en la pol\u00edtica y en la sociedad.<\/div><\/div>\n<p>Vicente Lucio Salazar era presidente interino cuando Alfaro tom\u00f3 el poder y fue proclamado Jefe Supremo. En 1897, bajo su iniciativa se elabor\u00f3 la nueva Constituci\u00f3n y fue nombrado Presidente Constitucional. Lo sucedi\u00f3 en el gobierno un hombre que militaba en su misma posici\u00f3n: Le\u00f3nidas Plaza Guti\u00e9rrez. A pesar de ambos defender las ideas liberales, existieron diferencias que los llevaron a ser opuestos. Eloy Alfaro volvi\u00f3 a la carga armada durante el gobierno de Lizardo Garc\u00eda, a quien derrot\u00f3, erigi\u00e9ndose nuevamente en el poder hasta 1911.<\/p>\n<h2><strong>Cronolog\u00eda de la segunda mitad del siglo XIX<\/strong><\/h2>\n<p>Con s\u00f3lo 22 a\u00f1os de edad, Eloy Alfaro realiz\u00f3 lo que pudo considerarse una proeza: con la ayuda un grupo de campesinos tom\u00f3 de reh\u00e9n a Francisco Salazar, gobernador de Manab\u00ed. Esto ocurri\u00f3 en Colorado, cerca de la ciudad de Montecristi, el 5 de junio de 1864. La acci\u00f3n fue un acto de rebeld\u00eda contra el presidente Gabriel Garc\u00eda Moreno. A partir de esta acci\u00f3n Alfaro no se apart\u00f3, hasta la muerte, de la lucha liberal. Perseguido por la proeza realizada, huy\u00f3 a Panam\u00e1, donde encontr\u00f3 refugio, se cas\u00f3 con Ana Paredes y ayud\u00f3 a financiar las insurrecciones contra Garc\u00eda Moreno.<\/p>\n<div class=\"su-box su-box-style-default sabiasque\" id=\"\" style=\"border-color:#a8a8b7;border-radius:0px;\"><div class=\"su-box-title\" style=\"background-color:#DBDBEA;color:#484848;border-top-left-radius:0px;border-top-right-radius:0px\">\u00bfSab\u00edas qu\u00e9...?<\/div><div class=\"su-box-content su-u-clearfix su-u-trim\" style=\"border-bottom-left-radius:0px;border-bottom-right-radius:0px\">Lo que se obtuvo en el campo de batalla se perdi\u00f3 en las lides pol\u00edticas y el r\u00e9gimen olig\u00e1rquico impuso lo que se denomin\u00f3 el Periodo Progresista, que dur\u00f3 once a\u00f1os y tres gobiernos: el de Jos\u00e9 Mar\u00eda Pl\u00e1cido Caama\u00f1o, el de Antonio Flores Jij\u00f3n y el de Luis Cordero Crespo.<\/div><\/div>\n<p>Treinta y un a\u00f1os m\u00e1s tarde apareci\u00f3 Alfaro en la escena pol\u00edtica, luego de sufrir varias derrotas, como la de Balsamaragua, en Manab\u00ed, el seis de diciembre de 1884. Las derrotas sufridas no hicieron cambiar el rumbo de la lucha de Alfaro. Otro cinco de junio, pero de 1895, con la renuncia de Luis Cordero Crespo a la presidencia se produce una revuelta en Guayaquil, donde se proclam\u00f3 al viejo luchador como jefe supremo y luego como presidente constitucional de Ecuador.<\/p>\n<p>El 14 de enero de 1897 se promulg\u00f3 lo que fue la primera constituci\u00f3n liberal de Ecuador. Entre los elementos que conten\u00eda para catalogarse como tal, est\u00e1n la consagraci\u00f3n de los cultos, la abolici\u00f3n de la pena de muerte y la igualdad ciudadana ante la ley. En esta carta magna apareci\u00f3 un nuevo concepto de ciudadano: ser\u00edan considerados como tal los mayores de 18 a\u00f1os que supieran leer y escribir.<\/p>\n<p>El siglo XX se inici\u00f3 en Ecuador con una paradoja: los liberales aparecen divididos en dos bandos, los placistas y los alfaristas, ya que Alfaro hab\u00eda propuesto otros representantes para la candidatura a la presidencia, donde sali\u00f3 electo Le\u00f3nidas Plaza, quien tuvo sus seguidores que se opusieron a las ideas m\u00e1s radicales del viejo luchador.<\/p>\n<p>Cuatro a\u00f1os m\u00e1s tarde se celebraron nuevas elecciones. Los votantes eligieron a Lizardo Garc\u00eda como sustituto en el cargo de presidente de Plaza. Garc\u00eda permaneci\u00f3 poco tiempo en el cargo, ya que gobern\u00f3 desde el 1 de septiembre de 1905 hasta el 15 de enero de 1906, cuando result\u00f3 derrocado por un golpe de Estado que impuso en el poder a Eloy Alfaro. Aqu\u00ed se repiti\u00f3 el mismo esquema de lo sucedido en 1897: lo proclamaron Jefe Supremo, se realiz\u00f3 una Asamblea Constituyente, mientras fue nombrado presidente interino y finalmente fue electo presidente constitucional.<\/p>\n<p>Antes de finalizar el a\u00f1o, el 23 de diciembre, se promulg\u00f3 una nueva Ley de leyes, con modificaciones sustanciales, entre las que se contaron el reparto de tierras a campesinos y la separaci\u00f3n de la Iglesia y el Estado. En la educaci\u00f3n perdi\u00f3 supremac\u00eda el clero, ya que se declar\u00f3 laicismo.<\/p>\n<div class=\"su-note destacado\"  style=\"border-color:#c1c1d0;\"><div class=\"su-note-inner su-u-clearfix su-u-trim\" style=\"background-color:#DBDBEA;border-color:#ffffff;color:#333333;\"><strong>Caracter\u00edsticas del liberalismo<\/strong><\/p>\n<p>Entre las caracter\u00edsticas de la Revoluci\u00f3n Liberal est\u00e1n la implantaci\u00f3n del laicismo en el Ecuador, la separaci\u00f3n de la Iglesia y el Estado, la libertad de culto, la confiscaci\u00f3n de los bienes eclesi\u00e1sticos, el quitarle la primac\u00eda al catolicismo como religi\u00f3n oficial del Estado, la ense\u00f1anza laica y el divorcio.<\/div><\/div>\n<h2><strong>Un final tr\u00e1gico: La hoguera b\u00e1rbara<\/strong><\/h2>\n<p>Por segunda vez en su vida, Alfaro renunci\u00f3 al cargo y se refugi\u00f3 en Panam\u00e1. Esto ocurri\u00f3 el 11 de agosto de 1911, tras protestas en su contra. Regres\u00f3 al pa\u00eds intentando mediar en la Guerra Civil que estaba ocurriendo, pero lo encarcelaron, lo juzgaron y fue enviado a Quito. Es curioso que fue trasladado prisionero en el mismo ferrocarril que a\u00f1os antes inaugur\u00f3.<\/p>\n<p>El 28 de enero de 1912 una turba enardecida entr\u00f3 al pan\u00f3ptico, utilizando las armas de los propios soldados que Alfaro hab\u00eda despedido del penal. Lo amarraron, lo sacaron a la calle, donde le cortaron la barba y los test\u00edculos y los tiraron a la calle. En el Parque El Ejido improvisaron una hoguera y lo quemaron con le\u00f1a y petr\u00f3leo, en compa\u00f1\u00eda de algunos seguidores y su familia.<\/p>\n<figure id=\"attachment_3567\" aria-describedby=\"caption-attachment-3567\" style=\"width: 550px\" class=\"wp-caption aligncenter\"><img loading=\"lazy\" decoding=\"async\" class=\"wp-image-3567 size-full\" src=\"https:\/\/elbibliote.com\/resources\/articulosdestacados\/wp-content\/uploads\/2018\/04\/TH-92281707-Ferrocarril-.jpg\" alt=\"\" width=\"550\" height=\"776\" srcset=\"https:\/\/elbibliote.com\/resources\/articulosdestacados\/wp-content\/uploads\/2018\/04\/TH-92281707-Ferrocarril-.jpg 550w, https:\/\/elbibliote.com\/resources\/articulosdestacados\/wp-content\/uploads\/2018\/04\/TH-92281707-Ferrocarril--213x300.jpg 213w\" sizes=\"(max-width: 550px) 100vw, 550px\" \/><figcaption id=\"caption-attachment-3567\" class=\"wp-caption-text\">El ferrocarril fue resultado de la Revoluci\u00f3n Liberal.<\/figcaption><\/figure>\n<figure id=\"attachment_3569\" aria-describedby=\"caption-attachment-3569\" style=\"width: 550px\" class=\"wp-caption aligncenter\"><img loading=\"lazy\" decoding=\"async\" class=\"wp-image-3569 size-full\" src=\"https:\/\/elbibliote.com\/resources\/articulosdestacados\/wp-content\/uploads\/2018\/04\/TH-487586747-The-Quilotoa-lake-in-Ecuador.jpg\" alt=\"\" width=\"550\" height=\"309\" srcset=\"https:\/\/elbibliote.com\/resources\/articulosdestacados\/wp-content\/uploads\/2018\/04\/TH-487586747-The-Quilotoa-lake-in-Ecuador.jpg 550w, https:\/\/elbibliote.com\/resources\/articulosdestacados\/wp-content\/uploads\/2018\/04\/TH-487586747-The-Quilotoa-lake-in-Ecuador-300x169.jpg 300w\" sizes=\"(max-width: 550px) 100vw, 550px\" \/><figcaption id=\"caption-attachment-3569\" class=\"wp-caption-text\">Por las caracter\u00edsticas del relieve fue muy compleja la construcci\u00f3n del ferrocarril en Ecuador.<\/figcaption><\/figure>\n<p>&nbsp;<\/p>\n<figure id=\"attachment_3571\" aria-describedby=\"caption-attachment-3571\" style=\"width: 550px\" class=\"wp-caption aligncenter\"><img loading=\"lazy\" decoding=\"async\" class=\"wp-image-3571 size-full\" src=\"https:\/\/elbibliote.com\/resources\/articulosdestacados\/wp-content\/uploads\/2018\/04\/TH-105951680-Ecuador-Quito.jpg\" alt=\"\" width=\"550\" height=\"368\" srcset=\"https:\/\/elbibliote.com\/resources\/articulosdestacados\/wp-content\/uploads\/2018\/04\/TH-105951680-Ecuador-Quito.jpg 550w, https:\/\/elbibliote.com\/resources\/articulosdestacados\/wp-content\/uploads\/2018\/04\/TH-105951680-Ecuador-Quito-300x201.jpg 300w\" sizes=\"(max-width: 550px) 100vw, 550px\" \/><figcaption id=\"caption-attachment-3571\" class=\"wp-caption-text\">Actualmente una de las principales avenidas de Quito se llama Eloy Alfaro.<\/figcaption><\/figure>\n<p>&nbsp;<\/p>\n","protected":false},"excerpt":{"rendered":"<p>La Revoluci\u00f3n Liberal, conocida por algunos como la Guerra Civil Ecuatoriana, constituy\u00f3 un movimiento revolucionario para lograr el derrocamiento de los gobiernos conservadores. Fue impulsada por grupos insurgentes que tuvieron en Eloy Alfaro su gu\u00eda y l\u00edder. La revoluci\u00f3n se inici\u00f3 el 5 de junio de 1895, en el importante puerto de Guayaquil a partir de la proclamaci\u00f3n de Alfaro como Jefe Supremo. Alfaro fue nombrado Presidente Constitucional del Ecuador. Por diversas causas, en 1912 se di\u00f3 fin a la Revoluci\u00f3n con la muerte de su inspirador.<\/p>\n","protected":false},"author":8,"featured_media":0,"comment_status":"closed","ping_status":"closed","sticky":false,"template":"","format":"standard","meta":{"footnotes":""},"categories":[15],"tags":[3837,4987,4895,127,4989,3978,4990,3983,3282,3275,4988,4986,4984,4983,4985,3979,134],"_links":{"self":[{"href":"https:\/\/elbibliote.com\/resources\/articulosdestacados\/index.php?rest_route=\/wp\/v2\/posts\/3564"}],"collection":[{"href":"https:\/\/elbibliote.com\/resources\/articulosdestacados\/index.php?rest_route=\/wp\/v2\/posts"}],"about":[{"href":"https:\/\/elbibliote.com\/resources\/articulosdestacados\/index.php?rest_route=\/wp\/v2\/types\/post"}],"author":[{"embeddable":true,"href":"https:\/\/elbibliote.com\/resources\/articulosdestacados\/index.php?rest_route=\/wp\/v2\/users\/8"}],"replies":[{"embeddable":true,"href":"https:\/\/elbibliote.com\/resources\/articulosdestacados\/index.php?rest_route=%2Fwp%2Fv2%2Fcomments&post=3564"}],"version-history":[{"count":3,"href":"https:\/\/elbibliote.com\/resources\/articulosdestacados\/index.php?rest_route=\/wp\/v2\/posts\/3564\/revisions"}],"predecessor-version":[{"id":3631,"href":"https:\/\/elbibliote.com\/resources\/articulosdestacados\/index.php?rest_route=\/wp\/v2\/posts\/3564\/revisions\/3631"}],"wp:attachment":[{"href":"https:\/\/elbibliote.com\/resources\/articulosdestacados\/index.php?rest_route=%2Fwp%2Fv2%2Fmedia&parent=3564"}],"wp:term":[{"taxonomy":"category","embeddable":true,"href":"https:\/\/elbibliote.com\/resources\/articulosdestacados\/index.php?rest_route=%2Fwp%2Fv2%2Fcategories&post=3564"},{"taxonomy":"post_tag","embeddable":true,"href":"https:\/\/elbibliote.com\/resources\/articulosdestacados\/index.php?rest_route=%2Fwp%2Fv2%2Ftags&post=3564"}],"curies":[{"name":"wp","href":"https:\/\/api.w.org\/{rel}","templated":true}]}}