{"id":3974,"date":"2018-04-17T09:50:23","date_gmt":"2018-04-17T12:50:23","guid":{"rendered":"http:\/\/elbibliote.com\/resources\/articulosdestacados\/?p=3974"},"modified":"2021-09-13T12:04:00","modified_gmt":"2021-09-13T15:04:00","slug":"problemas-de-salud-en-la-adolescencia","status":"publish","type":"post","link":"https:\/\/elbibliote.com\/resources\/articulosdestacados\/?p=3974","title":{"rendered":"Problemas de salud en la adolescencia"},"content":{"rendered":"<p><span style=\"color: #808080;\"><em>La adolescencia es un per\u00edodo de crecimiento y desarrollo humano, en el cual el ser humano presenta una serie de cambios f\u00edsicos y sociales previos a convertirse en un adulto. Sin embargo, no todos los adolescentes desarrollan estos cambios de la misma manera y como consecuencia se genera una serie de <\/em>problemas<\/span><em><span style=\"color: #808080;\"> que afecta la salud de los mismos.<\/span> <\/em><\/p>\n<figure id=\"attachment_3981\" aria-describedby=\"caption-attachment-3981\" style=\"width: 550px\" class=\"wp-caption aligncenter\"><img loading=\"lazy\" decoding=\"async\" class=\"wp-image-3981 size-full\" src=\"https:\/\/elbibliote.com\/resources\/articulosdestacados\/wp-content\/uploads\/2018\/04\/iStock-564565088.jpg\" alt=\"La comunicaci\u00f3n en la familia es un factor importante para prevenir problemas de salud en la adolescencia.\" width=\"550\" height=\"367\" srcset=\"https:\/\/elbibliote.com\/resources\/articulosdestacados\/wp-content\/uploads\/2018\/04\/iStock-564565088.jpg 550w, https:\/\/elbibliote.com\/resources\/articulosdestacados\/wp-content\/uploads\/2018\/04\/iStock-564565088-300x200.jpg 300w\" sizes=\"(max-width: 550px) 100vw, 550px\" \/><figcaption id=\"caption-attachment-3981\" class=\"wp-caption-text\">La comunicaci\u00f3n en la familia es un factor importante para prevenir problemas de salud en la adolescencia.<\/figcaption><\/figure>\n<h2><strong>Principales problemas de salud en adolescentes <\/strong><\/h2>\n<h2><u>El embarazo precoz <\/u><\/h2>\n<p>Seg\u00fan la Organizaci\u00f3n Mundial de la Salud (OMS), aproximadamente el 11 % de todos los nacimientos a nivel mundial corresponden a adolescentes entre los 15 y 19 a\u00f1os. Las mayores cifras de embarazos precoces se registran en pa\u00edses de ingresos bajos y medianos debido a diversos factores socioecon\u00f3micos.<\/p>\n<p>Los riesgos y complicaciones relacionados con el embarazo precoz son la principal causa de mortalidad entre las j\u00f3venes de 15 a 19 a\u00f1os en todo el mundo.<\/p>\n<p>Para prevenir un embarazo precoz es importante que las adolescentes est\u00e9n orientadas sobre temas sexuales como el aborto y las enfermedades de transmisi\u00f3n sexual, tanto en la escuela como en el hogar. Adem\u00e1s, es necesario fomentar en los j\u00f3venes el crecimiento de su autoestima y prepararlos para ser adultos maduros y responsables capaces de tomar las decisiones correctas acerca de su sexualidad. Si los adolescentes tienen una vida sexualmente activa, se recomienda el uso de m\u00e9todos anticonceptivos para prevenir un embarazo no deseado.<\/p>\n<figure id=\"attachment_3983\" aria-describedby=\"caption-attachment-3983\" style=\"width: 550px\" class=\"wp-caption aligncenter\"><img loading=\"lazy\" decoding=\"async\" class=\"wp-image-3983 size-full\" src=\"https:\/\/elbibliote.com\/resources\/articulosdestacados\/wp-content\/uploads\/2018\/04\/iStock-507255574.jpg\" alt=\"El 11 % de todos los nacimientos a nivel mundial corresponden a adolescentes.\" width=\"550\" height=\"367\" srcset=\"https:\/\/elbibliote.com\/resources\/articulosdestacados\/wp-content\/uploads\/2018\/04\/iStock-507255574.jpg 550w, https:\/\/elbibliote.com\/resources\/articulosdestacados\/wp-content\/uploads\/2018\/04\/iStock-507255574-300x200.jpg 300w\" sizes=\"(max-width: 550px) 100vw, 550px\" \/><figcaption id=\"caption-attachment-3983\" class=\"wp-caption-text\">El 11 % de todos los nacimientos a nivel mundial corresponden a adolescentes.<\/figcaption><\/figure>\n<h2><u>Enfermedades de transmisi\u00f3n sexual (ETS) <\/u><\/h2>\n<p>Seg\u00fan cifras de la OMS, m\u00e1s de dos millones de adolescentes viven con VIH (Sida) en todo el mundo. A pesar de que la mortalidad por esta enfermedad ha disminuido con respecto a a\u00f1os anteriores, sigue siendo uno de los principales factores que afectan a los j\u00f3venes a nivel mundial.<\/p>\n<p>El continente que genera m\u00e1s muertes de ni\u00f1os y adolescentes por VIH es \u00c1frica ya que posee el mayor n\u00famero de ni\u00f1os infectados por este virus, sin embargo, no todos reciben la atenci\u00f3n y los cuidados necesarios para sobrevivir o prevenir la transmisi\u00f3n debido a las condiciones socioecon\u00f3micas de la regi\u00f3n.<\/p>\n<p>Otras enfermedades de transmisi\u00f3n sexual como el papiloma, el herpes, la gonorrea, la clamidia y la s\u00edfilis, a pesar de no ser mortales como el VIH, tambi\u00e9n son un gran problema que ataca la salud de los adolescentes, por lo tanto, los j\u00f3venes deben saber c\u00f3mo protegerse y disponer de los medios para ello.<\/p>\n<p>El m\u00e9todo preventivo principal de estas enfermedades es la comunicaci\u00f3n y orientaci\u00f3n de los padres u otros familiares en el hogar, conocer sobre m\u00e9todos anticonceptivos y tener acceso a ellos para evitar la transmisi\u00f3n de dichas enfermedades, y tambi\u00e9n embarazos no deseados. Adem\u00e1s, si los j\u00f3venes est\u00e1n sexualmente activos se recomienda llevar un control m\u00e9dico y realizar anualmente pruebas que detecten este tipo de enfermedades.<\/p>\n<figure id=\"attachment_3985\" aria-describedby=\"caption-attachment-3985\" style=\"width: 550px\" class=\"wp-caption aligncenter\"><img loading=\"lazy\" decoding=\"async\" class=\"wp-image-3985 size-full\" src=\"https:\/\/elbibliote.com\/resources\/articulosdestacados\/wp-content\/uploads\/2018\/04\/iStock-507801456.jpg\" alt=\"El uso de m\u00e9todos anticonceptivos previene las enfermedades de transmisi\u00f3n sexual.\" width=\"550\" height=\"367\" srcset=\"https:\/\/elbibliote.com\/resources\/articulosdestacados\/wp-content\/uploads\/2018\/04\/iStock-507801456.jpg 550w, https:\/\/elbibliote.com\/resources\/articulosdestacados\/wp-content\/uploads\/2018\/04\/iStock-507801456-300x200.jpg 300w\" sizes=\"(max-width: 550px) 100vw, 550px\" \/><figcaption id=\"caption-attachment-3985\" class=\"wp-caption-text\">El uso de m\u00e9todos anticonceptivos previene las enfermedades de transmisi\u00f3n sexual.<\/figcaption><\/figure>\n<h2><u>Salud mental y violencia <\/u><\/h2>\n<p>Seg\u00fan la OMS, factores psicol\u00f3gicos como la depresi\u00f3n son la tercera causa principal de la morbilidad y discapacidad entre adolescentes de 15 a 19 a\u00f1os. Factores como la violencia, la humillaci\u00f3n, la baja autoestima y la situaci\u00f3n econ\u00f3mica aumentan el riesgo de padecer problemas psicol\u00f3gicos.<\/p>\n<p>Un adolescente con problemas de salud mental se ve obligado por el entorno social a consumir drogas y alcohol, lo cual genera cambios en las aptitudes del individuo y genera situaciones de violencia que atentan contra la vida del mismo.<\/p>\n<p>Es importante propiciar el desarrollo de aptitudes para la vida en los ni\u00f1os y adolescentes, as\u00ed como ofrecerles la orientaci\u00f3n y el apoyo psicosocial necesarios para llevar una vida con completa normalidad en la escuela, en la comunidad y en el hogar.<\/p>\n<p>Si el adolescente presenta estos problemas es importante detectarlos a tiempo para as\u00ed manejarlos adecuadamente. Existen programas sociales que ayudan a fortalecer los lazos entre los adolescentes y sus familiares y, por lo tanto, combatir juntos dichos problemas. Adem\u00e1s, es vital que los j\u00f3venes se sientan c\u00f3modos en sus hogares; tener una buena comunicaci\u00f3n con sus padres y reducir el acceso al alcohol, drogas y armas de fuego pueden prevenir lesiones como consecuencia de la violencia.<\/p>\n<p><img loading=\"lazy\" decoding=\"async\" class=\"wp-image-3988 size-full aligncenter\" src=\"https:\/\/elbibliote.com\/resources\/articulosdestacados\/wp-content\/uploads\/2018\/04\/iStock-178897619.jpg\" alt=\" Los problemas psicol\u00f3gicos pueden hacer que los adolescentes se hagan da\u00f1o o hasta se suiciden.\" width=\"550\" height=\"367\" srcset=\"https:\/\/elbibliote.com\/resources\/articulosdestacados\/wp-content\/uploads\/2018\/04\/iStock-178897619.jpg 550w, https:\/\/elbibliote.com\/resources\/articulosdestacados\/wp-content\/uploads\/2018\/04\/iStock-178897619-300x200.jpg 300w\" sizes=\"(max-width: 550px) 100vw, 550px\" \/><\/p>\n<div class=\"su-note destacado\"  style=\"border-color:#c1c1d0;\"><div class=\"su-note-inner su-u-clearfix su-u-trim\" style=\"background-color:#DBDBEA;border-color:#ffffff;color:#333333;\"><strong>Otros problemas de salud en adolescentes <\/strong><\/p>\n<p>La malnutrici\u00f3n y obesidad en ni\u00f1os y adolescentes conlleva a que estos sean propensos a contraer enfermedades y morir a una edad temprana. Enfermedades como la anemia o problemas cardiacos han sido causas principales de millones de muertes de ni\u00f1os y adolescentes en todo el mundo. Por tal motivo, es importante desarrollar en la ni\u00f1ez y en la adolescencia buenos h\u00e1bitos alimenticios y realizar ejercicio f\u00edsico de manera adecuada para tener una vida plena como adultos.<\/p>\n<figure id=\"attachment_3989\" aria-describedby=\"caption-attachment-3989\" style=\"width: 550px\" class=\"wp-caption aligncenter\"><img loading=\"lazy\" decoding=\"async\" class=\"wp-image-3989 size-full\" src=\"https:\/\/elbibliote.com\/resources\/articulosdestacados\/wp-content\/uploads\/2018\/04\/iStock-583851040.jpg\" alt=\"Realizar ejercicios de forma adecuada ayuda a mejorar la salud en ni\u00f1os y adolescentes.\" width=\"550\" height=\"367\" srcset=\"https:\/\/elbibliote.com\/resources\/articulosdestacados\/wp-content\/uploads\/2018\/04\/iStock-583851040.jpg 550w, https:\/\/elbibliote.com\/resources\/articulosdestacados\/wp-content\/uploads\/2018\/04\/iStock-583851040-300x200.jpg 300w\" sizes=\"(max-width: 550px) 100vw, 550px\" \/><figcaption id=\"caption-attachment-3989\" class=\"wp-caption-text\">Realizar ejercicios de forma adecuada ayuda a mejorar la salud en ni\u00f1os y adolescentes.<\/figcaption><\/figure>\n<\/div><\/div>\n","protected":false},"excerpt":{"rendered":"<p>La adolescencia es un per\u00edodo de crecimiento y desarrollo humano, en el cual el ser humano presenta una serie de cambios f\u00edsicos y sociales previos a convertirse en un adulto. Sin embargo, no todos los adolescentes desarrollan estos cambios de la misma manera y como consecuencia se genera una serie de problemas que afecta la salud de los mismos.<\/p>\n","protected":false},"author":6,"featured_media":0,"comment_status":"closed","ping_status":"closed","sticky":false,"template":"","format":"standard","meta":{"footnotes":""},"categories":[22],"tags":[2978,5407,5408,2145,495,3429,5412,1636,792,1175,5411,2906,5409,285,294,1852,3243,1272,5418,1810,5413,5395,5415,5410,5417,319,5416,5406,5414,710,293,2092,299],"_links":{"self":[{"href":"https:\/\/elbibliote.com\/resources\/articulosdestacados\/index.php?rest_route=\/wp\/v2\/posts\/3974"}],"collection":[{"href":"https:\/\/elbibliote.com\/resources\/articulosdestacados\/index.php?rest_route=\/wp\/v2\/posts"}],"about":[{"href":"https:\/\/elbibliote.com\/resources\/articulosdestacados\/index.php?rest_route=\/wp\/v2\/types\/post"}],"author":[{"embeddable":true,"href":"https:\/\/elbibliote.com\/resources\/articulosdestacados\/index.php?rest_route=\/wp\/v2\/users\/6"}],"replies":[{"embeddable":true,"href":"https:\/\/elbibliote.com\/resources\/articulosdestacados\/index.php?rest_route=%2Fwp%2Fv2%2Fcomments&post=3974"}],"version-history":[{"count":4,"href":"https:\/\/elbibliote.com\/resources\/articulosdestacados\/index.php?rest_route=\/wp\/v2\/posts\/3974\/revisions"}],"predecessor-version":[{"id":19422,"href":"https:\/\/elbibliote.com\/resources\/articulosdestacados\/index.php?rest_route=\/wp\/v2\/posts\/3974\/revisions\/19422"}],"wp:attachment":[{"href":"https:\/\/elbibliote.com\/resources\/articulosdestacados\/index.php?rest_route=%2Fwp%2Fv2%2Fmedia&parent=3974"}],"wp:term":[{"taxonomy":"category","embeddable":true,"href":"https:\/\/elbibliote.com\/resources\/articulosdestacados\/index.php?rest_route=%2Fwp%2Fv2%2Fcategories&post=3974"},{"taxonomy":"post_tag","embeddable":true,"href":"https:\/\/elbibliote.com\/resources\/articulosdestacados\/index.php?rest_route=%2Fwp%2Fv2%2Ftags&post=3974"}],"curies":[{"name":"wp","href":"https:\/\/api.w.org\/{rel}","templated":true}]}}