{"id":404,"date":"2018-03-16T11:42:06","date_gmt":"2018-03-16T14:42:06","guid":{"rendered":"http:\/\/elbibliote.com\/resources\/articulosdestacados\/?p=404"},"modified":"2018-03-19T15:48:56","modified_gmt":"2018-03-19T18:48:56","slug":"espina-bifida","status":"publish","type":"post","link":"https:\/\/elbibliote.com\/resources\/articulosdestacados\/?p=404","title":{"rendered":"Espina b\u00edfida"},"content":{"rendered":"<p style=\"text-align: justify;\"><span style=\"color: #808080;\"><em>La espina b\u00edfida es un problema en la columna vertebral, y en algunos casos, en la m\u00e9dula espinal (tejido nervioso que transmite mensajes del cerebro a las diferentes partes del cuerpo) que presentan algunos beb\u00e9s.\u00a0Esta\u00a0anomal\u00eda cong\u00e9nita\u00a0es una de las m\u00e1s comunes.<\/em><\/span><\/p>\n<p style=\"text-align: justify;\">La malformaci\u00f3n se produce alrededor del d\u00eda 28\u00ba de gestaci\u00f3n, momento en el que se termina de cerrar el tubo neural (parte del embri\u00f3n a partir del cual se forman el cerebro y la m\u00e9dula espinal).<\/p>\n<p><img loading=\"lazy\" decoding=\"async\" class=\"aligncenter wp-image-405 size-full\" src=\"https:\/\/elbibliote.com\/resources\/articulosdestacados\/wp-content\/uploads\/2018\/03\/iStock-612226550.jpg\" alt=\"\" width=\"550\" height=\"367\" srcset=\"https:\/\/elbibliote.com\/resources\/articulosdestacados\/wp-content\/uploads\/2018\/03\/iStock-612226550.jpg 550w, https:\/\/elbibliote.com\/resources\/articulosdestacados\/wp-content\/uploads\/2018\/03\/iStock-612226550-300x200.jpg 300w\" sizes=\"(max-width: 550px) 100vw, 550px\" \/><\/p>\n<h2 style=\"text-align: justify;\"><strong>\u00bfQu\u00e9\u00a0tipos existen?<\/strong><\/h2>\n<h3 style=\"text-align: justify;\">Existen tres clases de espina b\u00edfida:<\/h3>\n<p style=\"text-align: justify;\">&#8211; La m\u00e1s grave es la que presenta una bolsita que contiene l\u00edquido y los nervios de la m\u00e9dula espinal que se asoma por el final de la columna -que se encuentra abierta. En algunos casos la bolsita no est\u00e1 y la m\u00e9dula espinal y los nervios se pueden ver. Esto produce par\u00e1lisis en las piernas de los beb\u00e9s y problemas para controlar la vejiga y los intestinos. A este tipo de espina b\u00edfida se la conoce como mielomeningocele.<br \/>\n&#8211; La menos frecuente es cuando la bolsita que se asoma al final de la columna contiene las membranas pero no los nervios espinales. En este caso se puede extirpar mediante cirug\u00eda permitiendo un desarrollo normal del ni\u00f1o. Se la conoce como meningocele.<br \/>\n&#8211; La m\u00e1s leve se la conoce como espina b\u00edfida oculta y no produce s\u00edntomas. Es muy com\u00fan enterarse casualmente cuando el ni\u00f1o ya ha crecido, a trav\u00e9s de una radiograf\u00eda por ejemplo. B\u00e1sicamente consiste en la existencia de peque\u00f1as aberturas en algunas v\u00e9rtebras de la columna. Por lo general, no requiere de ning\u00fan tratamiento.<\/p>\n<h2 style=\"text-align: justify;\"><strong>\u00bfCu\u00e1les son las causas?<\/strong><\/h2>\n<p style=\"text-align: justify;\">Se estima que una de las causas puede ser un nivel insuficiente en el organismo de la madre de\u00a0\u00e1cido f\u00f3lico\u00a0(una vitamina que contienen algunos alimentos como las verduras de hojas verdes, las legumbres y las naranjas). Otras causas pueden ser: mujeres con\u00a0diabetes\u00a0mal controlada o que hayan ingerido medicamentos anticonvulsivantes durante el embarazo.<\/p>\n<p style=\"text-align: justify;\">Si bien esta malformaci\u00f3n se suele presentar en familias que no tienen antecedentes, si \u00e9stos existen es recomendable que la pareja consulte a un m\u00e9dico genetista sobre los posibles riesgos antes de concebir un futuro beb\u00e9.<\/p>\n<p style=\"text-align: justify;\">En el caso de pap\u00e1s que ya han tenido un beb\u00e9 con espina b\u00edfida -u otro defecto del tubo neural- existe un riesgo mayor de tener otro beb\u00e9 con el mismo problema.<\/p>\n<h2 style=\"text-align: justify;\"><strong>\u00a0\u00bfQu\u00e9 problemas pueden tener los beb\u00e9s y ni\u00f1os con espina b\u00edfida?<\/strong><\/h2>\n<h3 style=\"text-align: justify;\"><strong>Hidrocefalia:<\/strong><\/h3>\n<p style=\"text-align: justify;\">Es la acumulaci\u00f3n de l\u00edquido en el cerebro. Este l\u00edquido hace que el cerebro se agrande provocando una presi\u00f3n que \u2013 de no ser tratada- puede ocasionar lesiones y retraso mental. Por lo general mediante una cirug\u00eda se coloca un tubo que permite drenarlo.<\/p>\n<h3 style=\"text-align: justify;\"><strong>Malformaci\u00f3n de Chiari tipo II:<\/strong><\/h3>\n<p style=\"text-align: justify;\">Se presenta cuando el cerebro se encuentra ubicado m\u00e1s abajo de lo normal. Esto provoca dificultades para respirar, tragar y debilidad en la parte superior del cuerpo. Puede ser tratado mediante cirug\u00edas.<\/p>\n<h3 style=\"text-align: justify;\"><strong>M\u00e9dula espinal anclada:<\/strong><\/h3>\n<p style=\"text-align: justify;\">La m\u00e9dula espinal normalmente se desliza con el movimiento del cuerpo hacia arriba y hacia abajo, pero la m\u00e9dula espinal anclada queda retenida en su lugar por el tejido que la rodea. Esto provoca debilidad en las piernas, curvatura de la columna vertebral (escoliosis), dolor de espalda y piernas y alteraciones en la vejiga. Tambi\u00e9n puede ser tratada mediante cirug\u00edas.<\/p>\n<h3 style=\"text-align: justify;\"><strong>Trastornos urinarios:<\/strong><\/h3>\n<p style=\"text-align: justify;\">Los problemas para vaciar la vejiga por completo son frecuentes, lo que puede provocar infecciones urinarias y lesiones en los ri\u00f1ones. Es importante el tratamiento con un m\u00e9dico especializado en problemas urinarios.<\/p>\n<h3 style=\"text-align: justify;\"><strong>Alergia al l\u00e1tex:<\/strong><\/h3>\n<p style=\"text-align: justify;\">Debido a que es normal que estos ni\u00f1os tengan alergia al l\u00e1tex (posiblemente por la exposici\u00f3n reiterada a las cirug\u00edas) se recomienda a los m\u00e9dicos que utilicen en las intervenciones con estos pacientes guantes y elementos que no sean de l\u00e1tex. Tambi\u00e9n es aconsejable que los beb\u00e9s no tengan contacto con tetinas de mamaderas y chupetes de este material.<\/p>\n<h3 style=\"text-align: justify;\"><strong>Problemas de aprendizaje:<\/strong><\/h3>\n<p style=\"text-align: justify;\">Estos ni\u00f1os poseen una inteligencia normal generalmente, pero pueden manifestar algunos problemas en el aprendizaje.<\/p>\n<h3 style=\"text-align: justify;\"><strong>Otros trastornos:<\/strong><\/h3>\n<p style=\"text-align: justify;\">Ocasionalmente pueden presentarse problemas f\u00edsicos y psicol\u00f3gicos adicionales, como obesidad, trastornos digestivos, depresi\u00f3n y problemas sexuales.<\/p>\n<h2 style=\"text-align: justify;\"><strong>\u00bfCu\u00e1l es el tratamiento adecuado?<\/strong><\/h2>\n<p style=\"text-align: justify;\">&#8211; La forma m\u00e1s grave (mielomeningocele) requiere cirug\u00eda dentro de las\u00a024 a\u00a0las 48 horas del nacimiento. Esta intervenci\u00f3n permite colocar en su lugar los nervios que est\u00e1n expuestos y cubrirlos con m\u00fasculo y piel. La inmediatez de esta operaci\u00f3n permite evitar infecciones y lesiones. Luego de la cirug\u00eda se recomienda el tratamiento con un kinesi\u00f3logo para mejorar los problemas de movilidad que pudieran presentar las piernas y\/o los pies el beb\u00e9.<br \/>\n&#8211; La forma menos frecuente (meningocele) tambi\u00e9n se repara con una cirug\u00eda y estos beb\u00e9s no tienen riesgos de sufrir par\u00e1lisis.<br \/>\n&#8211; La forma m\u00e1s leve (espina b\u00edfida oculta) no requiere tratamiento.<\/p>\n<h2 style=\"text-align: justify;\"><strong>\u00bfC\u00f3mo puede prevenirse?<\/strong><\/h2>\n<p style=\"text-align: justify;\">Una de las principales medidas preventivas es el consumo de \u00e1cido f\u00f3lico en los meses anteriores y posteriores al embarazo lo que permite que el tubo neural se cierre correctamente. Si bien el \u00e1cido f\u00f3lico se encuentra en algunos alimentos, es importante que el m\u00e9dico garantice los niveles necesarios del mismo recet\u00e1ndolo como complemento vitam\u00ednico para la mujer embarazada.<\/p>\n<p style=\"text-align: justify;\">Fuente: Ministerio de Salud \u2013 Presidencia de la Naci\u00f3n (Argentina) http:\/\/www.msal.gob.ar\/index.php\/component\/content\/article\/48\/138-espina-bifida#sthash.AxNNxIJN.dpuf<\/p>\n","protected":false},"excerpt":{"rendered":"<p>La espina b\u00edfida es un problema en la columna vertebral, y en algunos casos, en la m\u00e9dula espinal (tejido nervioso que transmite mensajes del cerebro a las diferentes partes del cuerpo) que presentan algunos beb\u00e9s.\u00a0Esta\u00a0anomal\u00eda cong\u00e9nita\u00a0es una de las m\u00e1s comunes.<\/p>\n","protected":false},"author":9,"featured_media":0,"comment_status":"closed","ping_status":"closed","sticky":false,"template":"","format":"standard","meta":{"footnotes":""},"categories":[22],"tags":[355,213,351,354,350,357,356,352,360,359,358,353],"_links":{"self":[{"href":"https:\/\/elbibliote.com\/resources\/articulosdestacados\/index.php?rest_route=\/wp\/v2\/posts\/404"}],"collection":[{"href":"https:\/\/elbibliote.com\/resources\/articulosdestacados\/index.php?rest_route=\/wp\/v2\/posts"}],"about":[{"href":"https:\/\/elbibliote.com\/resources\/articulosdestacados\/index.php?rest_route=\/wp\/v2\/types\/post"}],"author":[{"embeddable":true,"href":"https:\/\/elbibliote.com\/resources\/articulosdestacados\/index.php?rest_route=\/wp\/v2\/users\/9"}],"replies":[{"embeddable":true,"href":"https:\/\/elbibliote.com\/resources\/articulosdestacados\/index.php?rest_route=%2Fwp%2Fv2%2Fcomments&post=404"}],"version-history":[{"count":6,"href":"https:\/\/elbibliote.com\/resources\/articulosdestacados\/index.php?rest_route=\/wp\/v2\/posts\/404\/revisions"}],"predecessor-version":[{"id":1001,"href":"https:\/\/elbibliote.com\/resources\/articulosdestacados\/index.php?rest_route=\/wp\/v2\/posts\/404\/revisions\/1001"}],"wp:attachment":[{"href":"https:\/\/elbibliote.com\/resources\/articulosdestacados\/index.php?rest_route=%2Fwp%2Fv2%2Fmedia&parent=404"}],"wp:term":[{"taxonomy":"category","embeddable":true,"href":"https:\/\/elbibliote.com\/resources\/articulosdestacados\/index.php?rest_route=%2Fwp%2Fv2%2Fcategories&post=404"},{"taxonomy":"post_tag","embeddable":true,"href":"https:\/\/elbibliote.com\/resources\/articulosdestacados\/index.php?rest_route=%2Fwp%2Fv2%2Ftags&post=404"}],"curies":[{"name":"wp","href":"https:\/\/api.w.org\/{rel}","templated":true}]}}