{"id":4646,"date":"2018-04-25T16:42:53","date_gmt":"2018-04-25T19:42:53","guid":{"rendered":"http:\/\/elbibliote.com\/resources\/articulosdestacados\/?p=4646"},"modified":"2023-11-01T11:41:37","modified_gmt":"2023-11-01T14:41:37","slug":"la-poesia-lirica","status":"publish","type":"post","link":"https:\/\/elbibliote.com\/resources\/articulosdestacados\/?p=4646","title":{"rendered":"La poes\u00eda l\u00edrica"},"content":{"rendered":"<p><span style=\"color: #999999;\"><em>La literatura se compone de tres tipos textuales, la narrativa, la l\u00edrica y el drama. La poes\u00eda es un g\u00e9nero que se caracteriza por exponer el mundo interno del autor; es una forma personal y subjetiva, donde su creador manifiesta con lirismo, los triunfos y pesares de su vida, entre otros temas. La poes\u00eda se compone de una estructura espec\u00edfica: estrofa, verso y rima.<\/em><\/span><\/p>\n<h2>Nociones sobre literatura<\/h2>\n<p>En la literatura existen tres tipos textuales que juntos, se encargan de darle definici\u00f3n al arte de la palabra escrita. Estos g\u00e9neros, a su vez, componen un gran conjunto de g\u00e9neros, que comparten la misma intenci\u00f3n comunicativa pero desde diferentes \u00e1ngulos. Dichos tipos textuales son la narrativa, la l\u00edrica y el drama y cada uno tiene caracter\u00edsticas particulares que al unirse, conforman la naturaleza maleable, subjetiva, l\u00fadica e intensa de lo literario. La narrativa, se encarga de contar los hechos de historias reales o ficticias relatadas por un personaje llamado narrador (que puede ser protagonista, omnisciente o testigo). La l\u00edrica, manifiesta los deseos, pensamientos, necesidades, emociones y sentimientos del autor, por una voz que se denomina el yo l\u00edrico. Y el drama, consiste en la aparici\u00f3n esc\u00e9nica de personajes, donde se busca representar los conflictos originados entre realidades diversas creadas desde el gui\u00f3n.<\/p>\n<figure id=\"attachment_4647\" aria-describedby=\"caption-attachment-4647\" style=\"width: 700px\" class=\"wp-caption alignnone\"><img loading=\"lazy\" decoding=\"async\" class=\"size-full wp-image-4647\" src=\"https:\/\/elbibliote.com\/resources\/articulosdestacados\/wp-content\/uploads\/2018\/04\/TH-79318942-Mid-Adult-Couple-Enjoying-Opera-at-a-Theater-Rear-View.jpg\" alt=\"\" width=\"700\" height=\"569\" srcset=\"https:\/\/elbibliote.com\/resources\/articulosdestacados\/wp-content\/uploads\/2018\/04\/TH-79318942-Mid-Adult-Couple-Enjoying-Opera-at-a-Theater-Rear-View.jpg 700w, https:\/\/elbibliote.com\/resources\/articulosdestacados\/wp-content\/uploads\/2018\/04\/TH-79318942-Mid-Adult-Couple-Enjoying-Opera-at-a-Theater-Rear-View-300x244.jpg 300w\" sizes=\"(max-width: 700px) 100vw, 700px\" \/><figcaption id=\"caption-attachment-4647\" class=\"wp-caption-text\">Representaci\u00f3n dram\u00e1tica.<\/figcaption><\/figure>\n<h2>La lira<\/h2>\n<p>La palabra l\u00edrica, tiene su ra\u00edz en el nombre de un instrumento antiguo que usaban los griegos para acompa\u00f1ar sus historias, que com\u00fanmente eran recitadas en las plazas y lugares p\u00fablicos. La lira, proviene del vocablo griego <em>\u03bb\u03c5\u03c1\u03b9\u03ba\u03ae,\u00a0lyrik\u00e9<\/em>; y \u00e9ste de <em>\u03bb\u03cd\u03c1\u03b1,\u00a0l\u00fdra<\/em>,\u00a0y es un instrumento musical de cuerda, usado por los antiguos, compuesto de varias cuerdas tensas en un marco, que se pulsaban con ambas manos. Debido a esto, la poes\u00eda se relaciona con los cantos que los autores compon\u00edan para recitar en un espect\u00e1culo.<\/p>\n<p>En la cultura griega, existen varias versiones y dioses a los que se adjudica la creaci\u00f3n del instrumento de cuerda, entre ellos, los dioses del Olimpo el mensajero Hermes.\u00a0Tambi\u00e9n se le atribuye la creaci\u00f3n a Polimnia, hija de\u00a0Zeus\u00a0y\u00a0Mnem\u00f3sine, tenida como la\u00a0musa\u00a0de la\u00a0poes\u00eda l\u00edrica. Pero seg\u00fan los griegos, era la musa Erato\u00a0(del\u00a0griego\u00a0<em>\u0395\u03c1\u03b1\u03c4\u03ce<\/em>, \u00abAmable\u00bb o \u00abAmorosa\u00bb) quien representaba la poes\u00eda amorosa y se encargaba de tocar la lira, su nombre tiene la misma ra\u00edz que Eros, dios de los deseos sexuales, el amor y la fertilidad. La poes\u00eda amorosa es conocida tambi\u00e9n por algunos autores como poes\u00eda l\u00edrica aunque el t\u00e9rmino resulta algo redundante pues el lirismo caracteriza al tipo textual que tambi\u00e9n puede clasificarse como macro-g\u00e9nero.<\/p>\n<figure id=\"attachment_4648\" aria-describedby=\"caption-attachment-4648\" style=\"width: 700px\" class=\"wp-caption alignnone\"><img loading=\"lazy\" decoding=\"async\" class=\"size-full wp-image-4648\" src=\"https:\/\/elbibliote.com\/resources\/articulosdestacados\/wp-content\/uploads\/2018\/04\/Erato-the-olympians-15524116-1000-1540.jpg\" alt=\"\" width=\"700\" height=\"543\" srcset=\"https:\/\/elbibliote.com\/resources\/articulosdestacados\/wp-content\/uploads\/2018\/04\/Erato-the-olympians-15524116-1000-1540.jpg 700w, https:\/\/elbibliote.com\/resources\/articulosdestacados\/wp-content\/uploads\/2018\/04\/Erato-the-olympians-15524116-1000-1540-300x233.jpg 300w\" sizes=\"(max-width: 700px) 100vw, 700px\" \/><figcaption id=\"caption-attachment-4648\" class=\"wp-caption-text\">Erato, era la musa que inspiraba el amor, y se dec\u00eda<br \/>que era la encargada de tocar la lira.<\/figcaption><\/figure>\n<h2>La poes\u00eda amorosa, historia y definici\u00f3n<\/h2>\n<p>Como gran parte de la literatura occidental, \u00e9sta tiene sus or\u00edgenes en la Antigua Grecia, m\u00e1s espec\u00edficamente en la isla de Lesbos, de donde provienen los poetas Safo y Alceo, pertenecientes a los nueve poetas l\u00edricos de la Antig\u00fcedad: Anacreonte\u00a0(l\u00edrica mon\u00f3dica, VI siglo a. C.), Alcm\u00e1n de Esparta\u00a0(l\u00edrica coral, siglo VII a. C.), Estes\u00edcoro\u00a0(l\u00edrica coral, VI siglo a. C.), \u00cdbico\u00a0(l\u00edrica coral, VI siglo a. C.), Sim\u00f3nides de Ceos\u00a0(l\u00edrica coral, siglo VI a. C.), Baqu\u00edlides\u00a0(l\u00edrica coral, siglo V a. C.), P\u00edndaro\u00a0(l\u00edrica coral, siglo V a. C.).<\/p>\n<div class=\"su-box su-box-style-default sabiasque\" id=\"\" style=\"border-color:#a8a8b7;border-radius:0px;\"><div class=\"su-box-title\" style=\"background-color:#DBDBEA;color:#484848;border-top-left-radius:0px;border-top-right-radius:0px\">\u00bfSab\u00edas qu\u00e9...?<\/div><div class=\"su-box-content su-u-clearfix su-u-trim\" style=\"border-bottom-left-radius:0px;border-bottom-right-radius:0px\">En la Antig\u00fcedad, los poetas eran personas an\u00f3nimas, consideradas figuras casi divinas, profetas que anunciaban presagios celestiales.<\/div><\/div>\n<figure id=\"attachment_4649\" aria-describedby=\"caption-attachment-4649\" style=\"width: 700px\" class=\"wp-caption alignnone\"><img loading=\"lazy\" decoding=\"async\" class=\"size-full wp-image-4649\" src=\"https:\/\/elbibliote.com\/resources\/articulosdestacados\/wp-content\/uploads\/2018\/04\/TH-479076813-Ancient-Greek-vase-school-lesson-writing-and-music.jpg\" alt=\"\" width=\"700\" height=\"371\" srcset=\"https:\/\/elbibliote.com\/resources\/articulosdestacados\/wp-content\/uploads\/2018\/04\/TH-479076813-Ancient-Greek-vase-school-lesson-writing-and-music.jpg 700w, https:\/\/elbibliote.com\/resources\/articulosdestacados\/wp-content\/uploads\/2018\/04\/TH-479076813-Ancient-Greek-vase-school-lesson-writing-and-music-300x159.jpg 300w\" sizes=\"(max-width: 700px) 100vw, 700px\" \/><figcaption id=\"caption-attachment-4649\" class=\"wp-caption-text\">Pintura de escritores griegos.<\/figcaption><\/figure>\n<p>La l\u00edrica se caracterizaba, por ser una especie de acto cantado, donde un int\u00e9rprete se dispon\u00eda a recitar acompa\u00f1ado del sonido de una lira. Las emociones y sentimientos que experimentaba a trav\u00e9s de sus experiencias, era la exteriorizaci\u00f3n de su mundo interior a trav\u00e9s del canto y acompa\u00f1amiento musical, principalmente de la lira. Tambi\u00e9n pod\u00eda observarse el uso de otros instrumentos como la flauta o sencillamente, la presentaci\u00f3n de una persona recitando sin m\u00fasica, los hechos del poema. La poes\u00eda amorosa, es un g\u00e9nero que expresa las experiencias y forma de ver el mundo del poeta, su estado an\u00edmico, pero desde un punto de vista personal. Los temas principales son el amor, el desamor, la vida en sociedad y la p\u00e9rdida de algo o alguien. Durante los cantos, se observaba una entonaci\u00f3n especial que le daba a los poemas un ritmo determinado, que en m\u00e9trica se conoce como rima.<\/p>\n<p>En la Antig\u00fcedad existieron dos formas po\u00e9ticas: la l\u00edrica y la \u00e9pica. Mientras que una expresaba el mundo interior de un autor; la otra contaba las haza\u00f1as de h\u00e9roes y guerras.<\/p>\n<figure id=\"attachment_4650\" aria-describedby=\"caption-attachment-4650\" style=\"width: 700px\" class=\"wp-caption alignnone\"><img loading=\"lazy\" decoding=\"async\" class=\"size-full wp-image-4650\" src=\"https:\/\/elbibliote.com\/resources\/articulosdestacados\/wp-content\/uploads\/2018\/04\/TH-89921987-Eros-Piccadilly-London.jpg\" alt=\"\" width=\"700\" height=\"467\" srcset=\"https:\/\/elbibliote.com\/resources\/articulosdestacados\/wp-content\/uploads\/2018\/04\/TH-89921987-Eros-Piccadilly-London.jpg 700w, https:\/\/elbibliote.com\/resources\/articulosdestacados\/wp-content\/uploads\/2018\/04\/TH-89921987-Eros-Piccadilly-London-300x200.jpg 300w\" sizes=\"(max-width: 700px) 100vw, 700px\" \/><figcaption id=\"caption-attachment-4650\" class=\"wp-caption-text\">Dios del amor y la fertilidad, Eros.<\/figcaption><\/figure>\n<h2>G\u00c9NEROS DE LA POES\u00cdA GRIEGA<\/h2>\n<p>Los poetas antiguos, desarrollaron cuatro tipos de poes\u00eda, a saber:<\/p>\n<p><strong>La l\u00edrica mon\u00f3dica:<\/strong> era cantada por una sola persona, y se desarroll\u00f3 mayormente en la isla de Lesbos, por los poetas Safo y Alceo entre los siglos VII y VI a. C. Los temas de este tipo de l\u00edrica est\u00e1n ligados a las ceremonias religiosas, el lenguaje es refinado y de tendencia aristocr\u00e1tica, es decir, los poemas se inclinaban a contar experiencias relacionadas con la labor pol\u00edtica y econ\u00f3mica, debido a que sus principales exponentes fueron arist\u00f3cratas de su regi\u00f3n. De entre las dem\u00e1s formas l\u00edricas, la mon\u00f3dica expone temas m\u00e1s \u00edntimos ligados al quehacer personal de sus autores.<\/p>\n<p><strong>La l\u00edrica coral:<\/strong> uno de sus principales representantes fue P\u00edndaro. Esta l\u00edrica era recitada por un coro, y anunciaba temas afines con el destino, el hombre y la divinidad y la relaci\u00f3n que pod\u00eda establecerse entre dichas realidades. En la l\u00edrica coral, el mito y la vida del hombre, encuentran una fusi\u00f3n intr\u00ednseca.<\/p>\n<p><strong>La l\u00edrica y\u00e1mbica:<\/strong> a diferencia de la mon\u00f3dica y la coral con sus temas y lenguaje refinado, trataba temas populares en un tono de burla o s\u00e1tira, que buscaba producir una reflexi\u00f3n o exponer una cr\u00edtica social. Sus principales exponentes griegos fueron Arqu\u00edloco, Sem\u00f3nides e Hiponacte.<\/p>\n<figure id=\"attachment_4651\" aria-describedby=\"caption-attachment-4651\" style=\"width: 640px\" class=\"wp-caption alignnone\"><img loading=\"lazy\" decoding=\"async\" class=\"size-full wp-image-4651\" src=\"https:\/\/elbibliote.com\/resources\/articulosdestacados\/wp-content\/uploads\/2018\/04\/auiles-ayax.jpg\" alt=\"\" width=\"640\" height=\"546\" srcset=\"https:\/\/elbibliote.com\/resources\/articulosdestacados\/wp-content\/uploads\/2018\/04\/auiles-ayax.jpg 640w, https:\/\/elbibliote.com\/resources\/articulosdestacados\/wp-content\/uploads\/2018\/04\/auiles-ayax-300x256.jpg 300w\" sizes=\"(max-width: 640px) 100vw, 640px\" \/><figcaption id=\"caption-attachment-4651\" class=\"wp-caption-text\">Dos de los m\u00e1s famosos guerreros \u00e9picos, h\u00e9roes de la Il\u00edada son Ayax y Aquiles representados en esta pintura.<\/figcaption><\/figure>\n<p><strong>La l\u00edrica eleg\u00edaca:<\/strong> fue una l\u00edrica inclinada a expresar temas de duelo, se cantaba en ceremonias luctuosas o f\u00fanebres. Su caracter\u00edstica m\u00e1s sobresaliente, es que se trataba de un tipo de lamento en virtud de alguna p\u00e9rdida: de un ser querido, de la vida entre otros.<\/p>\n<figure id=\"attachment_4652\" aria-describedby=\"caption-attachment-4652\" style=\"width: 700px\" class=\"wp-caption alignnone\"><img loading=\"lazy\" decoding=\"async\" class=\"size-full wp-image-4652\" src=\"https:\/\/elbibliote.com\/resources\/articulosdestacados\/wp-content\/uploads\/2018\/04\/safodepompeya2.jpg\" alt=\"\" width=\"700\" height=\"660\" srcset=\"https:\/\/elbibliote.com\/resources\/articulosdestacados\/wp-content\/uploads\/2018\/04\/safodepompeya2.jpg 700w, https:\/\/elbibliote.com\/resources\/articulosdestacados\/wp-content\/uploads\/2018\/04\/safodepompeya2-300x283.jpg 300w, https:\/\/elbibliote.com\/resources\/articulosdestacados\/wp-content\/uploads\/2018\/04\/safodepompeya2-768x724.jpg 768w\" sizes=\"(max-width: 700px) 100vw, 700px\" \/><figcaption id=\"caption-attachment-4652\" class=\"wp-caption-text\">Safo: Naci\u00f3 en 650\/610 a.C. en la actual Mitilene (Lesbos). Muri\u00f3 en 580 a. C. en L\u00e9ucade.<\/figcaption><\/figure>\n<div class=\"su-box su-box-style-default sabiasque\" id=\"\" style=\"border-color:#a8a8b7;border-radius:0px;\"><div class=\"su-box-title\" style=\"background-color:#DBDBEA;color:#484848;border-top-left-radius:0px;border-top-right-radius:0px\">\u00bfSab\u00edas qu\u00e9...?<\/div><div class=\"su-box-content su-u-clearfix su-u-trim\" style=\"border-bottom-left-radius:0px;border-bottom-right-radius:0px\">No fue hasta la Edad Media que se design\u00f3 el adjetivo de l\u00edrico a los poemas de la Antig\u00fcedad grecolatina.<\/div><\/div>\n<h2>ELEMENTOS QUE CONSTITUYEN LA POES\u00cdA: FONDO Y FORMA<\/h2>\n<h3>Fondo<\/h3>\n<table style=\"width: 700px;\">\n<tbody>\n<tr>\n<td style=\"width: 106.5px;\"><strong>El &#8220;yo&#8221; l\u00edrico<\/strong><\/td>\n<td style=\"width: 552.5px;\">En literatura, la voz que relata el poema no es considerada la misma que la de su autor. Se trata de un ser independiente, creado por el autor, que cuenta algo. El yo l\u00edrico es esa voz que nos relata sus experiencias.<\/td>\n<\/tr>\n<tr>\n<td style=\"width: 106.5px;\"><strong>El temple an\u00edmico<\/strong><\/td>\n<td style=\"width: 552.5px;\">Se trata de la situaci\u00f3n an\u00edmica en la que se encuentra el yo l\u00edrico, es decir, el estado emocional que expresa en el poema: felicidad, nostalgia, tristeza, etc.<\/td>\n<\/tr>\n<tr>\n<td style=\"width: 106.5px;\"><strong>Motivo l\u00edrico<\/strong><\/td>\n<td style=\"width: 552.5px;\">Es el tema que se desarrolla en el poema, el hecho que expone el yo l\u00edrico.<\/td>\n<\/tr>\n<tr>\n<td style=\"width: 106.5px;\"><strong>Objeto l\u00edrico<\/strong><\/td>\n<td style=\"width: 552.5px;\">Es la persona, cosa o situaci\u00f3n de la que se habla en el poema: la distancia, el amado, la familia, etc.<\/td>\n<\/tr>\n<tr>\n<td style=\"width: 106.5px;\"><strong>Lenguaje l\u00edrico<\/strong><\/td>\n<td style=\"width: 552.5px;\">Es el tipo de lenguaje que utiliza el autor para construir el poema. En el lenguaje l\u00edrico se incorporan el uso de figuras literarias: met\u00e1foras, s\u00edmiles, hip\u00e9rboles, etc.<\/td>\n<\/tr>\n<\/tbody>\n<\/table>\n<p>&nbsp;<\/p>\n<p><img loading=\"lazy\" decoding=\"async\" class=\"alignnone size-full wp-image-4654\" src=\"https:\/\/elbibliote.com\/resources\/articulosdestacados\/wp-content\/uploads\/2018\/04\/2-1.jpg\" alt=\"\" width=\"397\" height=\"299\" srcset=\"https:\/\/elbibliote.com\/resources\/articulosdestacados\/wp-content\/uploads\/2018\/04\/2-1.jpg 397w, https:\/\/elbibliote.com\/resources\/articulosdestacados\/wp-content\/uploads\/2018\/04\/2-1-300x226.jpg 300w\" sizes=\"(max-width: 397px) 100vw, 397px\" \/><\/p>\n<p>El \u201cYo\u201d l\u00edrico: un hombre que sufre la ausencia de su amada.<br \/>\nEl temple an\u00edmico: nostalgia, tristeza.<br \/>\nMotivo l\u00edrico: la ausencia de la mujer amada.<br \/>\nObjeto l\u00edrico: la amada.<\/p>\n<h3>Forma<\/h3>\n<p><img loading=\"lazy\" decoding=\"async\" class=\"alignnone size-full wp-image-4655\" src=\"https:\/\/elbibliote.com\/resources\/articulosdestacados\/wp-content\/uploads\/2018\/04\/3.jpg\" alt=\"\" width=\"373\" height=\"268\" srcset=\"https:\/\/elbibliote.com\/resources\/articulosdestacados\/wp-content\/uploads\/2018\/04\/3.jpg 373w, https:\/\/elbibliote.com\/resources\/articulosdestacados\/wp-content\/uploads\/2018\/04\/3-300x216.jpg 300w\" sizes=\"(max-width: 373px) 100vw, 373px\" \/><\/p>\n<p><img loading=\"lazy\" decoding=\"async\" class=\"alignnone size-full wp-image-4656\" src=\"https:\/\/elbibliote.com\/resources\/articulosdestacados\/wp-content\/uploads\/2018\/04\/4.jpg\" alt=\"\" width=\"382\" height=\"548\" srcset=\"https:\/\/elbibliote.com\/resources\/articulosdestacados\/wp-content\/uploads\/2018\/04\/4.jpg 382w, https:\/\/elbibliote.com\/resources\/articulosdestacados\/wp-content\/uploads\/2018\/04\/4-209x300.jpg 209w\" sizes=\"(max-width: 382px) 100vw, 382px\" \/><\/p>\n<p>&nbsp;<\/p>\n","protected":false},"excerpt":{"rendered":"<p>La literatura se compone de tres tipos textuales, la narrativa, la l\u00edrica y el drama. La poes\u00eda es un g\u00e9nero que se caracteriza por exponer el mundo interno del autor; es una forma personal y subjetiva, donde su creador manifiesta con lirismo, los triunfos y pesares de su vida, entre otros temas. La poes\u00eda se compone de una estructura espec\u00edfica: estrofa, verso y rima.<\/p>\n","protected":false},"author":1,"featured_media":0,"comment_status":"closed","ping_status":"closed","sticky":false,"template":"","format":"standard","meta":{"footnotes":""},"categories":[18],"tags":[6047,6044,6046,6045,6043,181,4548,4020],"_links":{"self":[{"href":"https:\/\/elbibliote.com\/resources\/articulosdestacados\/index.php?rest_route=\/wp\/v2\/posts\/4646"}],"collection":[{"href":"https:\/\/elbibliote.com\/resources\/articulosdestacados\/index.php?rest_route=\/wp\/v2\/posts"}],"about":[{"href":"https:\/\/elbibliote.com\/resources\/articulosdestacados\/index.php?rest_route=\/wp\/v2\/types\/post"}],"author":[{"embeddable":true,"href":"https:\/\/elbibliote.com\/resources\/articulosdestacados\/index.php?rest_route=\/wp\/v2\/users\/1"}],"replies":[{"embeddable":true,"href":"https:\/\/elbibliote.com\/resources\/articulosdestacados\/index.php?rest_route=%2Fwp%2Fv2%2Fcomments&post=4646"}],"version-history":[{"count":6,"href":"https:\/\/elbibliote.com\/resources\/articulosdestacados\/index.php?rest_route=\/wp\/v2\/posts\/4646\/revisions"}],"predecessor-version":[{"id":20089,"href":"https:\/\/elbibliote.com\/resources\/articulosdestacados\/index.php?rest_route=\/wp\/v2\/posts\/4646\/revisions\/20089"}],"wp:attachment":[{"href":"https:\/\/elbibliote.com\/resources\/articulosdestacados\/index.php?rest_route=%2Fwp%2Fv2%2Fmedia&parent=4646"}],"wp:term":[{"taxonomy":"category","embeddable":true,"href":"https:\/\/elbibliote.com\/resources\/articulosdestacados\/index.php?rest_route=%2Fwp%2Fv2%2Fcategories&post=4646"},{"taxonomy":"post_tag","embeddable":true,"href":"https:\/\/elbibliote.com\/resources\/articulosdestacados\/index.php?rest_route=%2Fwp%2Fv2%2Ftags&post=4646"}],"curies":[{"name":"wp","href":"https:\/\/api.w.org\/{rel}","templated":true}]}}