{"id":5029,"date":"2018-04-27T11:00:28","date_gmt":"2018-04-27T14:00:28","guid":{"rendered":"http:\/\/elbibliote.com\/resources\/articulosdestacados\/?p=5029"},"modified":"2018-04-27T11:00:28","modified_gmt":"2018-04-27T14:00:28","slug":"imagenes-para-el-recuerdo","status":"publish","type":"post","link":"https:\/\/elbibliote.com\/resources\/articulosdestacados\/?p=5029","title":{"rendered":"Im\u00e1genes para el recuerdo"},"content":{"rendered":"<p style=\"text-align: justify;\"><em><span style=\"color: #999999;\">A lo largo de la historia, el hombre ha intentado salvaguardar los momentos m\u00e1s relevantes. Desde los grandes acontecimientos hist\u00f3ricos, hasta los rostros de los personajes m\u00e1s notorios en las sociedades, fueron motivos para intentar inmortalizar los recuerdos.<\/span><\/em><\/p>\n<p>Gracias a los avances tecnol\u00f3gicos, hoy en d\u00eda la captaci\u00f3n de momentos se torna inmediata y autom\u00e1tica. No es necesario aguardar que un hecho trascendental para la humanidad ocurra, sino que cualquier situaci\u00f3n puede ser captada y compartida en un instante.<\/p>\n<h2>PRIMERAS IM\u00c1GENES<\/h2>\n<p>Cada momento hist\u00f3rico se encuentra determinado por la tecnolog\u00eda imperante. Las herramientas de las que dispon\u00edan las sociedades son las que marcaron tambi\u00e9n las formas de relacionarse, de aprender y de transmitir conocimiento, entre otras cosas.<\/p>\n<p>En las pinturas rupestres, plasmadas en el per\u00edodo Paleol\u00edtico Superior, aproximadamente 35.000 a\u00f1os atr\u00e1s, se puede apreciar el intento del hombre de reflejar su propia existencia. En ellas se inmortaliz\u00f3 su imagen y tambi\u00e9n su interacci\u00f3n con el entorno. Los elementos de la naturaleza se convirtieron en la tinta que les permiti\u00f3 pintar sobre rocas, otorg\u00e1ndole a sus obras el efecto realista del volumen gracias a las formas naturales de las piedras sobre las que pintaban.<\/p>\n<figure id=\"attachment_5030\" aria-describedby=\"caption-attachment-5030\" style=\"width: 700px\" class=\"wp-caption alignnone\"><img loading=\"lazy\" decoding=\"async\" class=\"size-full wp-image-5030\" src=\"https:\/\/elbibliote.com\/resources\/articulosdestacados\/wp-content\/uploads\/2018\/04\/TH-470420019-Prehistoric-paintings-in-Asia.jpg\" alt=\"\" width=\"700\" height=\"525\" srcset=\"https:\/\/elbibliote.com\/resources\/articulosdestacados\/wp-content\/uploads\/2018\/04\/TH-470420019-Prehistoric-paintings-in-Asia.jpg 700w, https:\/\/elbibliote.com\/resources\/articulosdestacados\/wp-content\/uploads\/2018\/04\/TH-470420019-Prehistoric-paintings-in-Asia-300x225.jpg 300w\" sizes=\"(max-width: 700px) 100vw, 700px\" \/><figcaption id=\"caption-attachment-5030\" class=\"wp-caption-text\">Pinturas rupestres en Asia que grafican los modos de vida y de relacionarse de aquel entonces.<\/figcaption><\/figure>\n<h2>ARTE PICT\u00d3RICO<\/h2>\n<p>El hombre, socialmente agrupado, desarroll\u00f3 la pintura como forma de representaci\u00f3n de sus modos de vida y sus creencias religiosas. La historia de este arte comprende desde la prehistoria hasta la Edad Contempor\u00e1nea.<\/p>\n<p>Los egipcios sol\u00edan pintar las tumbas de los faraones, hace aproximadamente 5.000 a\u00f1os, con im\u00e1genes de su vida cotidiana y de su mitolog\u00eda. Se los pod\u00eda ver cazando, pescando, celebrando y realizando sus rituales. Por otra parte, en la Antigua Roma sol\u00edan decorarse los muros de las casas y palacios, mientras que el arte de Grecia permiti\u00f3 inmortalizar los juegos de la \u00e9poca asociados al deporte, las luchas y el papel de los guerreros.<\/p>\n<p>Incluso las cortes dispon\u00edan de sus propios artistas, denominados \u201cpintores de c\u00e1mara\u201d, que realizaban los encargos art\u00edsticos de una corte real o noble, y tambi\u00e9n los retratos que intentaban representar de manera fehaciente las caracter\u00edsticas f\u00edsicas y morales de las personas. Los personajes que buscaban reconocimiento, deseaban ser eternizados en una pintura Entre ellos se puede destacar: el <em>Retrato de Estado<\/em> que plasmaba a los gobernantes, y el <em>Retrato Cortesano<\/em>.<\/p>\n<figure id=\"attachment_5031\" aria-describedby=\"caption-attachment-5031\" style=\"width: 700px\" class=\"wp-caption alignnone\"><img loading=\"lazy\" decoding=\"async\" class=\"size-full wp-image-5031\" src=\"https:\/\/elbibliote.com\/resources\/articulosdestacados\/wp-content\/uploads\/2018\/04\/TH-92838061-The-family-of-Philip-IV-painting-by-Diego-Velasques.jpg\" alt=\"\" width=\"700\" height=\"464\" srcset=\"https:\/\/elbibliote.com\/resources\/articulosdestacados\/wp-content\/uploads\/2018\/04\/TH-92838061-The-family-of-Philip-IV-painting-by-Diego-Velasques.jpg 700w, https:\/\/elbibliote.com\/resources\/articulosdestacados\/wp-content\/uploads\/2018\/04\/TH-92838061-The-family-of-Philip-IV-painting-by-Diego-Velasques-300x199.jpg 300w\" sizes=\"(max-width: 700px) 100vw, 700px\" \/><figcaption id=\"caption-attachment-5031\" class=\"wp-caption-text\">Diego Vel\u00e1zquez realiz\u00f3 en 1656 Las Meninas, una obra que retrat\u00f3 a la familia de Felipe IV y a \u00e9l mismo.<\/figcaption><\/figure>\n<p>Cada uno de los estilos que ha acontecido a lo largo de la historia, utiliz\u00f3 sus propias t\u00e9cnicas pict\u00f3ricas e intent\u00f3 trasmitir en cada pincelada, color, matiz y figura, las caracter\u00edsticas de esa \u00e9poca.<\/p>\n<h2>LA FOTOGRAF\u00cdA<\/h2>\n<p>En 1820, el cient\u00edfico franc\u00e9s Joseph Nic\u00e9phore Ni\u00e9pce realiz\u00f3 el primer procedimiento fotogr\u00e1fico, y seis a\u00f1os despu\u00e9s consigui\u00f3 la primera imagen permanente que se trataba de la vista desde su ventana. Posteriormente, Louis Daguerre continu\u00f3 con las investigaciones e ide\u00f3 en 1837 el proceso denominado daguerrotipo. Las innovaciones no se hicieron esperar, y a finales del siglo XIX se dio el auge comercial de la fotograf\u00eda gracias a la industrializaci\u00f3n de las pel\u00edculas fotogr\u00e1ficas.<\/p>\n<div class=\"su-note destacado\"  style=\"border-color:#c1c1d0;\"><div class=\"su-note-inner su-u-clearfix su-u-trim\" style=\"background-color:#DBDBEA;border-color:#ffffff;color:#333333;\"><strong>El retrato fotogr\u00e1fico<\/strong><\/p>\n<p>Se trata de un g\u00e9nero que intenta mostrar las cualidades morales y f\u00edsicas de determinada persona a trav\u00e9s de varias t\u00e9cnicas art\u00edsticas. Esta pr\u00e1ctica se ha llevado adelante desde los inicios de la fotograf\u00eda en manos de fot\u00f3grafos ambulantes y tambi\u00e9n de aquellos que trabajaban en estudios.<\/p>\n<p>El atelier de los fot\u00f3grafos lograba un ambiente propicio para los retratos gracias a la escenograf\u00eda, las vestimentas y accesorios disponibles, y tambi\u00e9n el servicio de peluquer\u00eda para los clientes. Esta pr\u00e1ctica s\u00f3lo pod\u00eda ser llevada a cabo por las clases con buen pasar econ\u00f3mico, ya que los costos eran muy elevados.<\/p>\n<figure id=\"attachment_5032\" aria-describedby=\"caption-attachment-5032\" style=\"width: 700px\" class=\"wp-caption alignnone\"><img loading=\"lazy\" decoding=\"async\" class=\"size-full wp-image-5032\" src=\"https:\/\/elbibliote.com\/resources\/articulosdestacados\/wp-content\/uploads\/2018\/04\/TH-104703913-Antique-photo.jpg\" alt=\"\" width=\"700\" height=\"603\" srcset=\"https:\/\/elbibliote.com\/resources\/articulosdestacados\/wp-content\/uploads\/2018\/04\/TH-104703913-Antique-photo.jpg 700w, https:\/\/elbibliote.com\/resources\/articulosdestacados\/wp-content\/uploads\/2018\/04\/TH-104703913-Antique-photo-300x258.jpg 300w\" sizes=\"(max-width: 700px) 100vw, 700px\" \/><figcaption id=\"caption-attachment-5032\" class=\"wp-caption-text\">En los retratos en estudio, era fundamental la pose de los retratados. Se generaba un montaje para plasmar el status de las personas.<\/figcaption><\/figure>\n<\/div><\/div>\n<p>\u00bfPor qu\u00e9 fue tan relevante este invento? Porque permiti\u00f3 detener un momento de la realidad y perpetuarlo a trav\u00e9s del tiempo. Es un testimonio de los acontecimientos que se han dado en la humanidad. Permite documentar eventos, rostros, situaciones y paisajes, con la misma \u00f3ptica que el ojo humano, a diferencia de la pintura. Aunque tambi\u00e9n, el fot\u00f3grafo realiza una visi\u00f3n y un recorte subjetivo sobre el objeto a fotografiar.<\/p>\n<p>Es as\u00ed que el advenimiento de la fotograf\u00eda marca un hito. Las familias pudieron rememorar a sus antecesores, y los eventos m\u00e1s relevantes en un n\u00facleo social pod\u00edan ser recordados desde lo visual. A su vez el fotoperiodismo pudo captar los sucesos importantes que, hoy en d\u00eda, siguen sirviendo como testimonios de la historia.<\/p>\n<figure id=\"attachment_5033\" aria-describedby=\"caption-attachment-5033\" style=\"width: 700px\" class=\"wp-caption alignnone\"><img loading=\"lazy\" decoding=\"async\" class=\"size-full wp-image-5033\" src=\"https:\/\/elbibliote.com\/resources\/articulosdestacados\/wp-content\/uploads\/2018\/04\/TH-78777602-Boy-Learning-to-Use-a-Video-Camera.jpg\" alt=\"\" width=\"700\" height=\"466\" srcset=\"https:\/\/elbibliote.com\/resources\/articulosdestacados\/wp-content\/uploads\/2018\/04\/TH-78777602-Boy-Learning-to-Use-a-Video-Camera.jpg 700w, https:\/\/elbibliote.com\/resources\/articulosdestacados\/wp-content\/uploads\/2018\/04\/TH-78777602-Boy-Learning-to-Use-a-Video-Camera-300x200.jpg 300w\" sizes=\"(max-width: 700px) 100vw, 700px\" \/><figcaption id=\"caption-attachment-5033\" class=\"wp-caption-text\">Las c\u00e1maras de video se industrializaron, y las familias pod\u00edan disponer de ellas para grabar y documentar a gusto.<\/figcaption><\/figure>\n<h2>CAPTAR EL MOVIMIENTO<\/h2>\n<p>As\u00ed como el paso del arte pict\u00f3rico a la fotograf\u00eda fue extremadamente relevante para la humanidad, tambi\u00e9n lo fue el paso de la imagen est\u00e1tica a la imagen en movimiento. Es decir, el paso de la fotograf\u00eda al cinemat\u00f3grafo.<\/p>\n<p>Quien inaugur\u00f3 el camino hacia la invenci\u00f3n de lo que hoy conocemos como c\u00e1mara de video fue Thomas Alva Edison, que concibi\u00f3 la bombilla el\u00e9ctrica y patent\u00f3 en 1891 el Kinetoscopio, un aparato con una ranura que permit\u00eda ver una secuencia de im\u00e1genes. A\u00f1os despu\u00e9s, los hermanos Lumi\u00e8re que estaban encantados con el invento de Edison, idearon el cinemat\u00f3grafo: una c\u00e1mara que proyectaba las im\u00e1genes en movimiento.<\/p>\n<p>Se puede decir entonces, que este gran invento deriv\u00f3 a trav\u00e9s de los a\u00f1os, no s\u00f3lo en el nacimiento del s\u00e9ptimo arte \u2013el cine-, sino tambi\u00e9n en la industrializaci\u00f3n de las c\u00e1maras de video que se utilizan para trasmisiones televisivas y para documentar los momentos m\u00e1s importantes de la vida de las personas.<\/p>\n<figure id=\"attachment_5034\" aria-describedby=\"caption-attachment-5034\" style=\"width: 700px\" class=\"wp-caption alignnone\"><img loading=\"lazy\" decoding=\"async\" class=\"size-full wp-image-5034\" src=\"https:\/\/elbibliote.com\/resources\/articulosdestacados\/wp-content\/uploads\/2018\/04\/TH-481518563-Group-of-friends-taking-photos-with-a-smartphone.jpg\" alt=\"\" width=\"700\" height=\"467\" srcset=\"https:\/\/elbibliote.com\/resources\/articulosdestacados\/wp-content\/uploads\/2018\/04\/TH-481518563-Group-of-friends-taking-photos-with-a-smartphone.jpg 700w, https:\/\/elbibliote.com\/resources\/articulosdestacados\/wp-content\/uploads\/2018\/04\/TH-481518563-Group-of-friends-taking-photos-with-a-smartphone-300x200.jpg 300w\" sizes=\"(max-width: 700px) 100vw, 700px\" \/><figcaption id=\"caption-attachment-5034\" class=\"wp-caption-text\">Captar un momento, est\u00e1 al alcance de la mano gracias a los nuevos dispositivos.<\/figcaption><\/figure>\n<h2>NUEVOS DISPOSITIVOS<\/h2>\n<p>Los avances tecnol\u00f3gicos, con respecto a los sistemas de captaci\u00f3n de im\u00e1genes han sido enormes. Actualmente lo digital se impone y ampl\u00eda su calidad d\u00eda a d\u00eda. Existen dispositivos personales capaces de fotografiar y filmar en m\u00e1xima definici\u00f3n, e incluso publicarlo y compartirlo con el resto de las personas instant\u00e1neamente.<\/p>\n<p>El primer gran salto tecnol\u00f3gico lo dieron las c\u00e1maras digitales, que permitieron no s\u00f3lo captar sino tambi\u00e9n almacenar fotograf\u00edas y filmaciones en una tarjeta de memoria interna.<\/p>\n<p>Computadoras de escritorio, <em>notebooks<\/em>, <em>netbooks<\/em>, tabletas digitales, tel\u00e9fonos inteligentes,<em> google glasses<\/em> y muchos m\u00e1s dispositivos, cumplen hoy m\u00e1s de una funci\u00f3n. Los sistemas m\u00e1s novedosos incluyen c\u00e1mara de fotos integrada en alt\u00edsima calidad, grabaci\u00f3n de audio y video en HD (alta definici\u00f3n) y tambi\u00e9n en <em>slow motion<\/em> (c\u00e1mara lenta). Esto permite que a trav\u00e9s de un \u00fanico aparato, una persona pueda documentar lo que acontece a su alrededor, con la posibilidad de almacenar una enorme cantidad de archivos.<\/p>\n<p>Los usuarios de estos sistemas disponen tambi\u00e9n de editores de imagen que brindan diversas herramientas para aplicar efectos especiales en sus fotograf\u00edas: filtros, marcos, dise\u00f1os, e incluso edici\u00f3n de video. Es decir, que nuclean lo fotogr\u00e1fico, lo cinematogr\u00e1fico y tambi\u00e9n lo pict\u00f3rico y art\u00edstico.<\/p>\n<figure id=\"attachment_5035\" aria-describedby=\"caption-attachment-5035\" style=\"width: 563px\" class=\"wp-caption aligncenter\"><img loading=\"lazy\" decoding=\"async\" class=\" wp-image-5035\" src=\"https:\/\/elbibliote.com\/resources\/articulosdestacados\/wp-content\/uploads\/2018\/04\/TH-96399393-Digital-Camera-With-Card.jpg\" alt=\"\" width=\"563\" height=\"422\" srcset=\"https:\/\/elbibliote.com\/resources\/articulosdestacados\/wp-content\/uploads\/2018\/04\/TH-96399393-Digital-Camera-With-Card.jpg 700w, https:\/\/elbibliote.com\/resources\/articulosdestacados\/wp-content\/uploads\/2018\/04\/TH-96399393-Digital-Camera-With-Card-300x225.jpg 300w\" sizes=\"(max-width: 563px) 100vw, 563px\" \/><figcaption id=\"caption-attachment-5035\" class=\"wp-caption-text\">Las c\u00e1maras digitales disponen de tarjetas de memoria con gran capacidad de almacenamiento.<\/figcaption><\/figure>\n<div class=\"su-note destacado\"  style=\"border-color:#c1c1d0;\"><div class=\"su-note-inner su-u-clearfix su-u-trim\" style=\"background-color:#DBDBEA;border-color:#ffffff;color:#333333;\"><strong>La <em>selfie<\/em>, el auto-retrato de hoy<\/strong><\/p>\n<p>La primera vez que se utiliz\u00f3 este t\u00e9rmino popularmente fue el 13 de septiembre de 2002, en un foro en la web denominado <em>ABC on line<\/em>, que era propiedad de la televisi\u00f3n p\u00fablica de Australia. Fue as\u00ed que los diccionarios Oxford galardonaron a <em>selfie<\/em>, como la palabra del a\u00f1o 2013.<\/p>\n<p>En espa\u00f1ol podr\u00eda traducirse como \u201cautofoto\u201d, y se trata de una pr\u00e1ctica muy ligada a las redes sociales, plataformas en las que suelen subirse las <em>selfies<\/em> que en general se toman con c\u00e1maras digitales, tel\u00e9fonos m\u00f3viles o tabletas digitales.<\/p>\n<p>Los dispositivos m\u00f3viles incluso, avanzando a la par de la popularidad de esta pr\u00e1ctica, han ido variando sus modelos hasta hacer de la c\u00e1mara frontal un hecho. Los primeros <em>smartphones<\/em> (tel\u00e9fonos inteligentes en espa\u00f1ol) con esta caracter\u00edstica fueron los japoneses y coreanos, y posteriormente la adopt\u00f3 el <em>Iphone 4<\/em>, que sali\u00f3 a la venta en 2010.<\/div><\/div>\n<h2>TRANSMISI\u00d3N EN VIVO, DESDE CUALQUIER PARTE<\/h2>\n<p>La televisi\u00f3n permiti\u00f3 transmitir en vivo y en directo los acontecimientos, eventos y celebraciones para que los espectadores, incluso en otras partes del mundo, pudieran apreciar lo que estaba sucediendo en ese mismo momento. Esto s\u00f3lo pod\u00eda ser llevado a cabo por emisoras que contaran con las caracter\u00edsticas t\u00e9cnicas apropiadas.<\/p>\n<figure id=\"attachment_5036\" aria-describedby=\"caption-attachment-5036\" style=\"width: 700px\" class=\"wp-caption alignnone\"><img loading=\"lazy\" decoding=\"async\" class=\"size-full wp-image-5036\" src=\"https:\/\/elbibliote.com\/resources\/articulosdestacados\/wp-content\/uploads\/2018\/04\/TH-151602142-Video-chat-communication.jpg\" alt=\"\" width=\"700\" height=\"467\" srcset=\"https:\/\/elbibliote.com\/resources\/articulosdestacados\/wp-content\/uploads\/2018\/04\/TH-151602142-Video-chat-communication.jpg 700w, https:\/\/elbibliote.com\/resources\/articulosdestacados\/wp-content\/uploads\/2018\/04\/TH-151602142-Video-chat-communication-300x200.jpg 300w\" sizes=\"(max-width: 700px) 100vw, 700px\" \/><figcaption id=\"caption-attachment-5036\" class=\"wp-caption-text\">Los nuevos dispositivos permiten realizar videollamadas en directo, gracias a una conexi\u00f3n a internet.<\/figcaption><\/figure>\n<p>Hoy en d\u00eda, los dispositivos permiten, establecer trasmisiones de imagen y audio en vivo a otro u otros usuarios en cualquier parte del mundo que posean un aparato tambi\u00e9n conectado a la red. Las videollamadas de <em>Skype<\/em>, el sistema <em>Hangout<\/em> de <em>Google+<\/em> (que permite establecer videoconferencias con hasta 10 personas en simult\u00e1neo), las <em>Twitcams<\/em> que son trasmisiones en vivo de un usuario para gran cantidad de cyber-espectadores, y el <em>streaming<\/em> en vivo de <em>YouTube<\/em>, son algunas de las opciones m\u00e1s utilizadas en la actualidad para este tipo de pr\u00e1cticas.<\/p>\n<figure id=\"attachment_5037\" aria-describedby=\"caption-attachment-5037\" style=\"width: 700px\" class=\"wp-caption alignnone\"><img loading=\"lazy\" decoding=\"async\" class=\"size-full wp-image-5037\" src=\"https:\/\/elbibliote.com\/resources\/articulosdestacados\/wp-content\/uploads\/2018\/04\/TH-472129133-GoPro-HERO3-Black-Edition-Camera-on-hand.jpg\" alt=\"\" width=\"700\" height=\"435\" srcset=\"https:\/\/elbibliote.com\/resources\/articulosdestacados\/wp-content\/uploads\/2018\/04\/TH-472129133-GoPro-HERO3-Black-Edition-Camera-on-hand.jpg 700w, https:\/\/elbibliote.com\/resources\/articulosdestacados\/wp-content\/uploads\/2018\/04\/TH-472129133-GoPro-HERO3-Black-Edition-Camera-on-hand-300x186.jpg 300w\" sizes=\"(max-width: 700px) 100vw, 700px\" \/><figcaption id=\"caption-attachment-5037\" class=\"wp-caption-text\">GoPro HERO3, una c\u00e1mara a prueba de condiciones extremas.<\/figcaption><\/figure>\n<div class=\"su-note destacado\"  style=\"border-color:#c1c1d0;\"><div class=\"su-note-inner su-u-clearfix su-u-trim\" style=\"background-color:#DBDBEA;border-color:#ffffff;color:#333333;\"><strong>Un nuevo concepto en im\u00e1genes: GoPro<\/strong><\/p>\n<p>Esas c\u00e1maras son actualmente, las m\u00e1s vendidas en el mundo. Todo comenz\u00f3 hace 12 a\u00f1os, cuando el surfista Nick Woodman, ide\u00f3 un prototipo de c\u00e1mara que le permitiera filmarse a \u00e9l mismo y a sus amigos mientras corr\u00edan olas en el medio del mar. En aqu\u00e9l momento s\u00f3lo se trataba de una c\u00e1mara anal\u00f3gica que se pod\u00eda sumergir.<\/p>\n<p>Hoy en d\u00eda, con calidad de imagen digital en alta resoluci\u00f3n, las GoPro son ligeras y se encienden s\u00f3lo apretando un bot\u00f3n. Es la preferida de los deportistas extremos, ya que pueden llevar en cualquier superficie o parte del cuerpo, generando la visi\u00f3n subjetiva de la persona que est\u00e1 realizando la actividad.<\/p>\n<p>Antes, los deportistas necesitaban que un tercero los fotografiara o filmara. Hoy ellos mismos son los protagonistas de sus aventuras y generan im\u00e1genes impactantes y emocionantes, incluso en c\u00e1mara lenta. <\/div><\/div>\n<figure id=\"attachment_5038\" aria-describedby=\"caption-attachment-5038\" style=\"width: 700px\" class=\"wp-caption alignnone\"><img loading=\"lazy\" decoding=\"async\" class=\"size-full wp-image-5038\" src=\"https:\/\/elbibliote.com\/resources\/articulosdestacados\/wp-content\/uploads\/2018\/04\/TH-dv617058-Women-Skydiving.jpg\" alt=\"\" width=\"700\" height=\"467\" srcset=\"https:\/\/elbibliote.com\/resources\/articulosdestacados\/wp-content\/uploads\/2018\/04\/TH-dv617058-Women-Skydiving.jpg 700w, https:\/\/elbibliote.com\/resources\/articulosdestacados\/wp-content\/uploads\/2018\/04\/TH-dv617058-Women-Skydiving-300x200.jpg 300w\" sizes=\"(max-width: 700px) 100vw, 700px\" \/><figcaption id=\"caption-attachment-5038\" class=\"wp-caption-text\">Gracias a las nuevas c\u00e1maras, se puede revivir un acontecimiento e intensificar las sensaciones que produce.<\/figcaption><\/figure>\n","protected":false},"excerpt":{"rendered":"<p>A lo largo de la historia, el hombre ha intentado salvaguardar los momentos m\u00e1s relevantes. Desde los grandes acontecimientos hist\u00f3ricos, hasta los rostros de los personajes m\u00e1s notorios en las sociedades, fueron motivos para intentar inmortalizar los recuerdos.<\/p>\n","protected":false},"author":1,"featured_media":0,"comment_status":"closed","ping_status":"closed","sticky":false,"template":"","format":"standard","meta":{"footnotes":""},"categories":[17],"tags":[6530,6540,6539,6537,6536,6528,6523,6524,6525,6526,6519,6518,6527,6532,6531,6520,6521,6522,6538,5699,6535,6533,6534,6529],"_links":{"self":[{"href":"https:\/\/elbibliote.com\/resources\/articulosdestacados\/index.php?rest_route=\/wp\/v2\/posts\/5029"}],"collection":[{"href":"https:\/\/elbibliote.com\/resources\/articulosdestacados\/index.php?rest_route=\/wp\/v2\/posts"}],"about":[{"href":"https:\/\/elbibliote.com\/resources\/articulosdestacados\/index.php?rest_route=\/wp\/v2\/types\/post"}],"author":[{"embeddable":true,"href":"https:\/\/elbibliote.com\/resources\/articulosdestacados\/index.php?rest_route=\/wp\/v2\/users\/1"}],"replies":[{"embeddable":true,"href":"https:\/\/elbibliote.com\/resources\/articulosdestacados\/index.php?rest_route=%2Fwp%2Fv2%2Fcomments&post=5029"}],"version-history":[{"count":1,"href":"https:\/\/elbibliote.com\/resources\/articulosdestacados\/index.php?rest_route=\/wp\/v2\/posts\/5029\/revisions"}],"predecessor-version":[{"id":5039,"href":"https:\/\/elbibliote.com\/resources\/articulosdestacados\/index.php?rest_route=\/wp\/v2\/posts\/5029\/revisions\/5039"}],"wp:attachment":[{"href":"https:\/\/elbibliote.com\/resources\/articulosdestacados\/index.php?rest_route=%2Fwp%2Fv2%2Fmedia&parent=5029"}],"wp:term":[{"taxonomy":"category","embeddable":true,"href":"https:\/\/elbibliote.com\/resources\/articulosdestacados\/index.php?rest_route=%2Fwp%2Fv2%2Fcategories&post=5029"},{"taxonomy":"post_tag","embeddable":true,"href":"https:\/\/elbibliote.com\/resources\/articulosdestacados\/index.php?rest_route=%2Fwp%2Fv2%2Ftags&post=5029"}],"curies":[{"name":"wp","href":"https:\/\/api.w.org\/{rel}","templated":true}]}}