{"id":5556,"date":"2018-05-10T17:19:00","date_gmt":"2018-05-10T20:19:00","guid":{"rendered":"http:\/\/elbibliote.com\/resources\/articulosdestacados\/?p=5556"},"modified":"2018-05-10T17:19:00","modified_gmt":"2018-05-10T20:19:00","slug":"los-virreinatos","status":"publish","type":"post","link":"https:\/\/elbibliote.com\/resources\/articulosdestacados\/?p=5556","title":{"rendered":"Los virreinatos"},"content":{"rendered":"<p style=\"text-align: justify;\"><span style=\"color: #999999;\"><em>El virreinato constituy\u00f3 la m\u00e1xima expresi\u00f3n territorial y pol\u00edtico-administrativa que existi\u00f3 en la Am\u00e9rica espa\u00f1ola. Debido a las grandes extensiones de sus posesiones en Am\u00e9rica, la Corona Espa\u00f1ola recurri\u00f3 entonces a la divisi\u00f3n por virreinatos y as\u00ed garantizar el dominio y la autoridad real en el nuevo continente.<\/em><\/span><\/p>\n<p><img loading=\"lazy\" decoding=\"async\" class=\"aligncenter size-full wp-image-5558\" src=\"https:\/\/elbibliote.com\/resources\/articulosdestacados\/wp-content\/uploads\/2018\/05\/Adelantado.jpg\" alt=\"\" width=\"700\" height=\"479\" srcset=\"https:\/\/elbibliote.com\/resources\/articulosdestacados\/wp-content\/uploads\/2018\/05\/Adelantado.jpg 700w, https:\/\/elbibliote.com\/resources\/articulosdestacados\/wp-content\/uploads\/2018\/05\/Adelantado-300x205.jpg 300w\" sizes=\"(max-width: 700px) 100vw, 700px\" \/><\/p>\n<h2>CAUSAS DE SU CREACI\u00d3N<\/h2>\n<p>Conforme los conquistadores fueron ganando tierras para la corona espa\u00f1ola tambi\u00e9n fueron en aumento sus peticiones de cargos ya que la corona los recompensaba otorg\u00e1ndoles t\u00edtulos de gobernadores y capitanes generales, aunque pronto se har\u00eda evidente que pod\u00edan llegar a surgir fuertes se\u00f1or\u00edos en sus posesiones indianas.<\/p>\n<p>La inexistencia de fronteras entre las primeras gobernaciones y su continua expansi\u00f3n gracias a la suma de conquistas dar\u00eda lugar a que surgieran conflictos entre los gobernadores. Para controlar esta situaci\u00f3n y para unificar regiones se plante\u00f3 la necesidad de crear una instancia superior que garantizara la unidad y cohesi\u00f3n de los nuevos territorios. As\u00ed, dentro de la instituci\u00f3n virreinal quedaron comprendidas las dem\u00e1s instancias de gobierno y administraci\u00f3n: las audiencias, las gobernaciones, las alcald\u00edas mayores o corregimientos y los municipios o cabildos.<\/p>\n<figure id=\"attachment_5557\" aria-describedby=\"caption-attachment-5557\" style=\"width: 250px\" class=\"wp-caption aligncenter\"><img loading=\"lazy\" decoding=\"async\" class=\"size-full wp-image-5557\" src=\"https:\/\/elbibliote.com\/resources\/articulosdestacados\/wp-content\/uploads\/2018\/05\/Escudo.png\" alt=\"\" width=\"250\" height=\"442\" srcset=\"https:\/\/elbibliote.com\/resources\/articulosdestacados\/wp-content\/uploads\/2018\/05\/Escudo.png 250w, https:\/\/elbibliote.com\/resources\/articulosdestacados\/wp-content\/uploads\/2018\/05\/Escudo-170x300.png 170w\" sizes=\"(max-width: 250px) 100vw, 250px\" \/><figcaption id=\"caption-attachment-5557\" class=\"wp-caption-text\">Escudo del Virreinato de Nueva Espa\u00f1a.<\/figcaption><\/figure>\n<h2>EL VIRREY<\/h2>\n<p>El virrey era el t\u00edtulo con el que se conoc\u00eda al responsable de administrar y gobernar, como representante y en nombre de la corona espa\u00f1ola, un pa\u00eds o una provincia. De este modo, y ejerciendo plenamente las prerrogativas regias, su figura tuvo especial importancia por la enorme acumulaci\u00f3n de territorios que, debido a su dispersi\u00f3n y la imposibilidad de comunicaciones r\u00e1pidas, no pod\u00eda gestionarse de forma centralizada.<\/p>\n<p>As\u00ed las cosas, el virrey pose\u00eda atribuciones administrativas, militares, judiciales y financieras. En su persona, pues, reun\u00eda tres atribuciones: gobernador, capit\u00e1n general y presidente de la audiencia, cargos que deb\u00eda desempe\u00f1ar en el marco de una compleja relaci\u00f3n con las dem\u00e1s autoridades.<\/p>\n<figure id=\"attachment_5559\" aria-describedby=\"caption-attachment-5559\" style=\"width: 700px\" class=\"wp-caption aligncenter\"><img loading=\"lazy\" decoding=\"async\" class=\"wp-image-5559 size-full\" src=\"https:\/\/elbibliote.com\/resources\/articulosdestacados\/wp-content\/uploads\/2018\/05\/TH-177287114-Cabildo.jpg\" alt=\"\" width=\"700\" height=\"860\" srcset=\"https:\/\/elbibliote.com\/resources\/articulosdestacados\/wp-content\/uploads\/2018\/05\/TH-177287114-Cabildo.jpg 700w, https:\/\/elbibliote.com\/resources\/articulosdestacados\/wp-content\/uploads\/2018\/05\/TH-177287114-Cabildo-244x300.jpg 244w\" sizes=\"(max-width: 700px) 100vw, 700px\" \/><figcaption id=\"caption-attachment-5559\" class=\"wp-caption-text\">Edificio actual del Cabildo de Buenos Aires, ayuntamiento municipal de la capital del Virreinato del R\u00edo de la Plata.<\/figcaption><\/figure>\n<h2>EL VIRREINATO COLOMBINO<\/h2>\n<p>En primera instancia, el primer virreinato otorgado en Am\u00e9rica recay\u00f3 en la figura de Crist\u00f3bal Col\u00f3n, seg\u00fan consta en las Capitulaciones de Santa Fe concedidas por los Reyes Cat\u00f3licos antes de que el famoso almirante iniciara su primer viaje rumbo a las Indias. As\u00ed como en su condici\u00f3n de almirante le correspond\u00eda el mando y la jurisdicci\u00f3n sobre las aguas de la Mar Oce\u00e1nica (hoy Oc\u00e9ano Atl\u00e1ntico), en su calidad de virrey ejercer\u00eda el poder sobre las tierras descubiertas y por descubrir.<\/p>\n<figure id=\"attachment_5561\" aria-describedby=\"caption-attachment-5561\" style=\"width: 700px\" class=\"wp-caption aligncenter\"><img loading=\"lazy\" decoding=\"async\" class=\"size-full wp-image-5561\" src=\"https:\/\/elbibliote.com\/resources\/articulosdestacados\/wp-content\/uploads\/2018\/05\/Reyes-Catolicos.jpg\" alt=\"\" width=\"700\" height=\"385\" srcset=\"https:\/\/elbibliote.com\/resources\/articulosdestacados\/wp-content\/uploads\/2018\/05\/Reyes-Catolicos.jpg 700w, https:\/\/elbibliote.com\/resources\/articulosdestacados\/wp-content\/uploads\/2018\/05\/Reyes-Catolicos-300x165.jpg 300w\" sizes=\"(max-width: 700px) 100vw, 700px\" \/><figcaption id=\"caption-attachment-5561\" class=\"wp-caption-text\">Los Reyes Cat\u00f3licos: Fernando II de Arag\u00f3n e Isabel I de Castilla.<\/figcaption><\/figure>\n<p>Sin embargo, el llamado Virreinato colombino tuvo una corta duraci\u00f3n, ya que desde un primer momento los Reyes Cat\u00f3licos restringieron las facultades del almirante, y pese a que su hijo Diego obtuvo el cargo de manera honoraria, termin\u00f3 extingui\u00e9ndose definitivamente en 1536.<\/p>\n<h2>EL VIRREINATO DE NUEVA ESPA\u00d1A<\/h2>\n<p>Tras la destrucci\u00f3n del Imperio Azteca y el sometimiento de los nativos, los conquistadores espa\u00f1oles se dispusieron a derribar la antigua capital azteca, Tenochtitl\u00e1n, y fundar una nueva ciudad de aspecto europeo, la actual Ciudad de M\u00e9xico, que se convertir\u00eda en la capital del Virreinato de Nueva Espa\u00f1a. De este modo, y con la construcci\u00f3n de la nueva capital, Espa\u00f1a puso especial \u00e9nfasis en la europeizaci\u00f3n de los territorios reci\u00e9n conquistados, introduciendo instituciones pol\u00edticas occidentales, con el objetivo de afianzar su dominio en la regi\u00f3n. Una vez derribados los \u00faltimos vestigios de dominaci\u00f3n ind\u00edgena a manos de Hern\u00e1n Cort\u00e9s, designado como Capit\u00e1n General de la regi\u00f3n, la metr\u00f3poli decidi\u00f3 constituir estos nuevos territorios como un virreinato, delegando la funci\u00f3n de virrey sobre Antonio de Mendoza, en 1536.<\/p>\n<figure id=\"attachment_5562\" aria-describedby=\"caption-attachment-5562\" style=\"width: 480px\" class=\"wp-caption aligncenter\"><img loading=\"lazy\" decoding=\"async\" class=\"size-full wp-image-5562\" src=\"https:\/\/elbibliote.com\/resources\/articulosdestacados\/wp-content\/uploads\/2018\/05\/Antonio-Mendoza.jpg\" alt=\"\" width=\"480\" height=\"388\" srcset=\"https:\/\/elbibliote.com\/resources\/articulosdestacados\/wp-content\/uploads\/2018\/05\/Antonio-Mendoza.jpg 480w, https:\/\/elbibliote.com\/resources\/articulosdestacados\/wp-content\/uploads\/2018\/05\/Antonio-Mendoza-300x243.jpg 300w\" sizes=\"(max-width: 480px) 100vw, 480px\" \/><figcaption id=\"caption-attachment-5562\" class=\"wp-caption-text\">Retrato de Antonio de Mendoza y Pacheco, primer virrey de la Nueva Espa\u00f1a.<\/figcaption><\/figure>\n<p>En su m\u00e1xima extensi\u00f3n, el Virreinato de Nueva Espa\u00f1a ocup\u00f3 toda Am\u00e9rica Central y las Antillas, y lleg\u00f3 a abarcar territorios propios del centro y sur de los actuales Estados Unidos y Filipinas. Ahora bien, el impacto demogr\u00e1fico producido tras la conquista ser\u00eda enorme. De hecho, un alto porcentaje de la poblaci\u00f3n nativa morir\u00eda a causa de las enfermedades tra\u00eddas desde Europa, tales como la viruela o la tuberculosis. Por otra parte, los sistemas de trabajo forzado a los que fueron sometidos los ind\u00edgenas aceleraron el retroceso demogr\u00e1fico iniciado durante los primeros a\u00f1os de la conquista.<\/p>\n<figure id=\"attachment_5563\" aria-describedby=\"caption-attachment-5563\" style=\"width: 700px\" class=\"wp-caption aligncenter\"><img loading=\"lazy\" decoding=\"async\" class=\"size-full wp-image-5563\" src=\"https:\/\/elbibliote.com\/resources\/articulosdestacados\/wp-content\/uploads\/2018\/05\/TH-463577323-Aqueduct-of-Zacatecas-Mexico.jpg\" alt=\"\" width=\"700\" height=\"656\" srcset=\"https:\/\/elbibliote.com\/resources\/articulosdestacados\/wp-content\/uploads\/2018\/05\/TH-463577323-Aqueduct-of-Zacatecas-Mexico.jpg 700w, https:\/\/elbibliote.com\/resources\/articulosdestacados\/wp-content\/uploads\/2018\/05\/TH-463577323-Aqueduct-of-Zacatecas-Mexico-300x281.jpg 300w\" sizes=\"(max-width: 700px) 100vw, 700px\" \/><figcaption id=\"caption-attachment-5563\" class=\"wp-caption-text\">Las haciendas y las grandes propiedades en el Virreinato de Nueva Espa\u00f1a tuvieron su apogeo en el siglo XVII y ocuparon gran parte del centro de M\u00e9xico, en especial el Baj\u00edo. En la imagen se puede apreciar una secci\u00f3n del Acueducto de Zacatecas.<\/figcaption><\/figure>\n<p>En el plano econ\u00f3mico, en el Virreinato de Nueva Espa\u00f1a obtuvo especial relevancia la miner\u00eda y el comercio. Asimismo, otras actividades importantes fueron la agricultura (ma\u00edz, cacao y otros productos originarios de la antigua Mesoam\u00e9rica), y la ganader\u00eda (introducida por los europeos, quienes trajeron la mayor parte de los animales criados).<\/p>\n<p>El descubrimiento de numerosos yacimientos mineros capt\u00f3 entonces la atenci\u00f3n de la Corona, que inmediatamente dispuso su explotaci\u00f3n. De estos yacimientos, pues, se extra\u00edan materiales tales como el oro, la plata, el cobre y el hierro. Con todo, la creaci\u00f3n de ciudades mineras, en torno a las minas, produjo el surgimiento de nuevas explotaciones agr\u00edcolas y ganaderas dedicadas a su abastecimiento. Las principales minas de Nueva Espa\u00f1a fueron la de Zacatecas (1546), Pachuca (1552), Fresnillo y Guanajuato (1554), y finalmente San Luis Potos\u00ed (1592).<\/p>\n<p>Por su parte, la regulaci\u00f3n comercial quedar\u00eda en manos de la Casa de Contrataci\u00f3n con sede en Sevilla. De hecho, el monopolio y las pol\u00edticas proteccionistas impuestas por la metr\u00f3poli impidieron el \u00f3ptimo desarrollo por todo el virreinato. El comercio directo con otras zonas del imperio estaba prohibido, con lo cual muchas medidas proteccionistas conducir\u00edan al apogeo de actividades il\u00edcitas tales como la pirater\u00eda o el contrabando.<\/p>\n<figure id=\"attachment_5564\" aria-describedby=\"caption-attachment-5564\" style=\"width: 700px\" class=\"wp-caption aligncenter\"><img loading=\"lazy\" decoding=\"async\" class=\"size-full wp-image-5564\" src=\"https:\/\/elbibliote.com\/resources\/articulosdestacados\/wp-content\/uploads\/2018\/05\/Flujo-minero.jpg\" alt=\"\" width=\"700\" height=\"444\" srcset=\"https:\/\/elbibliote.com\/resources\/articulosdestacados\/wp-content\/uploads\/2018\/05\/Flujo-minero.jpg 700w, https:\/\/elbibliote.com\/resources\/articulosdestacados\/wp-content\/uploads\/2018\/05\/Flujo-minero-300x190.jpg 300w\" sizes=\"(max-width: 700px) 100vw, 700px\" \/><figcaption id=\"caption-attachment-5564\" class=\"wp-caption-text\">La miner\u00eda produjo un importante flujo de actividad econ\u00f3mica que ocasion\u00f3 el crecimiento de la Nueva Espa\u00f1a al generarse empleos para gran cantidad de la poblaci\u00f3n.<\/figcaption><\/figure>\n<h2>EL VIRREINATO DE NUEVA GRANADA<\/h2>\n<p>El Virreinato de Nueva Granada abarc\u00f3 los actuales territorios de Ecuador, Colombia, Panam\u00e1 y Venezuela. Fue creado mediante Real C\u00e9dula el 27 de mayo de 1717 uniendo la Real Audiencia de Quito, la Capitan\u00eda General de Venezuela y la Real Audiencia de Santa Fe. De hecho, la Corona se vio obligada a constituir este nuevo virreinato por dos razones principales: era la zona m\u00e1s importante de producci\u00f3n aur\u00edfera y su estrat\u00e9gica posici\u00f3n le permit\u00eda enfrentar con efectividad el contrabando y la pirater\u00eda. La ciudad de Bogot\u00e1, pues, pas\u00f3 a ser la capital del nuevo virreinato, convirti\u00e9ndose de esta manera en uno de los principales centros de actividad de las posesiones del imperio en Am\u00e9rica.<\/p>\n<figure id=\"attachment_5566\" aria-describedby=\"caption-attachment-5566\" style=\"width: 346px\" class=\"wp-caption aligncenter\"><img loading=\"lazy\" decoding=\"async\" class=\"size-full wp-image-5566\" src=\"https:\/\/elbibliote.com\/resources\/articulosdestacados\/wp-content\/uploads\/2018\/05\/Pedro-Messia-de-la-Cerda.jpg\" alt=\"\" width=\"346\" height=\"342\" srcset=\"https:\/\/elbibliote.com\/resources\/articulosdestacados\/wp-content\/uploads\/2018\/05\/Pedro-Messia-de-la-Cerda.jpg 346w, https:\/\/elbibliote.com\/resources\/articulosdestacados\/wp-content\/uploads\/2018\/05\/Pedro-Messia-de-la-Cerda-300x297.jpg 300w\" sizes=\"(max-width: 346px) 100vw, 346px\" \/><figcaption id=\"caption-attachment-5566\" class=\"wp-caption-text\">Retrato de Pedro Mes\u00eda de la Cerda, quinto virrey de Nueva Granada.<\/figcaption><\/figure>\n<p>Su fundaci\u00f3n obedece a la nueva pol\u00edtica borb\u00f3nica de reorganizaci\u00f3n administrativa y de reforma y modernizaci\u00f3n de los sistemas de extracci\u00f3n y comercializaci\u00f3n de materias primas obtenidas de las colonias. De existencia intermitente, el Virreinato de Nueva Granada fue disuelto y vuelto a formar en numerosas ocasiones: tras su primera fundaci\u00f3n en 1717, fue disuelto por dificultades econ\u00f3micas en 1724; refundado en 1740, fue nuevamente disuelto por los independentistas que se hicieron con el poder en 1810 y recuperado por Fernando VII en 1816. Finalmente, ser\u00eda reemplazado por una nueva entidad, la Gran Colombia, tras ser definitivamente disuelto por los independentistas en torno a 1822.<\/p>\n<figure id=\"attachment_5567\" aria-describedby=\"caption-attachment-5567\" style=\"width: 700px\" class=\"wp-caption aligncenter\"><img loading=\"lazy\" decoding=\"async\" class=\"size-full wp-image-5567\" src=\"https:\/\/elbibliote.com\/resources\/articulosdestacados\/wp-content\/uploads\/2018\/05\/Presidencias-de-Santa-fe-y-Quito.jpg\" alt=\"\" width=\"700\" height=\"570\" srcset=\"https:\/\/elbibliote.com\/resources\/articulosdestacados\/wp-content\/uploads\/2018\/05\/Presidencias-de-Santa-fe-y-Quito.jpg 700w, https:\/\/elbibliote.com\/resources\/articulosdestacados\/wp-content\/uploads\/2018\/05\/Presidencias-de-Santa-fe-y-Quito-300x244.jpg 300w\" sizes=\"(max-width: 700px) 100vw, 700px\" \/><figcaption id=\"caption-attachment-5567\" class=\"wp-caption-text\">Presidencias de Santa Fe y Quito antes de la conformaci\u00f3n del Virreinato de Nueva Granada en 1717.<\/figcaption><\/figure>\n<h2>EL VIRREINATO DEL PER\u00da<\/h2>\n<p>El Virreinato del Per\u00fa ser\u00eda la entidad pol\u00edtico-administrativa fundada en 1542 tras el sometimiento del Imperio Inca. As\u00ed, en su m\u00e1xima extensi\u00f3n, abarcar\u00eda territorios que actualmente se corresponden con Per\u00fa, Ecuador, Bolivia, Colombia, y parte de Argentina y Chile. De este modo, los primeros asentamientos comenzaron a desarrollarse tras la captura de Cuzco, principal ciudad inca, por parte de Francisco Pizarro, en 1534.<\/p>\n<figure id=\"attachment_5568\" aria-describedby=\"caption-attachment-5568\" style=\"width: 700px\" class=\"wp-caption aligncenter\"><img loading=\"lazy\" decoding=\"async\" class=\"size-full wp-image-5568\" src=\"https:\/\/elbibliote.com\/resources\/articulosdestacados\/wp-content\/uploads\/2018\/05\/TH-96661981-Francisco-Pizarro.jpg\" alt=\"\" width=\"700\" height=\"792\" srcset=\"https:\/\/elbibliote.com\/resources\/articulosdestacados\/wp-content\/uploads\/2018\/05\/TH-96661981-Francisco-Pizarro.jpg 700w, https:\/\/elbibliote.com\/resources\/articulosdestacados\/wp-content\/uploads\/2018\/05\/TH-96661981-Francisco-Pizarro-265x300.jpg 265w\" sizes=\"(max-width: 700px) 100vw, 700px\" \/><figcaption id=\"caption-attachment-5568\" class=\"wp-caption-text\">Estatua de Francisco Pizarro en Trujillo, Espa\u00f1a.<\/figcaption><\/figure>\n<p>Fruto del choque de intereses entre los distintos conquistadores, el virreinato vivi\u00f3 cuarenta a\u00f1os de caos administrativo, principalmente como consecuencia del desigual reparto de la tierra. No obstante, a mediados del siglo XVI, Francisco de Toledo, virrey del Per\u00fa, lograr\u00eda encauzar la situaci\u00f3n y establecer un marco administrativo estable, que se prolongar\u00eda durante todo el per\u00edodo colonial.<\/p>\n<p>Quiz\u00e1s una de las particularidades m\u00e1s significativas del Per\u00fa estuvo en la temprana explotaci\u00f3n de los metales preciosos, cuyo centro m\u00e1s importante fue el cerro rico de Potos\u00ed, descubierto por los espa\u00f1oles en 1545.<\/p>\n<p>Durante el siglo XIX, \u00e9poca en la que se suceden los distintos alzamientos independentistas a lo largo del continente, el Virreinato del Per\u00fa se mantendr\u00eda como principal basti\u00f3n de los realistas, hasta su disoluci\u00f3n, en 1824, tras la Batalla de Ayacucho. Asimismo, el Per\u00fa ser\u00eda tambi\u00e9n testigo de los alzamientos de T\u00fapac Amaru II y T\u00fapac Katari, precedentes de la futura emancipaci\u00f3n latinoamericana.<\/p>\n<figure id=\"attachment_5569\" aria-describedby=\"caption-attachment-5569\" style=\"width: 700px\" class=\"wp-caption aligncenter\"><img loading=\"lazy\" decoding=\"async\" class=\"size-full wp-image-5569\" src=\"https:\/\/elbibliote.com\/resources\/articulosdestacados\/wp-content\/uploads\/2018\/05\/Batalla-de-Ayacucho.jpg\" alt=\"\" width=\"700\" height=\"460\" srcset=\"https:\/\/elbibliote.com\/resources\/articulosdestacados\/wp-content\/uploads\/2018\/05\/Batalla-de-Ayacucho.jpg 700w, https:\/\/elbibliote.com\/resources\/articulosdestacados\/wp-content\/uploads\/2018\/05\/Batalla-de-Ayacucho-300x197.jpg 300w\" sizes=\"(max-width: 700px) 100vw, 700px\" \/><figcaption id=\"caption-attachment-5569\" class=\"wp-caption-text\">Batalla de Ayacucho.<\/figcaption><\/figure>\n<figure id=\"attachment_5570\" aria-describedby=\"caption-attachment-5570\" style=\"width: 700px\" class=\"wp-caption aligncenter\"><img loading=\"lazy\" decoding=\"async\" class=\"size-full wp-image-5570\" src=\"https:\/\/elbibliote.com\/resources\/articulosdestacados\/wp-content\/uploads\/2018\/05\/Virreinato-del-Rio-de-la-Plata.png\" alt=\"\" width=\"700\" height=\"1079\" srcset=\"https:\/\/elbibliote.com\/resources\/articulosdestacados\/wp-content\/uploads\/2018\/05\/Virreinato-del-Rio-de-la-Plata.png 700w, https:\/\/elbibliote.com\/resources\/articulosdestacados\/wp-content\/uploads\/2018\/05\/Virreinato-del-Rio-de-la-Plata-195x300.png 195w, https:\/\/elbibliote.com\/resources\/articulosdestacados\/wp-content\/uploads\/2018\/05\/Virreinato-del-Rio-de-la-Plata-664x1024.png 664w\" sizes=\"(max-width: 700px) 100vw, 700px\" \/><figcaption id=\"caption-attachment-5570\" class=\"wp-caption-text\">Mapa del Virreinato del R\u00edo de la Plata alrededor de 1783.<\/figcaption><\/figure>\n<h2>EL VIRREINATO DEL R\u00cdO DE LA PLATA<\/h2>\n<p>El Virreinato del R\u00edo de la Plata fue creado en 1776 por orden de Carlos III. Nacido de una escisi\u00f3n del Virreinato del Per\u00fa, integr\u00f3 los territorios de las gobernaciones de Buenos Aires, Paraguay, Tucum\u00e1n y Santa Cruz de la Sierra, el corregimiento de Cuyo de la Capitan\u00eda General de Chile y los corregimientos de la provincia de Charcas. De este modo, abarc\u00f3 los actuales territorios de Argentina, Bolivia, Uruguay y Paraguay, y partes del sur de Brasil y el norte de Chile. Su capital se situ\u00f3 en Buenos Aires, fundada en 1580 por Juan de Garay.<\/p>\n<p>Las causas de la creaci\u00f3n de este virreinato surgieron de la necesidad de la metr\u00f3polis de defender sus posesiones al sur del continente de las ambiciones de otras potencias coloniales, como Inglaterra y Portugal. Al encontrarse toda esta zona bajo administraci\u00f3n del Virreinato del Per\u00fa, el tr\u00e1fico entre Lima y Buenos Aires era muy lento y hac\u00eda dif\u00edcil organizar la defensa de Buenos Aires en caso de un eventual ataque.<\/p>\n<p>La econom\u00eda en este virreinato segu\u00eda el modelo extractivo-exportador, y al igual que el resto de los virreinatos y la propia metr\u00f3polis, se mostr\u00f3 ajeno a la proto-industrializaci\u00f3n surgida en el siglo XVIII. La ganader\u00eda, asentada principalmente en Buenos Aires, constituy\u00f3 una importante actividad econ\u00f3mica. Por su parte, la miner\u00eda no ocupaba el lugar preferencial que pose\u00eda en el resto de los virreinatos, aunque la actividad minera se limitaba a una serie de yacimientos explotados en la actual Bolivia, y desde el puerto de Buenos Aires se exportaban enormes cantidades de oro y plata llegadas, principalmente, del Alto Per\u00fa. El comercio, centrado en la exportaci\u00f3n de ganado y derivados, cereales, oro y plata, estaba fuertemente regulado por la metr\u00f3polis, lo cual favoreci\u00f3 la proliferaci\u00f3n de actividades contrabandistas. La actividad comercial estaba en manos de unos pocos espa\u00f1oles, los cuales a su vez, detentaban gran parte del poder pol\u00edtico.<\/p>\n<figure id=\"attachment_5571\" aria-describedby=\"caption-attachment-5571\" style=\"width: 570px\" class=\"wp-caption aligncenter\"><img loading=\"lazy\" decoding=\"async\" class=\"size-full wp-image-5571\" src=\"https:\/\/elbibliote.com\/resources\/articulosdestacados\/wp-content\/uploads\/2018\/05\/Pedro-de-Cevallos.jpg\" alt=\"\" width=\"570\" height=\"496\" srcset=\"https:\/\/elbibliote.com\/resources\/articulosdestacados\/wp-content\/uploads\/2018\/05\/Pedro-de-Cevallos.jpg 570w, https:\/\/elbibliote.com\/resources\/articulosdestacados\/wp-content\/uploads\/2018\/05\/Pedro-de-Cevallos-300x261.jpg 300w\" sizes=\"(max-width: 570px) 100vw, 570px\" \/><figcaption id=\"caption-attachment-5571\" class=\"wp-caption-text\">Retrato de Pedro de Cevallos, primer virrey del R\u00edo de la Plata.<\/figcaption><\/figure>\n","protected":false},"excerpt":{"rendered":"<p>El virreinato constituy\u00f3 la m\u00e1xima expresi\u00f3n territorial y pol\u00edtico-administrativa que existi\u00f3 en la Am\u00e9rica espa\u00f1ola. Debido a las grandes extensiones de sus posesiones en Am\u00e9rica, la Corona Espa\u00f1ola recurri\u00f3 entonces a la divisi\u00f3n por virreinatos y as\u00ed garantizar el dominio y la autoridad real en el nuevo continente.<\/p>\n","protected":false},"author":1,"featured_media":0,"comment_status":"closed","ping_status":"closed","sticky":false,"template":"","format":"standard","meta":{"footnotes":""},"categories":[15],"tags":[1358,229,6920,6906,3926,3029,6643,2584,6918,6916,6905,6910,6911,6917,4161,6919,2860,6908,6913,5358,6907,6909,6914,6915,2799,6904,6912],"_links":{"self":[{"href":"https:\/\/elbibliote.com\/resources\/articulosdestacados\/index.php?rest_route=\/wp\/v2\/posts\/5556"}],"collection":[{"href":"https:\/\/elbibliote.com\/resources\/articulosdestacados\/index.php?rest_route=\/wp\/v2\/posts"}],"about":[{"href":"https:\/\/elbibliote.com\/resources\/articulosdestacados\/index.php?rest_route=\/wp\/v2\/types\/post"}],"author":[{"embeddable":true,"href":"https:\/\/elbibliote.com\/resources\/articulosdestacados\/index.php?rest_route=\/wp\/v2\/users\/1"}],"replies":[{"embeddable":true,"href":"https:\/\/elbibliote.com\/resources\/articulosdestacados\/index.php?rest_route=%2Fwp%2Fv2%2Fcomments&post=5556"}],"version-history":[{"count":1,"href":"https:\/\/elbibliote.com\/resources\/articulosdestacados\/index.php?rest_route=\/wp\/v2\/posts\/5556\/revisions"}],"predecessor-version":[{"id":5572,"href":"https:\/\/elbibliote.com\/resources\/articulosdestacados\/index.php?rest_route=\/wp\/v2\/posts\/5556\/revisions\/5572"}],"wp:attachment":[{"href":"https:\/\/elbibliote.com\/resources\/articulosdestacados\/index.php?rest_route=%2Fwp%2Fv2%2Fmedia&parent=5556"}],"wp:term":[{"taxonomy":"category","embeddable":true,"href":"https:\/\/elbibliote.com\/resources\/articulosdestacados\/index.php?rest_route=%2Fwp%2Fv2%2Fcategories&post=5556"},{"taxonomy":"post_tag","embeddable":true,"href":"https:\/\/elbibliote.com\/resources\/articulosdestacados\/index.php?rest_route=%2Fwp%2Fv2%2Ftags&post=5556"}],"curies":[{"name":"wp","href":"https:\/\/api.w.org\/{rel}","templated":true}]}}