{"id":633,"date":"2018-03-19T14:08:49","date_gmt":"2018-03-19T17:08:49","guid":{"rendered":"http:\/\/elbibliote.com\/resources\/articulosdestacados\/?p=633"},"modified":"2018-03-19T15:05:23","modified_gmt":"2018-03-19T18:05:23","slug":"asma","status":"publish","type":"post","link":"https:\/\/elbibliote.com\/resources\/articulosdestacados\/?p=633","title":{"rendered":"Asma"},"content":{"rendered":"<p><span style=\"color: #808080;\"><em>El asma es una enfermedad cr\u00f3nica del sistema respiratorio que prevalece en los ni\u00f1os y puede ser mortal. Afecta a los pulmones causando episodios de jadeo, dificultad para respirar, presi\u00f3n en el pecho y tos especialmente a la noche o temprano por la ma\u00f1ana.\u00a0<\/em><\/span><\/p>\n<p>Cuando los s\u00edntomas empeoran se producen las \u201ccrisis de asma\u201d, que son crisis respiratorias de corta duraci\u00f3n aunque puede haber per\u00edodos con ataques asm\u00e1ticos diarios que pueden persistir varias semanas.<br \/>\nNo se conoce exactamente la causa pero existe la posibilidad de un alto porcentaje de origen hereditario.<\/p>\n<h2><strong>\u00bfCu\u00e1les son los s\u00edntomas?<\/strong><\/h2>\n<p>Los s\u00edntomas pueden ser respiraci\u00f3n sibilante, falta de aire, opresi\u00f3n en el pecho y tos durante la noche o temprano en la ma\u00f1ana.<\/p>\n<p><img loading=\"lazy\" decoding=\"async\" class=\"aligncenter wp-image-639 size-full\" src=\"https:\/\/elbibliote.com\/resources\/articulosdestacados\/wp-content\/uploads\/2018\/03\/iStock-638155710.jpg\" alt=\"\" width=\"550\" height=\"367\" srcset=\"https:\/\/elbibliote.com\/resources\/articulosdestacados\/wp-content\/uploads\/2018\/03\/iStock-638155710.jpg 550w, https:\/\/elbibliote.com\/resources\/articulosdestacados\/wp-content\/uploads\/2018\/03\/iStock-638155710-300x200.jpg 300w\" sizes=\"(max-width: 550px) 100vw, 550px\" \/><\/p>\n<h2><strong>\u00bfC\u00f3mo puede prevenirse?<\/strong><\/h2>\n<p>No hay una cura definitiva para el asma pero se pueden prevenir los ataques evitando las cosas que pueden originarlos, como:<\/p>\n<ul>\n<li>\u00e1caros: son peque\u00f1os par\u00e1sitos que se encuentran en el polvo dom\u00e9stico, desencadenante importante de los ataques de asma.<\/li>\n<li>humo ambiental del tabaco: es muy importante que los asm\u00e1ticos no est\u00e9n en lugares donde se fuma, ya que el humo del tabaco es un desencadenante crucial.<\/li>\n<li>animales dom\u00e9sticos: en especial las mascotas muy peludas pueden ser perjudiciales.<\/li>\n<li>moho: es importante que los asm\u00e1ticos vivan en lugares de bajo nivel de humedad.<\/li>\n<li>poluci\u00f3n del aire externo: emisiones industriales y humo de los ca\u00f1os de escape de los autom\u00f3viles son perjudiciales.<\/li>\n<li>infecciones respiratorias: bronquitis, gripe e incluso rinitis pueden ser causantes de ataques de asma.<\/li>\n<li>Ejercicio f\u00edsico extenuante, condiciones clim\u00e1ticas adversas, algunos alimentos y ciertos estados emocionales son tambi\u00e9n causas de episodios de asma.<\/li>\n<\/ul>\n<h2><strong>\u00bfCu\u00e1l es el tratamiento?<\/strong><\/h2>\n<p>Existe un tratamiento preventivo -para aquellos pacientes declarados asm\u00e1ticos- donde se indica el uso regular de broncodilatadores, antihistam\u00ednicos y corticosteroides.<br \/>\nLos pacientes asm\u00e1ticos son tratados generalmente con broncodilatadores usados mediante nebulizadores o inhaladores llamados paf.<\/p>\n<p><img loading=\"lazy\" decoding=\"async\" class=\"wp-image-640 size-full aligncenter\" src=\"https:\/\/elbibliote.com\/resources\/articulosdestacados\/wp-content\/uploads\/2018\/03\/iStock-667734186.jpg\" alt=\"\" width=\"550\" height=\"367\" srcset=\"https:\/\/elbibliote.com\/resources\/articulosdestacados\/wp-content\/uploads\/2018\/03\/iStock-667734186.jpg 550w, https:\/\/elbibliote.com\/resources\/articulosdestacados\/wp-content\/uploads\/2018\/03\/iStock-667734186-300x200.jpg 300w\" sizes=\"(max-width: 550px) 100vw, 550px\" \/><\/p>\n<p><strong>Fuente:<\/strong> Ministerio de Salud \u2013 Presidencia de la Naci\u00f3n (Argentina) &lt;a href=&#8221;http:\/\/www.msal.gob.ar\/index.php\/component\/content\/article\/48\/120-<\/p>\n","protected":false},"excerpt":{"rendered":"<p>El asma es una enfermedad cr\u00f3nica del sistema respiratorio que prevalece en los ni\u00f1os y puede ser mortal. Afecta a los pulmones causando episodios de jadeo, dificultad para respirar, presi\u00f3n en el pecho y tos especialmente a la noche o temprano por la ma\u00f1ana.\u00a0<\/p>\n","protected":false},"author":6,"featured_media":0,"comment_status":"closed","ping_status":"closed","sticky":false,"template":"","format":"standard","meta":{"footnotes":""},"categories":[22],"tags":[304,698,695,690,700,694,692,701,696,693,699,691,697],"_links":{"self":[{"href":"https:\/\/elbibliote.com\/resources\/articulosdestacados\/index.php?rest_route=\/wp\/v2\/posts\/633"}],"collection":[{"href":"https:\/\/elbibliote.com\/resources\/articulosdestacados\/index.php?rest_route=\/wp\/v2\/posts"}],"about":[{"href":"https:\/\/elbibliote.com\/resources\/articulosdestacados\/index.php?rest_route=\/wp\/v2\/types\/post"}],"author":[{"embeddable":true,"href":"https:\/\/elbibliote.com\/resources\/articulosdestacados\/index.php?rest_route=\/wp\/v2\/users\/6"}],"replies":[{"embeddable":true,"href":"https:\/\/elbibliote.com\/resources\/articulosdestacados\/index.php?rest_route=%2Fwp%2Fv2%2Fcomments&post=633"}],"version-history":[{"count":8,"href":"https:\/\/elbibliote.com\/resources\/articulosdestacados\/index.php?rest_route=\/wp\/v2\/posts\/633\/revisions"}],"predecessor-version":[{"id":910,"href":"https:\/\/elbibliote.com\/resources\/articulosdestacados\/index.php?rest_route=\/wp\/v2\/posts\/633\/revisions\/910"}],"wp:attachment":[{"href":"https:\/\/elbibliote.com\/resources\/articulosdestacados\/index.php?rest_route=%2Fwp%2Fv2%2Fmedia&parent=633"}],"wp:term":[{"taxonomy":"category","embeddable":true,"href":"https:\/\/elbibliote.com\/resources\/articulosdestacados\/index.php?rest_route=%2Fwp%2Fv2%2Fcategories&post=633"},{"taxonomy":"post_tag","embeddable":true,"href":"https:\/\/elbibliote.com\/resources\/articulosdestacados\/index.php?rest_route=%2Fwp%2Fv2%2Ftags&post=633"}],"curies":[{"name":"wp","href":"https:\/\/api.w.org\/{rel}","templated":true}]}}