{"id":6776,"date":"2018-09-05T11:00:18","date_gmt":"2018-09-05T14:00:18","guid":{"rendered":"http:\/\/elbibliote.com\/resources\/articulosdestacados\/?p=6776"},"modified":"2018-09-05T11:00:18","modified_gmt":"2018-09-05T14:00:18","slug":"los-adjetivos","status":"publish","type":"post","link":"https:\/\/elbibliote.com\/resources\/articulosdestacados\/?p=6776","title":{"rendered":"Los adjetivos"},"content":{"rendered":"<p><span style=\"color: #999999;\"><em>Rubio, morocho, alto, elegante, divertido, inquieto, hermoso, extenso y aburrido son adjetivos. \u00bfPor qu\u00e9? Porque expresan una cualidad o estado de los sustantivos a los que se refieren. Por eso cuando debemos realizar una descripci\u00f3n de alguna persona u objeto recurrimos a los adjetivos.<\/em><\/span><\/p>\n<p><img loading=\"lazy\" decoding=\"async\" class=\"aligncenter size-full wp-image-6778\" src=\"https:\/\/elbibliote.com\/resources\/articulosdestacados\/wp-content\/uploads\/2018\/09\/TH-99941775-chicos.jpg\" alt=\"\" width=\"700\" height=\"133\" srcset=\"https:\/\/elbibliote.com\/resources\/articulosdestacados\/wp-content\/uploads\/2018\/09\/TH-99941775-chicos.jpg 700w, https:\/\/elbibliote.com\/resources\/articulosdestacados\/wp-content\/uploads\/2018\/09\/TH-99941775-chicos-300x57.jpg 300w\" sizes=\"(max-width: 700px) 100vw, 700px\" \/><\/p>\n<p>El adjetivo es la palabra que acompa\u00f1a al sustantivo y concuerda con \u00e9l en g\u00e9nero y n\u00famero. Por ejemplo: la flor es hermos<strong>a<\/strong> &#8211; el paisaje es hermos<strong>o<\/strong> &#8211; los libros son hermos<strong>os<\/strong> &#8211; el libro es hermos<strong>o<\/strong>.<\/p>\n<p>El plural de los adjetivos sigue las siguientes reglas:<\/p>\n<ul>\n<li>Si el adjetivo termina en vocal, a\u00f1aden una &#8220;s&#8221; al final. Por ejemplo: bueno, buenos.<\/li>\n<li>Si la vocal final es t\u00f3nica o finalizan con una letra consonante, agregan la <strong>es<\/strong>. Por ejemplo: balad\u00ed, balad\u00edes \u2013 feliz, felices.<\/li>\n<\/ul>\n<p>La funci\u00f3n del adjetivo es caracterizar al sustantivo o limitar su significado.<\/p>\n<h2>GRADOS DEL ADJETIVO<\/h2>\n<p>Las cualidades expresadas por adjetivos pueden indicar diferente grado o intensidad. Los grados son tres: positivo, comparativo, superlativo.<\/p>\n<p><strong>\u2022 Grado positivo:<\/strong> indica la cualidad sin hacer referencia a su intensidad: La flor es linda.<\/p>\n<p><strong>\u2022 Grado comparativo:<\/strong> indica la cualidad de una persona, animal u objeto compar\u00e1ndola con otra persona, animal u objeto. Puede ser de tres tipos:<br \/>\n<span style=\"text-decoration: underline;\">De superioridad:<\/span> <em>La pelota de b\u00e1squet es m\u00e1s grande que la de golf.<\/em><br \/>\n<span style=\"text-decoration: underline;\">De igualdad:<\/span> <em>El \u00e1rbol es tan alto como la casa.<\/em><br \/>\n<span style=\"text-decoration: underline;\">De inferioridad:<\/span> <em>La bicicleta es menos r\u00e1pida que el auto.<\/em><\/p>\n<figure id=\"attachment_6779\" aria-describedby=\"caption-attachment-6779\" style=\"width: 700px\" class=\"wp-caption aligncenter\"><img loading=\"lazy\" decoding=\"async\" class=\"size-full wp-image-6779\" src=\"https:\/\/elbibliote.com\/resources\/articulosdestacados\/wp-content\/uploads\/2018\/09\/TH-99177759-ninas.jpg\" alt=\"\" width=\"700\" height=\"558\" srcset=\"https:\/\/elbibliote.com\/resources\/articulosdestacados\/wp-content\/uploads\/2018\/09\/TH-99177759-ninas.jpg 700w, https:\/\/elbibliote.com\/resources\/articulosdestacados\/wp-content\/uploads\/2018\/09\/TH-99177759-ninas-300x239.jpg 300w\" sizes=\"(max-width: 700px) 100vw, 700px\" \/><figcaption id=\"caption-attachment-6779\" class=\"wp-caption-text\">Adjetivo comparativo de superioridad: Yo soy m\u00e1s alta que ella.<\/figcaption><\/figure>\n<p><strong>\u2022 Grado superlativo:<\/strong> indica una cualidad en su grado m\u00e1ximo. Puede ser de dos tipos:<br \/>\n<span style=\"text-decoration: underline;\">Relativo:<\/span> indica la cualidad en su grado m\u00e1s alto, relacion\u00e1ndola con otras personas, animales u objetos: Ese caramelo es el m\u00e1s rico de todos.<br \/>\n<span style=\"text-decoration: underline;\">Absoluto:<\/span> indica la cualidad en su grado m\u00e1s alto, sin relacionarlo con otras personas, animales u objetos. Se forma as\u00ed:<br \/>\n\u00bb Muy + adjetivo: <em>La monta\u00f1a es muy alta.<\/em><br \/>\n\u00bb Adjetivo+ -\u00edsimo\/a: <em>El mar es grand\u00edsimo.<\/em><\/p>\n<p>Algunos adjetivos forman as\u00ed el superlativo absoluto:<br \/>\nnov<strong>\u00edsimo<\/strong> (de <strong>nuevo<\/strong>), crudel<strong>\u00edsimo<\/strong> (de <strong>cruel<\/strong>), tern<strong>\u00edsimo<\/strong> (de <strong>tierno<\/strong>), antiqu<strong>\u00edsimo<\/strong> (de <strong>antiguo<\/strong>).<\/p>\n<div class=\"su-box su-box-style-default sabiasque\" id=\"\" style=\"border-color:#a8a8b7;border-radius:0px;\"><div class=\"su-box-title\" style=\"background-color:#DBDBEA;color:#484848;border-top-left-radius:0px;border-top-right-radius:0px\">\u00bfSab\u00edas qu\u00e9...?<\/div><div class=\"su-box-content su-u-clearfix su-u-trim\" style=\"border-bottom-left-radius:0px;border-bottom-right-radius:0px\">Los adjetivos en ingl\u00e9s no tienen plural.<\/div><\/div>\n<p>Hay adjetivos que tienen comparativos y superlativos propios como \u00e9stos:<\/p>\n<table style=\"width: 700px;\">\n<tbody>\n<tr>\n<td style=\"width: 174px;\"><strong>POSITIVO<\/strong><\/td>\n<td style=\"width: 217.15px;\"><strong>COMPARATIVO<\/strong><\/td>\n<td style=\"width: 246.85px;\"><strong>SUPERLATIVO<\/strong><\/td>\n<\/tr>\n<tr>\n<td style=\"width: 174px;\">bueno<\/td>\n<td style=\"width: 217.15px;\">mejor<\/td>\n<td style=\"width: 246.85px;\">\u00f3ptimo<\/td>\n<\/tr>\n<tr>\n<td style=\"width: 174px;\">malo<\/td>\n<td style=\"width: 217.15px;\">peor<\/td>\n<td style=\"width: 246.85px;\">p\u00e9simo<\/td>\n<\/tr>\n<tr>\n<td style=\"width: 174px;\">grande<\/td>\n<td style=\"width: 217.15px;\">mayor<\/td>\n<td style=\"width: 246.85px;\">m\u00e1ximo<\/td>\n<\/tr>\n<tr>\n<td style=\"width: 174px;\">peque\u00f1o<\/td>\n<td style=\"width: 217.15px;\">menor<\/td>\n<td style=\"width: 246.85px;\">m\u00ednimo<\/td>\n<\/tr>\n<\/tbody>\n<\/table>\n<h2>CLASIFICACI\u00d3N<\/h2>\n<p><img loading=\"lazy\" decoding=\"async\" class=\"aligncenter size-full wp-image-6780\" src=\"https:\/\/elbibliote.com\/resources\/articulosdestacados\/wp-content\/uploads\/2018\/09\/1.jpg\" alt=\"\" width=\"440\" height=\"312\" srcset=\"https:\/\/elbibliote.com\/resources\/articulosdestacados\/wp-content\/uploads\/2018\/09\/1.jpg 440w, https:\/\/elbibliote.com\/resources\/articulosdestacados\/wp-content\/uploads\/2018\/09\/1-300x213.jpg 300w\" sizes=\"(max-width: 440px) 100vw, 440px\" \/><\/p>\n<h2>CONNOTATIVOS<\/h2>\n<p>Los adjetivos connotativos son aquellos que transmiten informaci\u00f3n sobre los sustantivos y cargan una variada significaci\u00f3n.<\/p>\n<h3>Calificativos<\/h3>\n<p>Son aquellos adjetivos que expresan cualidades de los sustantivos a los que modifican. Pueden denotar cualidades f\u00edsicas, dimensiones, velocidad, color, forma, valoraciones, etc.<br \/>\nPor Ej.: acido, amargo, luminoso, oscuro, alto, bajo, r\u00e1pido, lento, malvado, simp\u00e1tico.<\/p>\n<h3>Numerales<\/h3>\n<p><strong>\u2022 Ordinales:<\/strong> Indican un orden: primero, segundo, tercero.<br \/>\n<strong>\u2022 Cardinales:<\/strong> Se\u00f1alan un n\u00famero fijo: uno, dos, tres.<br \/>\n<strong>\u2022 Partitivos:<\/strong> Indican divisi\u00f3n. Por ejemplo: media manzana, quinta parte.<br \/>\n<strong>\u2022 Distributivos:<\/strong> Expresan distribuci\u00f3n o reparto (sendos).<br \/>\n<strong>\u2022 M\u00faltiplos:<\/strong> Indican multiplicaci\u00f3n.<\/p>\n<h2>NO CONNOTATIVOS<\/h2>\n<p>Estos adjetivos no se\u00f1alan cualidades, tambi\u00e9n son llamados adjetivos pronominales porque pueden funcionar como pronombres. Estos adjetivos determinan la extensi\u00f3n o relaci\u00f3n en que se toma el sustantivo.<\/p>\n<h3>Posesivos<\/h3>\n<p>Estos adjetivos denotan posesi\u00f3n o pertenencia respecto de la persona que habla (yo), la que escucha (t\u00fa) y aquella a qui\u00e9n se habla. Ejemplo: m\u00edo, tuyo, suyo.<\/p>\n<h3>Demostrativos<\/h3>\n<p>Los demostrativos son este, ese, aquel, esta, esa, aquella, esto, eso, aquello, para singular y estos, esos, aquellos, estas, esas, aquellas, para el plural.<\/p>\n<h3>Indefinidos<\/h3>\n<p>Tienen cierto car\u00e1cter demostrativo, limitan el sentido del sustantivo de un modo vago o general. Por ejemplo: cierto d\u00eda, cualquier persona.<\/p>\n<h3>Relativos<\/h3>\n<p>Indican la mayor o menor cualidad posible. Por ejemplo: Ellos son los mejores del grupo.<\/p>\n<h3>Gentilicios<\/h3>\n<p>Los adjetivos gentilicios son los que se utilizan para manifestar el origen de las personas o de cualquier objeto. Por ejemplo: <em>Ella es japonesa &#8211; Este producto es argentino.<\/em><\/p>\n<p><img loading=\"lazy\" decoding=\"async\" class=\"aligncenter size-full wp-image-6781\" src=\"https:\/\/elbibliote.com\/resources\/articulosdestacados\/wp-content\/uploads\/2018\/09\/TH-109836779-japonesa.jpg\" alt=\"\" width=\"700\" height=\"439\" srcset=\"https:\/\/elbibliote.com\/resources\/articulosdestacados\/wp-content\/uploads\/2018\/09\/TH-109836779-japonesa.jpg 700w, https:\/\/elbibliote.com\/resources\/articulosdestacados\/wp-content\/uploads\/2018\/09\/TH-109836779-japonesa-300x188.jpg 300w\" sizes=\"(max-width: 700px) 100vw, 700px\" \/><\/p>\n","protected":false},"excerpt":{"rendered":"<p>Rubio, morocho, alto, elegante, divertido, inquieto, hermoso, extenso y aburrido son adjetivos. \u00bfPor qu\u00e9? Porque expresan una cualidad o estado de los sustantivos a los que se refieren. Por eso cuando debemos realizar una descripci\u00f3n de alguna persona u objeto recurrimos a los adjetivos.<\/p>\n","protected":false},"author":1,"featured_media":0,"comment_status":"closed","ping_status":"closed","sticky":false,"template":"","format":"standard","meta":{"footnotes":""},"categories":[18],"tags":[7592,1542,7595,7589,7597,7586,7588,7591,7593,7590,7594,7587,7596],"_links":{"self":[{"href":"https:\/\/elbibliote.com\/resources\/articulosdestacados\/index.php?rest_route=\/wp\/v2\/posts\/6776"}],"collection":[{"href":"https:\/\/elbibliote.com\/resources\/articulosdestacados\/index.php?rest_route=\/wp\/v2\/posts"}],"about":[{"href":"https:\/\/elbibliote.com\/resources\/articulosdestacados\/index.php?rest_route=\/wp\/v2\/types\/post"}],"author":[{"embeddable":true,"href":"https:\/\/elbibliote.com\/resources\/articulosdestacados\/index.php?rest_route=\/wp\/v2\/users\/1"}],"replies":[{"embeddable":true,"href":"https:\/\/elbibliote.com\/resources\/articulosdestacados\/index.php?rest_route=%2Fwp%2Fv2%2Fcomments&post=6776"}],"version-history":[{"count":1,"href":"https:\/\/elbibliote.com\/resources\/articulosdestacados\/index.php?rest_route=\/wp\/v2\/posts\/6776\/revisions"}],"predecessor-version":[{"id":6782,"href":"https:\/\/elbibliote.com\/resources\/articulosdestacados\/index.php?rest_route=\/wp\/v2\/posts\/6776\/revisions\/6782"}],"wp:attachment":[{"href":"https:\/\/elbibliote.com\/resources\/articulosdestacados\/index.php?rest_route=%2Fwp%2Fv2%2Fmedia&parent=6776"}],"wp:term":[{"taxonomy":"category","embeddable":true,"href":"https:\/\/elbibliote.com\/resources\/articulosdestacados\/index.php?rest_route=%2Fwp%2Fv2%2Fcategories&post=6776"},{"taxonomy":"post_tag","embeddable":true,"href":"https:\/\/elbibliote.com\/resources\/articulosdestacados\/index.php?rest_route=%2Fwp%2Fv2%2Ftags&post=6776"}],"curies":[{"name":"wp","href":"https:\/\/api.w.org\/{rel}","templated":true}]}}