{"id":6783,"date":"2018-09-05T11:28:41","date_gmt":"2018-09-05T14:28:41","guid":{"rendered":"http:\/\/elbibliote.com\/resources\/articulosdestacados\/?p=6783"},"modified":"2023-09-08T11:52:01","modified_gmt":"2023-09-08T14:52:01","slug":"la-poesia-2","status":"publish","type":"post","link":"https:\/\/elbibliote.com\/resources\/articulosdestacados\/?p=6783","title":{"rendered":"La poes\u00eda"},"content":{"rendered":"<p><span style=\"color: #999999;\"><em>Con pasajes donde la belleza aparece resaltada a trav\u00e9s de la palabra, la poes\u00eda constituye una de esas expresiones que movilizan sentimientos a trav\u00e9s de cada rengl\u00f3n, arrancando mundos interiores que conmueven al lector.<\/em> <\/span><\/p>\n<p>Antes de que procedamos a decirles que la poes\u00eda es un g\u00e9nero literario y blah, blah, blah, veamos el ejemplo de una peque\u00f1a poes\u00eda:<\/p>\n<h3>XXI<\/h3>\n<p><em>\u00bfQu\u00e9 es poes\u00eda?, dices mientras clavas<\/em><br \/>\n<em>en mi pupila tu pupila azul.<\/em><br \/>\n<em>\u00a1Qu\u00e9 es poes\u00eda!, \u00bfY t\u00fa me lo preguntas?<\/em><br \/>\n<em>Poes\u00eda&#8230;eres t\u00fa.<\/em><\/p>\n<p style=\"padding-left: 90px;\"><em>Gustavo Adolfo B\u00e9cquer<\/em><\/p>\n<figure id=\"attachment_6784\" aria-describedby=\"caption-attachment-6784\" style=\"width: 449px\" class=\"wp-caption aligncenter\"><img loading=\"lazy\" decoding=\"async\" class=\"size-full wp-image-6784\" src=\"https:\/\/elbibliote.com\/resources\/articulosdestacados\/wp-content\/uploads\/2018\/09\/Adolfo-Becquer.jpg\" alt=\"\" width=\"449\" height=\"367\" srcset=\"https:\/\/elbibliote.com\/resources\/articulosdestacados\/wp-content\/uploads\/2018\/09\/Adolfo-Becquer.jpg 449w, https:\/\/elbibliote.com\/resources\/articulosdestacados\/wp-content\/uploads\/2018\/09\/Adolfo-Becquer-300x245.jpg 300w\" sizes=\"(max-width: 449px) 100vw, 449px\" \/><figcaption id=\"caption-attachment-6784\" class=\"wp-caption-text\">Gustavo Adolfo B\u00e9cquer (1836 \u2013 1870), influyente poeta y narrador espa\u00f1ol, autor de las Rimas y Leyendas.<\/figcaption><\/figure>\n<p>El siglo XIX nos puede resultar lejano, pero el significado amoroso y pasional de esta poes\u00eda queda al descubierto sin que sea necesario explicarlo. El m\u00f3vil sentimental se entiende sin que contextualicemos m\u00e1s que con el autor de la poes\u00eda y en cada imagen nos figuramos algo en funci\u00f3n de lo que nos describe el poeta. Y esa es la belleza de este g\u00e9nero: las im\u00e1genes que genera son universales y transforman a la realidad en algo bello desde el punto de vista est\u00e9tico.<\/p>\n<h2>UN G\u00c9NERO MILENARIO<\/h2>\n<p>Pero para continuar donde est\u00e1bamos, definamos: la poes\u00eda es un g\u00e9nero literario que hace uso de la palabra como medio para manifestar el sentimiento est\u00e9tico en formas bien definidas desde lo estructural, que puede ser ya sea en verso o en prosa. Su definici\u00f3n m\u00e1s exacta la comprende dentro de los textos l\u00edricos y su origen etimol\u00f3gico viene del griego <em>poiesis<\/em>, que significa \u00abcrear\u00bb y se refiere a todo trabajo artesanal, incluido el que realiza un artista. Al referirse a los textos l\u00edricos en su Po\u00e9tica, Arist\u00f3teles indica que se trata de textos donde el autor expresa sentimientos y visiones personales. Se tiende a creer que s\u00f3lo son poes\u00eda aquellos textos que se encuentran en verso (como la poes\u00eda que vimos de B\u00e9cquer), pero esto no es as\u00ed. Hay conocidos casos de poes\u00eda en prosa:<\/p>\n<p>\u201c(\u2026) Descontento de todos, descontento de m\u00ed, quisiera rescatarme y cobrar un poco de orgullo en el silencio y en la soledad de la noche. Almas de los que am\u00e9, almas de los que cant\u00e9, fortalecedme, sostenedme, alejad de m\u00ed la mentira y los vahos corruptores del mundo; y vos, Se\u00f1or, Dios m\u00edo, concededme la gracia de producir algunos versos buenos, que a m\u00ed mismo me prueben que no soy el \u00faltimo de los hombres, que no soy inferior a los que desprecio.\u201d<\/p>\n<p style=\"text-align: right;\"><em>Charles Baudelaire, \u201cA la una de la ma\u00f1ana\u201d, El spleen de Par\u00eds, 1869.<\/em><\/p>\n<figure id=\"attachment_6785\" aria-describedby=\"caption-attachment-6785\" style=\"width: 450px\" class=\"wp-caption aligncenter\"><img loading=\"lazy\" decoding=\"async\" class=\"size-full wp-image-6785\" src=\"https:\/\/elbibliote.com\/resources\/articulosdestacados\/wp-content\/uploads\/2018\/09\/Baudelaire.jpg\" alt=\"\" width=\"450\" height=\"485\" srcset=\"https:\/\/elbibliote.com\/resources\/articulosdestacados\/wp-content\/uploads\/2018\/09\/Baudelaire.jpg 450w, https:\/\/elbibliote.com\/resources\/articulosdestacados\/wp-content\/uploads\/2018\/09\/Baudelaire-278x300.jpg 278w\" sizes=\"(max-width: 450px) 100vw, 450px\" \/><figcaption id=\"caption-attachment-6785\" class=\"wp-caption-text\">Parte de los denominados como Poetas malditos, Charles Baudelaire (1821 \u2013 1867) fue icono del simbolismo y el romanticismo franc\u00e9s.<\/figcaption><\/figure>\n<div class=\"su-box su-box-style-default sabiasque\" id=\"\" style=\"border-color:#a8a8b7;border-radius:0px;\"><div class=\"su-box-title\" style=\"background-color:#DBDBEA;color:#484848;border-top-left-radius:0px;border-top-right-radius:0px\">\u00bfSab\u00edas qu\u00e9...?<\/div><div class=\"su-box-content su-u-clearfix su-u-trim\" style=\"border-bottom-left-radius:0px;border-bottom-right-radius:0px\">\n<strong>D\u00cdA MUNDIAL DE LA POES\u00cdA<\/strong><\/p>\n<p>Celebrado el 21 de marzo en todo el mundo desde el 2001, fue un d\u00eda propuesto por la Unesco para consagrar la palabra esencial y la reflexi\u00f3n sobre el tiempo, divulgando esta actividad en importantes capitales de todo el mundo como Bogot\u00e1, Par\u00eds o Buenos Aires. Al referirse a su celebraci\u00f3n en el a\u00f1o 2001, la directora general de la Unesco, Irina Bokova, mencion\u00f3 que \u201cEn un mundo que est\u00e1 en plena mutaci\u00f3n, sacudido por un v\u00e9rtigo de cambios y transformaciones sociales, los poetas acompa\u00f1an los movimientos c\u00edvicos y atinan tanto a sacudir las conciencias por las injusticias del mundo como a conmoverlas por su belleza.\u201d <\/div><\/div>\n<figure id=\"attachment_6786\" aria-describedby=\"caption-attachment-6786\" style=\"width: 700px\" class=\"wp-caption aligncenter\"><img loading=\"lazy\" decoding=\"async\" class=\"size-full wp-image-6786\" src=\"https:\/\/elbibliote.com\/resources\/articulosdestacados\/wp-content\/uploads\/2018\/09\/TH-95262077-Aristoteles-pensando.jpg\" alt=\"\" width=\"700\" height=\"513\" srcset=\"https:\/\/elbibliote.com\/resources\/articulosdestacados\/wp-content\/uploads\/2018\/09\/TH-95262077-Aristoteles-pensando.jpg 700w, https:\/\/elbibliote.com\/resources\/articulosdestacados\/wp-content\/uploads\/2018\/09\/TH-95262077-Aristoteles-pensando-300x220.jpg 300w\" sizes=\"(max-width: 700px) 100vw, 700px\" \/><figcaption id=\"caption-attachment-6786\" class=\"wp-caption-text\">El fil\u00f3sofo griego Arist\u00f3teles (384 a. C. \u2013 322 a. C.) plante\u00f3 en su <em>Po\u00e9tica<\/em> la finalidad de expresar los m\u00e1s hondos sentimientos en la poes\u00eda.<\/figcaption><\/figure>\n<p>La primera manifestaci\u00f3n po\u00e9tica de la que se tiene registro data de miles de a\u00f1os antes de Cristo y se circunscribe a la denominada como poes\u00eda tradicional, una expresi\u00f3n que se transmit\u00eda oralmente y pasaba por continuas adaptaciones y reinvenciones que se difund\u00edan y se hac\u00edan perdurables. Por lo general eran cantadas y contaban inicialmente con tem\u00e1ticas religiosas y rituales, que luego dieron lugar a otras tem\u00e1ticas como las tareas realizadas, el paso del tiempo, la muerte o el amor. Hacia el Medioevo esta forma de poes\u00eda fue particularmente fruct\u00edfera a trav\u00e9s de las jarchas, las moaxajas o los villancicos castellanos.<\/p>\n<p>Estos primeros escritos llevaban el alma del pueblo en cada estrofa, cada verso; las emociones eran moldeadas en palabras que se convert\u00edan en canciones. Con el tiempo, fueron diferenci\u00e1ndose hasta ser reconocibles por rasgos compartidos. La poes\u00eda \u00e9pica tambi\u00e9n encuentra un origen remoto en obras fundamentales como la <em>Epopeya<\/em> de Gilgamesh, de origen Sumerio, que data del segundo milenio antes de Cristo, o <em>la Il\u00edada<\/em> y <em>la Odisea<\/em> de la cultura hel\u00e9nica, que datan del siglo VIII antes de Cristo.<\/p>\n<figure id=\"attachment_6787\" aria-describedby=\"caption-attachment-6787\" style=\"width: 446px\" class=\"wp-caption aligncenter\"><img loading=\"lazy\" decoding=\"async\" class=\"size-full wp-image-6787\" src=\"https:\/\/elbibliote.com\/resources\/articulosdestacados\/wp-content\/uploads\/2018\/09\/GilgameshTablet-Fuente-Google.jpg\" alt=\"\" width=\"446\" height=\"543\" srcset=\"https:\/\/elbibliote.com\/resources\/articulosdestacados\/wp-content\/uploads\/2018\/09\/GilgameshTablet-Fuente-Google.jpg 446w, https:\/\/elbibliote.com\/resources\/articulosdestacados\/wp-content\/uploads\/2018\/09\/GilgameshTablet-Fuente-Google-246x300.jpg 246w\" sizes=\"(max-width: 446px) 100vw, 446px\" \/><figcaption id=\"caption-attachment-6787\" class=\"wp-caption-text\">Tableta que contiene un fragmento de la <em>Epopeya<\/em> de Gilgamesh.<\/figcaption><\/figure>\n<p>Seg\u00fan su tem\u00e1tica podemos dividir a la poes\u00eda de la siguiente forma:<\/p>\n<p><strong>1. Poes\u00eda l\u00edrica pura<\/strong><br \/>\n\u2022 balada &#8211; poes\u00eda folcl\u00f3rica que expresa emociones especialmente el amor.<br \/>\n\u2022 eleg\u00eda &#8211; poes\u00eda triste que habla de una persona que ha muerto.<br \/>\n\u2022 himno &#8211; poes\u00eda de alabanza por algo o alguien en un tono elevado (los dioses, un h\u00e9roe, un suceso importante)<br \/>\n\u2022 oda &#8211; poes\u00eda que alaba una cosa, persona o situaci\u00f3n.<br \/>\n\u2022 s\u00e1tira &#8211; poes\u00eda que critica o se burla de alguien o algo<\/p>\n<p><strong>2. Poes\u00eda narrativa<\/strong><br \/>\n\u2022 \u00e9pica &#8211; poes\u00eda de actuaciones heroicas &#8211; cl\u00e1sica y europea y americana<br \/>\n\u2022 heroica &#8211; poes\u00eda alabando un h\u00e9roe o grupo de h\u00e9roes (con tendencia nacionalista)<br \/>\n\u2022 romance &#8211; poes\u00eda tradicional &#8211; hist\u00f3rica o folcl\u00f3rica con una gran variedad de temas<\/p>\n<p><strong>3. Poes\u00eda dram\u00e1tica:<\/strong><br \/>\nSe trata del drama, y como tal comprende a g\u00e9neros como la tragedia, la comedia, la farsa y la pieza teatral.<\/p>\n<h2>POES\u00cdA L\u00cdRICA<\/h2>\n<p>Por lo general es frecuente entender a la poes\u00eda como la poes\u00eda l\u00edrica aunque, como vimos, esto no es as\u00ed porque existen otras formas que escapan a esta convenci\u00f3n. La complejidad de la poes\u00eda l\u00edrica, subg\u00e9nero que ahonda en los sentimientos y la subjetividad del poeta ha sido analizada numerosas veces, llevando a que debamos tener en cuenta su estructura.<\/p>\n<p>Empecemos definiendo su unidad esencial, es decir, el verso: se trata de cada l\u00ednea de la composici\u00f3n po\u00e9tica con unidad de ritmo y separada por pausas. Teniendo en cuenta nuestra definici\u00f3n de verso entendemos que un poema o poes\u00eda es un conjunto de versos ya que cada rengl\u00f3n es un verso. Por otro lado el ritmo con el que est\u00e1 compuesta la poes\u00eda depende de los acentos, las pausas y la medida o m\u00e9trica de los versos. El concepto de m\u00e9trica, que es uno de los responsables de estructurar el poema, es la cantidad de s\u00edlabas po\u00e9ticas de un verso. Veamos el siguiente poema:<\/p>\n<p><strong>Mendiga voz<\/strong><br \/>\n<em>Y a\u00fan me atrevo a amar <\/em><br \/>\n<em>el sonido de la luz en una hora muerta, <\/em><br \/>\n<em>el color del tiempo en un muro abandonado. <\/em><br \/>\n<em>En mi mirada lo he perdido todo. <\/em><br \/>\n<em>Es tan lejos pedir. Tan cerca saber que no hay.<\/em><\/p>\n<p style=\"padding-left: 30px;\">Alejandra Pizarnik,<em> Los trabajos y las noches,<\/em> 1965.<\/p>\n<figure id=\"attachment_6788\" aria-describedby=\"caption-attachment-6788\" style=\"width: 554px\" class=\"wp-caption aligncenter\"><img loading=\"lazy\" decoding=\"async\" class=\"wp-image-6788 size-full\" src=\"https:\/\/elbibliote.com\/resources\/articulosdestacados\/wp-content\/uploads\/2018\/09\/Pizarnik_byn.jpg\" alt=\"\" width=\"554\" height=\"507\" srcset=\"https:\/\/elbibliote.com\/resources\/articulosdestacados\/wp-content\/uploads\/2018\/09\/Pizarnik_byn.jpg 554w, https:\/\/elbibliote.com\/resources\/articulosdestacados\/wp-content\/uploads\/2018\/09\/Pizarnik_byn-300x275.jpg 300w\" sizes=\"(max-width: 554px) 100vw, 554px\" \/><figcaption id=\"caption-attachment-6788\" class=\"wp-caption-text\">Alejandra Pizarnik (1936 \u2013 1972) fue una de las figuras fundamentales de la poes\u00eda argentina en el siglo XX junto a Alfonsina Storni y Silvina Ocampo.<\/figcaption><\/figure>\n<p>Como vemos se trata de un poema que cuenta con cinco versos divididos en dos estrofas. \u00bfQu\u00e9 es una estrofa?: es el grupo de versos que se repite a lo largo de la composici\u00f3n po\u00e9tica. Hay estrofas regulares formadas por versos de la misma medida y estrofas irregulares, formadas por versos de distinta medida. En este caso se trata de dos estrofas irregulares.<\/p>\n<p>Llamamos rima a la coincidencia total o parcial de sonidos a partir de la \u00faltima vocal acentuada:<\/p>\n<p><em>Quiero morir cuando decline el d<strong>\u00eda<\/strong>,<\/em><br \/>\n<em>En alta mar y con la cara al ci<strong>elo<\/strong>; <\/em><br \/>\n<em>Donde parezca sue\u00f1o la agon<strong>\u00eda<\/strong>,<\/em><br \/>\n<em>Y el alma, un ave que remonta el vu<strong>elo<\/strong>.<\/em><\/p>\n<p style=\"padding-left: 30px;\">Manuel Guti\u00e9rrez N\u00e1jera, <em>Para entonces<\/em>, Poes\u00edas de Manuel Guti\u00e9rrez N\u00e1jera Vol. 1, 1912.<\/p>\n<p>La rima es consonante cuando a partir de la \u00faltima vocal acentuada coinciden vocales y consonantes:<\/p>\n<p><em>Yo soy como las gentes que a mi tierra vinieron (a)<\/em><br \/>\n<em>-soy como la raza mora, vieja amiga del sol \u2013 (b)<\/em><br \/>\n<em>Que todo lo ganaron y todo lo perdieron. (a)<\/em><br \/>\n<em>Tengo el alma de nardo del \u00e1rabe espa\u00f1ol. (b)<\/em><\/p>\n<p style=\"padding-left: 30px;\">Manuel Machado, <em>Adelfos<\/em>, Antolog\u00eda po\u00e9tica, 2003.<\/p>\n<p>La rima es asonante cuando s\u00f3lo coinciden las vocales:<\/p>\n<p><em>Ni\u00f1a morena y \u00e1gil, nada hacia ti me acerca. (a)<\/em><br \/>\n<em>Todo de ti me aleja, como del mediod\u00eda. (b)<\/em><br \/>\n<em>Eres la delirante juventud de la abeja, (a)<\/em><br \/>\n<em>La fuerza de la ola, la fuerza de la espiga. (b)<\/em><\/p>\n<p style=\"padding-left: 30px;\">Pablo Neruda, &#8220;19&#8221;, <em>Veinte poemas de amor y una canci\u00f3n de-sesperada<\/em>, 1924.<\/p>\n<figure id=\"attachment_6789\" aria-describedby=\"caption-attachment-6789\" style=\"width: 300px\" class=\"wp-caption aligncenter\"><img loading=\"lazy\" decoding=\"async\" class=\"size-full wp-image-6789\" src=\"https:\/\/elbibliote.com\/resources\/articulosdestacados\/wp-content\/uploads\/2018\/09\/Pablo_Neruda.jpg\" alt=\"\" width=\"300\" height=\"314\" srcset=\"https:\/\/elbibliote.com\/resources\/articulosdestacados\/wp-content\/uploads\/2018\/09\/Pablo_Neruda.jpg 300w, https:\/\/elbibliote.com\/resources\/articulosdestacados\/wp-content\/uploads\/2018\/09\/Pablo_Neruda-287x300.jpg 287w\" sizes=\"(max-width: 300px) 100vw, 300px\" \/><figcaption id=\"caption-attachment-6789\" class=\"wp-caption-text\">Premio Nobel y figura fundamental de la poes\u00eda del siglo XX, el chileno Pablo Neruda logr\u00f3 cautivar con su obra a varias generaciones en todo el mundo.<\/figcaption><\/figure>\n<p>Hay versos que no tienen rima, llamados blancos o sueltos:<\/p>\n<p><em>Te recuerdo como eras en el \u00faltimo oto\u00f1o. (blanco)<\/em><br \/>\n<em>Eras la boina gris y el coraz\u00f3n en calma.<\/em><br \/>\n<em>En tus ojos peleaban las llamas del crep\u00fasculo (blanco)<\/em><br \/>\n<em>y las hojas ca\u00edan en el agua de tu alma.<\/em><\/p>\n<p style=\"padding-left: 30px;\">Pablo Neruda, \u201c6\u201d, <em>Veinte poemas de amor y una canci\u00f3n desesperada<\/em>, 1924.<\/p>\n<p>Seg\u00fan el n\u00famero de s\u00edlabas que tengan los versos, reciben distintos nombres. Se agrupan adem\u00e1s en dos categor\u00edas: de arte menor (menos de diez s\u00edlabas) y de arte mayor (m\u00e1s de diez s\u00edlabas).<\/p>\n<p><img loading=\"lazy\" decoding=\"async\" class=\"aligncenter size-full wp-image-6790\" src=\"https:\/\/elbibliote.com\/resources\/articulosdestacados\/wp-content\/uploads\/2018\/09\/2.jpg\" alt=\"\" width=\"438\" height=\"209\" srcset=\"https:\/\/elbibliote.com\/resources\/articulosdestacados\/wp-content\/uploads\/2018\/09\/2.jpg 438w, https:\/\/elbibliote.com\/resources\/articulosdestacados\/wp-content\/uploads\/2018\/09\/2-300x143.jpg 300w\" sizes=\"(max-width: 438px) 100vw, 438px\" \/><\/p>\n<p>Las s\u00edlabas de una poes\u00eda no siempre se cuentan igual que en la prosa (o sea, la s\u00edlaba po\u00e9tica no es lo mismo que la s\u00edlaba com\u00fan que conocemos). La medida de un verso depende de varios factores (de varias cosas) a saber:<\/p>\n<p><strong>1)<\/strong> La acentuaci\u00f3n de la \u00faltima palabra del verso:<\/p>\n<p><strong>a.<\/strong> Si la \u00faltima palabra es aguda se cuenta una s\u00edlaba m\u00e1s.<\/p>\n<p><em>\u00bfNo es verdad, \u00e1ngel de amor <strong>7 + 1 = 8<\/strong><\/em><br \/>\n<em>que en esta apartada orilla<\/em><br \/>\n<em>m\u00e1s pura la luna brilla<\/em><br \/>\n<em> y se respira mejor? <strong>7 + 1 = 8<\/strong><\/em><\/p>\n<p style=\"padding-left: 30px;\">Jos\u00e9 Zorrilla, fragmento de <em>Don Juan Tenorio<\/em>, 1844<\/p>\n<p><strong>b.<\/strong> Si es grave, no se altera el n\u00famero de s\u00edlabas.<\/p>\n<p><strong>c.<\/strong> Si es esdr\u00fajula, se cuenta una s\u00edlaba menos.<\/p>\n<p><em>En una cajita de f\u00f3sforos (10-1= 9)<\/em><br \/>\n<em>se pueden guardar muchas cosas.<\/em><\/p>\n<p style=\"padding-left: 30px;\">Mar\u00eda Elena Walsh, \u201cEn una cajita de fosforos\u201d, <em>El reino del rev\u00e9s<\/em>, 1976.<\/p>\n<p>O sea, si la \u00faltima palabra del verso es grave se deja igual; si es aguda se cuenta una s\u00edlaba m\u00e1s y si es esdr\u00fajula se cuenta una menos.<\/p>\n<p><strong>2)<\/strong> Licencias po\u00e9ticas:<\/p>\n<p><strong>a.<\/strong> Cuando en un verso se tiene una palabra terminada en vocal y la que le sigue empieza con vocal, s<em>e puede utilizar en una misma s\u00edlaba<\/em>. Eso se llama <em>sinalefa<\/em>.<\/p>\n<p><em>El ciel<span style=\"text-decoration: underline;\">o es<\/span> de cielo, <\/em><br \/>\n<em>la nub<span style=\"text-decoration: underline;\">e es<\/span> de tiza. <\/em><br \/>\n<em>La cara del sapo <\/em><br \/>\n<em>me da mucha risa.<\/em><\/p>\n<p style=\"padding-left: 30px;\">Mar\u00eda Elena Walsh, canci\u00f3n <em>As\u00ed es<\/em>.<\/p>\n<p><strong>b.<\/strong> Hiato es la licencia contraria a la sinalefa; se cuentan dos s\u00edlabas donde la sinalefa marca una. \u00bfY en qu\u00e9 se diferencian de la sinalefa? En que se pronuncian las dos por separado, por necesidades del poeta, generalmente est\u00e1n acentuadas una o ambas vocales. O sea, son dos vocales que no forman diptongo.<\/p>\n<p><em>De la pasada edad, \u00bfqu\u00e9 me ha quedado?<\/em><br \/>\n<em>\u00bfO qu\u00e9 tengo yo, a dicha, en la que espero<\/em><br \/>\n<em>sin ninguna noticia de mi hado?<\/em><\/p>\n<p style=\"padding-left: 30px;\">Andr\u00e9s Fern\u00e1ndez de Andrada, fragmento de la <em>Ep\u00edstola moral a Fabio<\/em>.<\/p>\n<figure id=\"attachment_6792\" aria-describedby=\"caption-attachment-6792\" style=\"width: 291px\" class=\"wp-caption aligncenter\"><img loading=\"lazy\" decoding=\"async\" class=\"size-full wp-image-6792\" src=\"https:\/\/elbibliote.com\/resources\/articulosdestacados\/wp-content\/uploads\/2018\/09\/Ruben_Dario.jpg\" alt=\"\" width=\"291\" height=\"359\" srcset=\"https:\/\/elbibliote.com\/resources\/articulosdestacados\/wp-content\/uploads\/2018\/09\/Ruben_Dario.jpg 291w, https:\/\/elbibliote.com\/resources\/articulosdestacados\/wp-content\/uploads\/2018\/09\/Ruben_Dario-243x300.jpg 243w\" sizes=\"(max-width: 291px) 100vw, 291px\" \/><figcaption id=\"caption-attachment-6792\" class=\"wp-caption-text\">Llamado Pr\u00edncipe de las letras castellanas, Rub\u00e9n Dar\u00edo (1867 \u2013 1916) es una de las figuras fundamentales de la poes\u00eda latinoamericana.<\/figcaption><\/figure>\n<p>c. La sin\u00e9resis consiste en formar diptongo con las vocales que no lo constituyen naturalmente para perder una s\u00edlaba.<\/p>\n<p><em>Vi-no, sen-ti-mien-to, gui-ta-rra y poe-s\u00eda (12 s\u00edlabas)<\/em><\/p>\n<p style=\"padding-left: 30px;\">Manuel Machado, \u201cCantares\u201d, <em>Antolog\u00eda po\u00e9tica<\/em>, 2003.<\/p>\n<p>d. La di\u00e9resis es la licencia opuesta a la sin\u00e9resis y consiste en la disoluci\u00f3n de un diptongo en dos s\u00edlabas. (La di\u00e9resis, ya saben ustedes, se marca con dos puntitos sobre la u)<\/p>\n<p><em>Y mientras miserable- (encabalgamiento)<\/em><br \/>\n<em>mente se est\u00e1n los otros abrasando<\/em><br \/>\n<em>con sed insac\u00efable (di\u00e9resis)<\/em><br \/>\n<em>del animoso mando,<\/em><br \/>\n<em>tendido yo a la sombra est\u00e9 cantando.<\/em><\/p>\n<p style=\"padding-left: 30px;\">Fray Luis de Le\u00f3n, <em>Oda a la vida retirada<\/em>.<\/p>\n<p>A veces el poeta quiebra esta regla y hace que un verso contin\u00fae en el siguiente, sin pausa. Esto recibe el nombre de versos encabalgados o encabalgamiento.<\/p>\n<p>Por \u00faltimo tenemos las pausas. Cada verso o l\u00ednea pide al final una breve pausa que se llama pausa final.<br \/>\nEn los versos de m\u00e1s de diez s\u00edlabas se produce otra pausa llamada cesura; esta pausa es interior y divide al verso en dos partes llamadas hemistiquios.<\/p>\n<p><em>La princesa est\u00e1 triste&#8230;\/\/ \u00bfqu\u00e9 tendr\u00e1 la princesa?<\/em><br \/>\n<em>Los suspiros se escapan \/\/ de su boca de fresa,<\/em><br \/>\n<em>que ha perdido la risa, \/\/ que ha perdido el color.<\/em><br \/>\n<em>La princesa est\u00e1 p\u00e1lida\/\/ en su silla de oro,<\/em><br \/>\n<em>est\u00e1 mudo el teclado \/\/ de su clave sonoro;<\/em><br \/>\n<em>y en un vaso, olvidada \/\/ se desmaya una flor.<\/em><\/p>\n<p style=\"padding-left: 30px;\">Rub\u00e9n Dar\u00edo, \u201cSonatina\u201d, <em>Prosas profanas y otros poemas<\/em>, 1896<\/p>\n","protected":false},"excerpt":{"rendered":"<p>Con pasajes donde la belleza aparece resaltada a trav\u00e9s de la palabra, la poes\u00eda constituye una de esas expresiones que movilizan sentimientos a trav\u00e9s de cada rengl\u00f3n, arrancando mundos interiores que conmueven al lector. <\/p>\n","protected":false},"author":1,"featured_media":0,"comment_status":"closed","ping_status":"closed","sticky":false,"template":"","format":"standard","meta":{"footnotes":""},"categories":[18],"tags":[7598,7599,7601,7600,5935,4029,4020],"_links":{"self":[{"href":"https:\/\/elbibliote.com\/resources\/articulosdestacados\/index.php?rest_route=\/wp\/v2\/posts\/6783"}],"collection":[{"href":"https:\/\/elbibliote.com\/resources\/articulosdestacados\/index.php?rest_route=\/wp\/v2\/posts"}],"about":[{"href":"https:\/\/elbibliote.com\/resources\/articulosdestacados\/index.php?rest_route=\/wp\/v2\/types\/post"}],"author":[{"embeddable":true,"href":"https:\/\/elbibliote.com\/resources\/articulosdestacados\/index.php?rest_route=\/wp\/v2\/users\/1"}],"replies":[{"embeddable":true,"href":"https:\/\/elbibliote.com\/resources\/articulosdestacados\/index.php?rest_route=%2Fwp%2Fv2%2Fcomments&post=6783"}],"version-history":[{"count":4,"href":"https:\/\/elbibliote.com\/resources\/articulosdestacados\/index.php?rest_route=\/wp\/v2\/posts\/6783\/revisions"}],"predecessor-version":[{"id":19990,"href":"https:\/\/elbibliote.com\/resources\/articulosdestacados\/index.php?rest_route=\/wp\/v2\/posts\/6783\/revisions\/19990"}],"wp:attachment":[{"href":"https:\/\/elbibliote.com\/resources\/articulosdestacados\/index.php?rest_route=%2Fwp%2Fv2%2Fmedia&parent=6783"}],"wp:term":[{"taxonomy":"category","embeddable":true,"href":"https:\/\/elbibliote.com\/resources\/articulosdestacados\/index.php?rest_route=%2Fwp%2Fv2%2Fcategories&post=6783"},{"taxonomy":"post_tag","embeddable":true,"href":"https:\/\/elbibliote.com\/resources\/articulosdestacados\/index.php?rest_route=%2Fwp%2Fv2%2Ftags&post=6783"}],"curies":[{"name":"wp","href":"https:\/\/api.w.org\/{rel}","templated":true}]}}