{"id":698,"date":"2018-03-19T14:15:29","date_gmt":"2018-03-19T17:15:29","guid":{"rendered":"http:\/\/elbibliote.com\/resources\/articulosdestacados\/?p=698"},"modified":"2018-03-19T15:01:45","modified_gmt":"2018-03-19T18:01:45","slug":"trastornos-de-ansiedad","status":"publish","type":"post","link":"https:\/\/elbibliote.com\/resources\/articulosdestacados\/?p=698","title":{"rendered":"Trastornos de ansiedad"},"content":{"rendered":"<p><span style=\"color: #808080;\"><em>La ansiedad es un sentimiento generalizado de preocupaci\u00f3n. Cuando se da sin raz\u00f3n aparente en forma de miedo excesivo a un objeto, de un ataque repentino de p\u00e1nico o de una preocupaci\u00f3n constante, se trata de un trastorno de ansiedad.<\/em><\/span><\/p>\n<p>Seg\u00fan las caracter\u00edsticas, el trastorno de ansiedad se conoce como: ataque de p\u00e1nico, fobia, trastorno obsesivo compulsivo (TOC), estr\u00e9s postraum\u00e1tico o trastorno de ansiedad generalizada.<\/p>\n<h2>\u00bfA qui\u00e9nes afecta?<\/h2>\n<p>A\u00fan se investigan los factores de riesgo pero se estima que hay un factor hereditario.<br \/>\nEl ataque de p\u00e1nico, el estr\u00e9s postraum\u00e1tico y la fobia espec\u00edfica afecta a las mujeres m\u00e1s que a los hombres en el doble de los casos. El TOC y la fobia social los afecta por igual. Cualquiera de estos trastornos puede surgir en cualquier edad.<\/p>\n<p><img loading=\"lazy\" decoding=\"async\" class=\"aligncenter wp-image-699 size-full\" src=\"https:\/\/elbibliote.com\/resources\/articulosdestacados\/wp-content\/uploads\/2018\/03\/iStock-680834894.jpg\" alt=\"\" width=\"550\" height=\"367\" srcset=\"https:\/\/elbibliote.com\/resources\/articulosdestacados\/wp-content\/uploads\/2018\/03\/iStock-680834894.jpg 550w, https:\/\/elbibliote.com\/resources\/articulosdestacados\/wp-content\/uploads\/2018\/03\/iStock-680834894-300x200.jpg 300w\" sizes=\"(max-width: 550px) 100vw, 550px\" \/><\/p>\n<h2>\u00bfCu\u00e1l es el tratamiento?<\/h2>\n<p>El tratamiento se basa en medicamentos y en diversas terapias que permiten actuar sobre los distintos patrones de pensamiento o que ayudan a enfrentar las situaciones u objetos temidos.<\/p>\n<p><strong>Fuente:<\/strong> Ministerio de Salud \u2013 Presidencia de la Naci\u00f3n (Argentina) http:\/\/www.msal.gob.ar\/index.php\/component\/content\/article\/48\/216&#8211;trastornos-de-ansiedad<\/p>\n","protected":false},"excerpt":{"rendered":"<p>La ansiedad es un sentimiento generalizado de preocupaci\u00f3n. Cuando se da sin raz\u00f3n aparente en forma de miedo excesivo a un objeto, de un ataque repentino de p\u00e1nico o de una preocupaci\u00f3n constante, se trata de un trastorno de ansiedad.<\/p>\n","protected":false},"author":6,"featured_media":0,"comment_status":"closed","ping_status":"closed","sticky":false,"template":"","format":"standard","meta":{"footnotes":""},"categories":[22],"tags":[799,536,805,802,801,778,800,804,345,803],"_links":{"self":[{"href":"https:\/\/elbibliote.com\/resources\/articulosdestacados\/index.php?rest_route=\/wp\/v2\/posts\/698"}],"collection":[{"href":"https:\/\/elbibliote.com\/resources\/articulosdestacados\/index.php?rest_route=\/wp\/v2\/posts"}],"about":[{"href":"https:\/\/elbibliote.com\/resources\/articulosdestacados\/index.php?rest_route=\/wp\/v2\/types\/post"}],"author":[{"embeddable":true,"href":"https:\/\/elbibliote.com\/resources\/articulosdestacados\/index.php?rest_route=\/wp\/v2\/users\/6"}],"replies":[{"embeddable":true,"href":"https:\/\/elbibliote.com\/resources\/articulosdestacados\/index.php?rest_route=%2Fwp%2Fv2%2Fcomments&post=698"}],"version-history":[{"count":7,"href":"https:\/\/elbibliote.com\/resources\/articulosdestacados\/index.php?rest_route=\/wp\/v2\/posts\/698\/revisions"}],"predecessor-version":[{"id":901,"href":"https:\/\/elbibliote.com\/resources\/articulosdestacados\/index.php?rest_route=\/wp\/v2\/posts\/698\/revisions\/901"}],"wp:attachment":[{"href":"https:\/\/elbibliote.com\/resources\/articulosdestacados\/index.php?rest_route=%2Fwp%2Fv2%2Fmedia&parent=698"}],"wp:term":[{"taxonomy":"category","embeddable":true,"href":"https:\/\/elbibliote.com\/resources\/articulosdestacados\/index.php?rest_route=%2Fwp%2Fv2%2Fcategories&post=698"},{"taxonomy":"post_tag","embeddable":true,"href":"https:\/\/elbibliote.com\/resources\/articulosdestacados\/index.php?rest_route=%2Fwp%2Fv2%2Ftags&post=698"}],"curies":[{"name":"wp","href":"https:\/\/api.w.org\/{rel}","templated":true}]}}