{"id":6987,"date":"2018-09-11T10:56:54","date_gmt":"2018-09-11T13:56:54","guid":{"rendered":"http:\/\/elbibliote.com\/resources\/articulosdestacados\/?p=6987"},"modified":"2023-01-13T11:55:07","modified_gmt":"2023-01-13T14:55:07","slug":"la-luna-satelite-natural-de-la-tierra","status":"publish","type":"post","link":"https:\/\/elbibliote.com\/resources\/articulosdestacados\/?p=6987","title":{"rendered":"La Luna, sat\u00e9lite natural de la Tierra"},"content":{"rendered":"<p><span style=\"color: #999999;\"><em>Gira alrededor de la Tierra, se ve a simple vista a m\u00e1s de 380 mil kil\u00f3metros de distancia, brilla potentemente pero no tiene luz propia, carece de atm\u00f3sfera y de agua, su superficie no se deteriora con el tiempo y las estrellas son siempre visibles. Les presentamos: la Luna, el \u00fanico sat\u00e9lite natural de la Tierra.<\/em><\/span><\/p>\n<p><img loading=\"lazy\" decoding=\"async\" class=\"aligncenter size-full wp-image-6988\" src=\"https:\/\/elbibliote.com\/resources\/articulosdestacados\/wp-content\/uploads\/2018\/09\/TH-dv0301331-La-luna.jpg\" alt=\"\" width=\"700\" height=\"429\" srcset=\"https:\/\/elbibliote.com\/resources\/articulosdestacados\/wp-content\/uploads\/2018\/09\/TH-dv0301331-La-luna.jpg 700w, https:\/\/elbibliote.com\/resources\/articulosdestacados\/wp-content\/uploads\/2018\/09\/TH-dv0301331-La-luna-300x184.jpg 300w\" sizes=\"(max-width: 700px) 100vw, 700px\" \/><\/p>\n<p>El cielo, las estrellas y la Luna\u2026 cu\u00e1ntos secretos encierran. Toda la humanidad se ha cuestionado y contin\u00faa haci\u00e9ndolo por su existencia. Pensadores y cient\u00edficos de todas las \u00e9pocas han teorizado sobre la Luna; Estados Unidos parece haber tenido el mayor logro: el haber llegado a la Luna. Pero un gran n\u00famero de personas ponen en tela de juicio la \u201csupuesta aventura\u201d.<\/p>\n<p>\u00bfQu\u00e9 esconde la Luna? \u00bfPor qu\u00e9 est\u00e1 all\u00ed? \u00bfC\u00f3mo es su superficie? Tratemos de esclarecer algunas de estas curiosidades y aprendamos algo nuevo sobre este misterioso Universo.<\/p>\n<p>La ciencia que se ocupa del estudio de los cuerpos celestes del universo es la astronom\u00eda. Los primeros aportes tuvieron lugar en la antig\u00fcedad: primitivamente se asociaba a los fen\u00f3menos astron\u00f3micos con la magia, la mitolog\u00eda y con ideas religiosas. Posteriormente los antiguos griegos sentaron las bases de esta ciencia describiendo distancias y estableciendo las \u00f3rbitas de la Luna y de algunos planetas.<\/p>\n<p>Algunos de los personajes de la historia que hicieron grandes aportes en la materia fueron: Arist\u00f3teles, Tales de Mileto, Anax\u00e1goras, Aristarco de Samos, Hiparco de Nicea, Claudio Ptolomeo, Hipatia de Alejandr\u00eda, Nicol\u00e1s Cop\u00e9rnico, Santo Tom\u00e1s de Aquino, Tycho Brahe, Johannes Kepler y Galileo Galilei.<\/p>\n<div class=\"su-box su-box-style-default sabiasque\" id=\"\" style=\"border-color:#a8a8b7;border-radius:0px;\"><div class=\"su-box-title\" style=\"background-color:#DBDBEA;color:#484848;border-top-left-radius:0px;border-top-right-radius:0px\">\u00bfSab\u00edas qu\u00e9...?<\/div><div class=\"su-box-content su-u-clearfix su-u-trim\" style=\"border-bottom-left-radius:0px;border-bottom-right-radius:0px\">En castellano el segundo d\u00eda de la semana, \u00ablunes\u00bb, tiene su ra\u00edz en el \u00abd\u00eda de la Luna\u00bb (<em>Lunae dies<\/em>, en lat\u00edn).<\/div><\/div>\n<h2>CONCEPCIONES COSMOL\u00d3GICAS<\/h2>\n<p><strong>Arist\u00f3teles:<\/strong> Fue un fil\u00f3sofo que naci\u00f3 en Estagira, un peque\u00f1o pueblo de la antigua Grecia, en el a\u00f1o 384 a.C. Para esa \u00e9poca se consideraba que el cielo se constitu\u00eda por los planetas Mercurio, Venus, Marte, J\u00fapiter y Saturno; m\u00e1s La Luna, el Sol y las estrellas.<\/p>\n<p>Arist\u00f3teles, entre otros temas, filosof\u00f3 sobre el Universo. Al respecto explic\u00f3 que la Tierra permanec\u00eda fija en el centro de una serie de esferas, cada una de las cuales conten\u00eda a un planeta, a la Luna o al Sol. El resto de las estrellas las situaba en la esfera m\u00e1s externa. Para explicar el movimiento de los cuerpos celestes, hablaba de la rotaci\u00f3n de las esferas sobre sus propios ejes. Este modelo fue definido como geoc\u00e9ntrico dado que la Tierra se situaba en un lugar de privilegio.<\/p>\n<p><img loading=\"lazy\" decoding=\"async\" class=\"aligncenter size-full wp-image-6990\" src=\"https:\/\/elbibliote.com\/resources\/articulosdestacados\/wp-content\/uploads\/2018\/09\/TH-92832003-Aristoteles.jpg\" alt=\"\" width=\"350\" height=\"350\" srcset=\"https:\/\/elbibliote.com\/resources\/articulosdestacados\/wp-content\/uploads\/2018\/09\/TH-92832003-Aristoteles.jpg 350w, https:\/\/elbibliote.com\/resources\/articulosdestacados\/wp-content\/uploads\/2018\/09\/TH-92832003-Aristoteles-150x150.jpg 150w, https:\/\/elbibliote.com\/resources\/articulosdestacados\/wp-content\/uploads\/2018\/09\/TH-92832003-Aristoteles-300x300.jpg 300w\" sizes=\"(max-width: 350px) 100vw, 350px\" \/><\/p>\n<p><strong>Ptolomeo:<\/strong> Cuando se descubri\u00f3 que algunos planetas ten\u00edan un extra\u00f1o comportamiento al retroceder y luego avanzar, por su viaje en el espacio, durante algunas \u00e9pocas del a\u00f1o, fue necesario enriquecer el modelo aristot\u00e9lico que no explicaba este fen\u00f3meno.<\/p>\n<p>Quien se ocup\u00f3 de dar una nueva visi\u00f3n del universo fue Ptolomeo, hacia el siglo II a.C. Reuniendo todo la informaci\u00f3n astron\u00f3mica de la \u00e9poca lleg\u00f3 a la conclusi\u00f3n de que la Tierra era el centro del cosmos, las esferas se situaban donde se desplazaban los planetas y los astros ten\u00edan un movimiento particular. Sostuvo que cada uno de ellos, al mismo tiempo que realizaba su camino de rotaci\u00f3n alrededor de la Tierra, giraba en un peque\u00f1o recorrido circular, llamado epiciclo. Este modelo se mantuvo vigente durante casi quince siglos.<\/p>\n<p><img loading=\"lazy\" decoding=\"async\" class=\"size-full wp-image-6989 aligncenter\" src=\"https:\/\/elbibliote.com\/resources\/articulosdestacados\/wp-content\/uploads\/2018\/09\/TH-92831549-Ptolomeo.jpg\" alt=\"\" width=\"350\" height=\"350\" srcset=\"https:\/\/elbibliote.com\/resources\/articulosdestacados\/wp-content\/uploads\/2018\/09\/TH-92831549-Ptolomeo.jpg 350w, https:\/\/elbibliote.com\/resources\/articulosdestacados\/wp-content\/uploads\/2018\/09\/TH-92831549-Ptolomeo-150x150.jpg 150w, https:\/\/elbibliote.com\/resources\/articulosdestacados\/wp-content\/uploads\/2018\/09\/TH-92831549-Ptolomeo-300x300.jpg 300w\" sizes=\"(max-width: 350px) 100vw, 350px\" \/><\/p>\n<p><strong>Cop\u00e9rnico:<\/strong> Astr\u00f3nomo polaco que en 1543, no conforme con las ideas que hab\u00eda desarrollado Ptolomeo, decidi\u00f3 estudiar viejas ideas que hab\u00edan propuesto los antiguos griegos. En base a esos conceptos elabor\u00f3 una nueva teor\u00eda sobre el universo en la que ubic\u00f3 al Sol en el centro del cosmos y a la Tierra en continuo movimiento de rotaci\u00f3n sobre su eje. En tanto, el resto de los planetas se desplazaban alrededor del sol siguiendo caminos circulares. Este nuevo modelo tuvo aceptaci\u00f3n y se le denomin\u00f3 helioc\u00e9ntrico.<\/p>\n<p><img loading=\"lazy\" decoding=\"async\" class=\"aligncenter size-full wp-image-6991\" src=\"https:\/\/elbibliote.com\/resources\/articulosdestacados\/wp-content\/uploads\/2018\/09\/TH-92822651-Copernico.jpg\" alt=\"\" width=\"350\" height=\"350\" srcset=\"https:\/\/elbibliote.com\/resources\/articulosdestacados\/wp-content\/uploads\/2018\/09\/TH-92822651-Copernico.jpg 350w, https:\/\/elbibliote.com\/resources\/articulosdestacados\/wp-content\/uploads\/2018\/09\/TH-92822651-Copernico-150x150.jpg 150w, https:\/\/elbibliote.com\/resources\/articulosdestacados\/wp-content\/uploads\/2018\/09\/TH-92822651-Copernico-300x300.jpg 300w\" sizes=\"(max-width: 350px) 100vw, 350px\" \/><\/p>\n<p><strong>Kepler:<\/strong> Fue un astr\u00f3nomo y matem\u00e1tico alem\u00e1n que se hizo conocido por la teor\u00eda sobre el movimiento de los planetas en su \u00f3rbita alrededor del Sol. Partidario de las ideas de Cop\u00e9rnico, se adentr\u00f3 en el estudio del Universo buscando comprender su organizaci\u00f3n. Tras varios a\u00f1os de c\u00e1lculos, concluy\u00f3 que los planetas no segu\u00edan \u00f3rbitas circulares sino el\u00edpticas alrededor del Sol. A partir de la divulgaci\u00f3n de este nuevo sistema, se pudo realizar una carta del Sistema Solar, muy parecida a la que conocemos hoy en d\u00eda.<\/p>\n<p><img loading=\"lazy\" decoding=\"async\" class=\"aligncenter size-full wp-image-6992\" src=\"https:\/\/elbibliote.com\/resources\/articulosdestacados\/wp-content\/uploads\/2018\/09\/TH-118315767-Johannes-Kepler.jpg\" alt=\"\" width=\"350\" height=\"350\" srcset=\"https:\/\/elbibliote.com\/resources\/articulosdestacados\/wp-content\/uploads\/2018\/09\/TH-118315767-Johannes-Kepler.jpg 350w, https:\/\/elbibliote.com\/resources\/articulosdestacados\/wp-content\/uploads\/2018\/09\/TH-118315767-Johannes-Kepler-150x150.jpg 150w, https:\/\/elbibliote.com\/resources\/articulosdestacados\/wp-content\/uploads\/2018\/09\/TH-118315767-Johannes-Kepler-300x300.jpg 300w\" sizes=\"(max-width: 350px) 100vw, 350px\" \/><\/p>\n<h2>LO QUE SE SABE DE LA LUNA<\/h2>\n<p><strong>Ubicaci\u00f3n:<\/strong><br \/>\nLa Luna gira alrededor de la Tierra y la Tierra alrededor del Sol. La distancia entre el centro de la Tierra y la Luna es de 390 mil kil\u00f3metros aproximadamente. La Luna se encuentra en relaci\u00f3n s\u00edncrona con la Tierra, es decir, siempre mostrando la misma cara a la Tierra.<\/p>\n<p><strong>Dimensi\u00f3n:<\/strong><br \/>\nSu di\u00e1metro es de unos 3.476 km, aproximadamente una cuarta parte del de la Tierra. La masa de la Tierra es 81 veces mayor que la de la Luna.<\/p>\n<p><strong>Origen:<\/strong><br \/>\nExisten muchas teor\u00edas que explican el origen de la Luna, pero la m\u00e1s aceptada es la del \u201cGran impacto\u201d que se plante\u00f3 en 1974 en el marco de una conferencia sobre sat\u00e9lites. Indica que la Luna es el resultado de una colisi\u00f3n entre la joven Tierra y un planeta de las dimensiones de Marte, al cual se lo denomin\u00f3 Theia, Orpheus u Orfeo. Este suceso habr\u00eda tenido lugar hace 4.533 millones de a\u00f1os y, concretamente, habr\u00eda sido as\u00ed: Theia impacta con la Tierra, como consecuencia Theia se destruye, el manto de Theia y una fracci\u00f3n significativa del manto terrestre son expulsados hacia el espacio y el n\u00facleo de Theia se hunde dentro del n\u00facleo terrestre. De este modo, Theia queda en una \u00f3rbita baja uni\u00e9ndose con la Tierra por un puente de materia. Pero con el tiempo, Theia se aleja y vuelve a colisionar con la Tierra. Estimaciones actuales indican que de este \u00faltimo choque se form\u00f3 un disco de escombros alrededor de la Tierra con restos de Tehia, luego la mitad de estos restos se fusionaron para formar la Luna entre uno y cien a\u00f1os despu\u00e9s del impacto.<\/p>\n<p><img loading=\"lazy\" decoding=\"async\" class=\"aligncenter size-full wp-image-6993\" src=\"https:\/\/elbibliote.com\/resources\/articulosdestacados\/wp-content\/uploads\/2018\/09\/TH-137012559-Tierra-Luna-Sol.jpg\" alt=\"\" width=\"700\" height=\"438\" srcset=\"https:\/\/elbibliote.com\/resources\/articulosdestacados\/wp-content\/uploads\/2018\/09\/TH-137012559-Tierra-Luna-Sol.jpg 700w, https:\/\/elbibliote.com\/resources\/articulosdestacados\/wp-content\/uploads\/2018\/09\/TH-137012559-Tierra-Luna-Sol-300x188.jpg 300w\" sizes=\"(max-width: 700px) 100vw, 700px\" \/><\/p>\n<p><strong>Movimientos:<\/strong><br \/>\n<strong>\u2022 Rotaci\u00f3n:<\/strong> Se llama as\u00ed al giro que da la Luna sobre su propio eje. Tarda 28 d\u00edas en completar la vuelta.<br \/>\n<strong>\u2022 Revoluci\u00f3n:<\/strong> Es el movimiento que da la Luna para dar la vuelta alrededor de la Tierra. Tarda 28 d\u00edas en completarla.<br \/>\n<strong>\u2022 Traslaci\u00f3n:<\/strong> La Luna acompa\u00f1a a la Tierra en su traslaci\u00f3n alrededor del Sol.<\/p>\n<p>Como podemos ver, el tiempo en completar los movimientos de rotaci\u00f3n y revoluci\u00f3n son los mismos, por lo tanto, desde nuestro planeta siempre vemos la misma cara de la Luna. Pero no siempre la apreciamos igual (iluminaci\u00f3n). Esto es as\u00ed porque el plano de la traslaci\u00f3n no coincide con el plano de revoluci\u00f3n de la Luna, por lo tanto muy pocas veces los tres astros se ubican formando una l\u00ednea recta. Cuando esto sucede se produce un eclipse, que es la ocultaci\u00f3n transitoria de un astro por la interposici\u00f3n de otro astro.<\/p>\n<p><strong>Fases de la Luna:<\/strong><br \/>\nDe acuerdo a la ubicaci\u00f3n relativa del Sol, la Tierra y la Luna en el espacio, se definen cuatro fases distintas.<\/p>\n<p><strong>\u2022 Luna Nueva:<\/strong> La Luna se ubica entre la Tierra y el Sol. A partir de este momento la Luna comienza a crecer.<br \/>\n<strong>\u2022 Cuarto Creciente:<\/strong> La Luna, la Tierra y el Sol forman un \u00e1ngulo recto. Se observa la mitad de la Luna en su per\u00edodo de crecimiento.<br \/>\n<strong>\u2022 Luna Llena:<\/strong> La Tierra se ubica entre el Sol y la Luna y \u00e9sta \u00faltima recibe los rayos del sol en su cara visible, por lo tanto, se ve en forma completa desde la superficie terrestre.<br \/>\n<strong>\u2022 Cuarto Menguante:<\/strong> La Luna, la Tierra y el Sol forman nuevamente un \u00e1ngulo recto, por lo que se puede observar en el cielo la mitad de la Luna, en su per\u00edodo de decrecimiento.<\/p>\n<figure id=\"attachment_6995\" aria-describedby=\"caption-attachment-6995\" style=\"width: 700px\" class=\"wp-caption aligncenter\"><img loading=\"lazy\" decoding=\"async\" class=\"size-full wp-image-6995\" src=\"https:\/\/elbibliote.com\/resources\/articulosdestacados\/wp-content\/uploads\/2018\/09\/TH-150914736-Fases-de-la-Luna.jpg\" alt=\"\" width=\"700\" height=\"652\" srcset=\"https:\/\/elbibliote.com\/resources\/articulosdestacados\/wp-content\/uploads\/2018\/09\/TH-150914736-Fases-de-la-Luna.jpg 700w, https:\/\/elbibliote.com\/resources\/articulosdestacados\/wp-content\/uploads\/2018\/09\/TH-150914736-Fases-de-la-Luna-300x279.jpg 300w\" sizes=\"(max-width: 700px) 100vw, 700px\" \/><figcaption id=\"caption-attachment-6995\" class=\"wp-caption-text\">Fases de la Luna.<\/figcaption><\/figure>\n<h2>superficie lunar<\/h2>\n<p>Se observan monta\u00f1as, cr\u00e1teres y otras formaciones. Las monta\u00f1as suelen encontrarse tanto en forma aislada como formando grandes cadenas. Los cr\u00e1teres son consecuencia del impacto de meteoritos. La gran mayor\u00eda tienen forma de anillo, una base y un pico central. Su tama\u00f1o var\u00eda desde pocos cent\u00edmetros hasta 260 kil\u00f3metros. Se conocen picos centrales de hasta 4000 metros y anillos del mismo tama\u00f1o. Por otro lado, se distinguen \u201cmares\u201d, que son zonas llanas de color oscuro. Son producto de la salida de lava bas\u00e1ltica durante el periodo de formaci\u00f3n de la luna.Tambi\u00e9n existen grietas, con profundidades de hasta 400 metros y varios kil\u00f3metros de longitud.<\/p>\n<p><img loading=\"lazy\" decoding=\"async\" class=\"aligncenter size-full wp-image-6996\" src=\"https:\/\/elbibliote.com\/resources\/articulosdestacados\/wp-content\/uploads\/2018\/09\/TH-57339479-Superficie-de-la-luna.jpg\" alt=\"\" width=\"700\" height=\"364\" srcset=\"https:\/\/elbibliote.com\/resources\/articulosdestacados\/wp-content\/uploads\/2018\/09\/TH-57339479-Superficie-de-la-luna.jpg 700w, https:\/\/elbibliote.com\/resources\/articulosdestacados\/wp-content\/uploads\/2018\/09\/TH-57339479-Superficie-de-la-luna-300x156.jpg 300w\" sizes=\"(max-width: 700px) 100vw, 700px\" \/><\/p>\n<div class=\"su-box su-box-style-default sabiasque\" id=\"\" style=\"border-color:#a8a8b7;border-radius:0px;\"><div class=\"su-box-title\" style=\"background-color:#DBDBEA;color:#484848;border-top-left-radius:0px;border-top-right-radius:0px\">\u00bfSab\u00edas qu\u00e9...?<\/div><div class=\"su-box-content su-u-clearfix su-u-trim\" style=\"border-bottom-left-radius:0px;border-bottom-right-radius:0px\">En la Luna son mucho m\u00e1s frecuentes los terremotos que en la Tierra.<\/div><\/div>\n<h2>Agua<\/h2>\n<p>La Agencia espacial de Estados Unidos, NASA, anunci\u00f3 el 13 de noviembre de 2009 que detect\u00f3 agua en la Luna tras estrellar el 9 de octubre la sonda LCROSS y su cohete Centauro en el fondo de uno de los cr\u00e1teres de la Luna (el Cabeus). La colisi\u00f3n provoc\u00f3 el levantamiento de una columna de material y de agua desde el fondo del cr\u00e1ter que no ha recibido la luz del Sol en miles de millones de a\u00f1os. El cient\u00edfico Anthony Colaprete sostuvo al respecto \u201cel agua que se levant\u00f3 por el impacto de la sonda podr\u00eda llenar una docena de baldes de ocho litros\u201d.<\/p>\n<h2>ECLIPSES<\/h2>\n<p>Las dos posiciones relativas posibles entre la Luna, el Sol y la Tierra formando una l\u00ednea recta dan lugar a dos tipos de eclipses.<\/p>\n<p>\u2022 Eclipse de Sol: Cuando la Luna se interpone entre el Sol y la Tierra.<\/p>\n<p>\u2022 Eclipse de Luna: Cuando la Tierra se interpone entre la Luna y el Sol.<\/p>\n<figure id=\"attachment_6997\" aria-describedby=\"caption-attachment-6997\" style=\"width: 700px\" class=\"wp-caption aligncenter\"><img loading=\"lazy\" decoding=\"async\" class=\"size-full wp-image-6997\" src=\"https:\/\/elbibliote.com\/resources\/articulosdestacados\/wp-content\/uploads\/2018\/09\/TH-57434940-Eclipse-Lunar.jpg\" alt=\"\" width=\"700\" height=\"433\" srcset=\"https:\/\/elbibliote.com\/resources\/articulosdestacados\/wp-content\/uploads\/2018\/09\/TH-57434940-Eclipse-Lunar.jpg 700w, https:\/\/elbibliote.com\/resources\/articulosdestacados\/wp-content\/uploads\/2018\/09\/TH-57434940-Eclipse-Lunar-300x186.jpg 300w\" sizes=\"(max-width: 700px) 100vw, 700px\" \/><figcaption id=\"caption-attachment-6997\" class=\"wp-caption-text\">Eclipse de Luna.<\/figcaption><\/figure>\n<figure id=\"attachment_6998\" aria-describedby=\"caption-attachment-6998\" style=\"width: 700px\" class=\"wp-caption aligncenter\"><img loading=\"lazy\" decoding=\"async\" class=\"size-full wp-image-6998\" src=\"https:\/\/elbibliote.com\/resources\/articulosdestacados\/wp-content\/uploads\/2018\/09\/TH-dv028024-eclipse-solar.jpg\" alt=\"\" width=\"700\" height=\"568\" srcset=\"https:\/\/elbibliote.com\/resources\/articulosdestacados\/wp-content\/uploads\/2018\/09\/TH-dv028024-eclipse-solar.jpg 700w, https:\/\/elbibliote.com\/resources\/articulosdestacados\/wp-content\/uploads\/2018\/09\/TH-dv028024-eclipse-solar-300x243.jpg 300w\" sizes=\"(max-width: 700px) 100vw, 700px\" \/><figcaption id=\"caption-attachment-6998\" class=\"wp-caption-text\">Eclipse de Sol.<\/figcaption><\/figure>\n<h2>DEBATE: \u00bfEL HOMBRE LLEG\u00d3 A LA LUNA?<\/h2>\n<p>Habitualmente se habla con certeza de la llegada del hombre a la Luna pero debemos saber que existen argumentos que se contraponen al respecto. Conozcamos ambas visiones para construir una opini\u00f3n sobre la base de diversas visiones.<\/p>\n<table style=\"width: 700px;\">\n<tbody>\n<tr>\n<td style=\"width: 337.067px; text-align: center;\"><strong>Principales argumentos de los que <\/strong><br \/>\n<strong>sostienen que el hombre lleg\u00f3 a la Luna.<\/strong><\/td>\n<td style=\"width: 321.933px; text-align: center;\"><strong>Principales argumentos <\/strong><br \/>\n<strong>de los que niegan la haza\u00f1a.<\/strong><\/td>\n<\/tr>\n<tr>\n<td style=\"width: 337.067px;\">La NASA desarroll\u00f3 la misi\u00f3n con la colaboraci\u00f3n de m\u00e1s de 35.000 personas; es imposible mantener el enga\u00f1o a tantos profesionales. Adem\u00e1s otras 400.000 personas, nucleadas en empresas y universidades, colaboraron con la NASA.<\/td>\n<td style=\"width: 321.933px;\">Es imposible porque se carec\u00eda de la tecnolog\u00eda necesaria para llegar a la Luna. La computadora que llevaban ten\u00eda menos memoria que una lavadora moderna.<\/td>\n<\/tr>\n<tr>\n<td style=\"width: 337.067px;\">Luis Ruiz de Gopegui, director de la Estaci\u00f3n de Seguimiento de Fresnedillas, que la NASA utiliz\u00f3 como apoyo para los vuelos del programa Apollo, afirmaba que no se siente molesto con las acusaciones de fraude: \u201cEs como si a ti te dijeran que dudan de la noche y el d\u00eda. Es tan evidente que no se puede ni discutir\u201d.<\/td>\n<td style=\"width: 321.933px;\">Estados Unidos estrat\u00e9gicamente decidi\u00f3 emprender la misi\u00f3n porque quer\u00eda consolidarse como vencedora en la carrera espacial que se disputaba con la Uni\u00f3n Sovi\u00e9tica. Adem\u00e1s en 1969 La Guerra de Vietnam se encontraba en pleno desarrollo, sin objetivo claro y con el agravante de m\u00e1s de 50.000 muertos; por lo que un alunizaje era el suceso perfecto para distraer a la sociedad.<\/td>\n<\/tr>\n<tr>\n<td style=\"width: 337.067px;\">Los astronautas trajeron 382 kilos de piedras lunares que los ge\u00f3logos han autentificado.<\/p>\n<p>&nbsp;<\/p>\n<p>En realidad no ondea, ten\u00eda un m\u00e1stil superior para mantenerla r\u00edgida. Las ondulaciones son consecuencia de haber estado plegada durante el viaje y s\u00f3lo se mueve cuando la manipulan los astronautas.<\/td>\n<td style=\"width: 321.933px;\">Todo fue un montaje, las im\u00e1genes mostradas fueron rodadas en un estudio. El director de cine Stanley Kubrick dirigi\u00f3 la \u201cmisi\u00f3n\u201d.<\/p>\n<p>&nbsp;<\/p>\n<p>En las fotos y videos que divulg\u00f3 la NASA sobre el alunizaje, la bandera estadounidense ondea sin viento en la Luna.<\/td>\n<\/tr>\n<tr>\n<td style=\"width: 337.067px;\">No se captaron por una cuesti\u00f3n t\u00e9cnica, concretamente por la intensidad de la luz. Para que se perciban, el tiempo de exposici\u00f3n de la pel\u00edcula tendr\u00eda que haber sido mayor.<\/td>\n<td style=\"width: 321.933px;\">En las im\u00e1genes divulgadas no se distinguen las estrellas.<\/td>\n<\/tr>\n<tr>\n<td style=\"width: 337.067px;\">Las sombras de las im\u00e1genes no se ven paralelas por el efecto de perspectiva que sucede tambi\u00e9n en la Tierra. A su vez hay que considerar que no tienen que ser paralelas en un terreno irregular, como es el caso de la Luna.<\/td>\n<td style=\"width: 321.933px;\">Las sombras que se visualizan en las fotos no son paralelas.<\/td>\n<\/tr>\n<tr>\n<td style=\"width: 337.067px;\">La letra C que se ve en una de las rocas no es parte de un montaje, era un pelo introducido durante el revelado; en la imagen original no aparece.<\/td>\n<td style=\"width: 321.933px;\">Una roca del suelo est\u00e1 marcada con la letra C, eso nos habla de un montaje.<\/td>\n<\/tr>\n<tr>\n<td style=\"width: 337.067px;\">El m\u00f3dulo lunar pesaba entre 15 y 17 toneladas en la Tierra. En la Luna la gravedad es aproximadamente seis veces menor y hay que restar el combustible gastado antes de alunizar, situ\u00e1ndose su peso \u2018lunar\u2019 entre 1.200 y 1.600 kilogramos. Cuando se acercaba a la superficie reduc\u00eda su potencia a menos de un tercio de dicha capacidad, del mismo modo que nadie aparca un coche a 200 km por hora.<\/td>\n<td style=\"width: 321.933px;\">Bajo el m\u00f3dulo lunar (veh\u00edculo espacial dise\u00f1ado para el alunizaje) no hay cr\u00e1ter.<\/td>\n<\/tr>\n<tr>\n<td style=\"width: 337.067px;\">No es necesario que haya humedad o aire para dejar huellas en un terreno.<\/td>\n<td style=\"width: 321.933px;\">No pueden dejarse huellas sin aire o humedad.<\/td>\n<\/tr>\n<\/tbody>\n<\/table>\n<figure id=\"attachment_6999\" aria-describedby=\"caption-attachment-6999\" style=\"width: 700px\" class=\"wp-caption aligncenter\"><img loading=\"lazy\" decoding=\"async\" class=\"wp-image-6999 size-full\" src=\"https:\/\/elbibliote.com\/resources\/articulosdestacados\/wp-content\/uploads\/2018\/09\/AS11-40-5886-Alunizaje-Foto-Archivo-NASA.jpg\" alt=\"\" width=\"700\" height=\"378\" srcset=\"https:\/\/elbibliote.com\/resources\/articulosdestacados\/wp-content\/uploads\/2018\/09\/AS11-40-5886-Alunizaje-Foto-Archivo-NASA.jpg 700w, https:\/\/elbibliote.com\/resources\/articulosdestacados\/wp-content\/uploads\/2018\/09\/AS11-40-5886-Alunizaje-Foto-Archivo-NASA-300x162.jpg 300w\" sizes=\"(max-width: 700px) 100vw, 700px\" \/><figcaption id=\"caption-attachment-6999\" class=\"wp-caption-text\">Foto Archivo NASA.<\/figcaption><\/figure>\n<h2>CURIOSIDADES<\/h2>\n<h3>LAS MAREAS, LA LUNA Y EL SOL<\/h3>\n<p>Las mareas son movimientos peri\u00f3dicos de avance y retroceso del mar sobre el continente. Su relaci\u00f3n con el Sol y la Luna se conoce desde hace m\u00e1s de 2000 a\u00f1os, pero su causa no pudo explicarse hasta 1686 cuando Newton enunci\u00f3 la ley de la gravitaci\u00f3n universal. Su explicaci\u00f3n debe buscarse en la influencia de las atracciones gravitatorias del Sol y la Luna sobre la masa l\u00edquida de nuestro planeta.<\/p>\n<div class=\"su-box su-box-style-default sabiasque\" id=\"\" style=\"border-color:#a8a8b7;border-radius:0px;\"><div class=\"su-box-title\" style=\"background-color:#DBDBEA;color:#484848;border-top-left-radius:0px;border-top-right-radius:0px\">\u00bfSab\u00edas qu\u00e9...?<\/div><div class=\"su-box-content su-u-clearfix su-u-trim\" style=\"border-bottom-left-radius:0px;border-bottom-right-radius:0px\">En la Luna no hay viento ni sonido.<\/div><\/div>\n<p>El centro del sistema de gravedad Tierra-Luna, como consecuencia de la mayor masa de la Tierra, se encuentra desplazado hacia nuestro planeta; en su interior, por lo tanto, el efecto de la atracci\u00f3n gravitatoria de la Luna act\u00faa con mayor intensidad sobre la masa de agua m\u00e1s pr\u00f3xima. En la zona opuesta del planeta, la menor atracci\u00f3n gravitatoria lunar y el mayor efecto de la fuerza centr\u00edfuga producido por la rotaci\u00f3n de ambas masas en torno al centro de gravedad del conjunto, permiten que la masa de agua se desplace por la fuerza centr\u00edfuga en sentido opuesto. En ambos lugares, diametralmente opuestos, se forman mareas (pleamar) y, en ese mismo momento, en los puntos equidistantes de los de marea, existe bajamar.<\/p>\n<p>La acci\u00f3n del Sol produce tambi\u00e9n mareas, cuya intensidad es aproximadamente la mitad que la de las mareas lunares. En determinadas circunstancias su efecto se suma al de \u00e9stas o bien las debilita: cuando los tres astros se encuentran aproximadamente en l\u00ednea recta, Luna nueva y Luna llena, el flujo es m\u00e1s intenso (mareas vivas). Por el contrario, en los momentos de cuarto creciente o cuarto menguante, los efectos del Sol y la Luna se anulan parcialmente y las mareas alcanzan su m\u00ednima intensidad (mareas muertas).<\/p>\n<h3>EL DUE\u00d1O DE LA LUNA<\/h3>\n<p>En 1953, el abogado chileno Jenaro Gajardo Vera registr\u00f3 la propiedad de la Luna pagando 42.000 pesos de la \u00e9poca. La escritura se hizo oficial el 25 de septiembre de 1954 en el Conservador de Bienes Ra\u00edces de la ciudad de Talca.<br \/>\nAdem\u00e1s cre\u00f3 la llamada Sociedad Telesc\u00f3pica Interplanetaria bajo el objetivo de formar un comit\u00e9 de recepci\u00f3n a los primeros visitantes extraterrestres que llegaran a la Tierra.<\/p>\n<p><img loading=\"lazy\" decoding=\"async\" class=\"aligncenter size-full wp-image-7000\" src=\"https:\/\/elbibliote.com\/resources\/articulosdestacados\/wp-content\/uploads\/2018\/09\/TH-78255320-Pisada-del-primer-hombre-que-llego-a-la-luna.jpg\" alt=\"\" width=\"700\" height=\"623\" srcset=\"https:\/\/elbibliote.com\/resources\/articulosdestacados\/wp-content\/uploads\/2018\/09\/TH-78255320-Pisada-del-primer-hombre-que-llego-a-la-luna.jpg 700w, https:\/\/elbibliote.com\/resources\/articulosdestacados\/wp-content\/uploads\/2018\/09\/TH-78255320-Pisada-del-primer-hombre-que-llego-a-la-luna-300x267.jpg 300w\" sizes=\"(max-width: 700px) 100vw, 700px\" \/><\/p>\n<p>Seg\u00fan ha relatado Gajardo Vara, el presidente de Estados Unidos, Richard Nixon, le solicit\u00f3 permiso para el alunizaje del Apolo 11 en 1969. Estos habr\u00edan sido los mensajes intercambiados:<\/p>\n<p><em>Solicito en nombre del pueblo de los Estados Unidos autorizaci\u00f3n para el descenso de los astronautas Aldrin, Collins y Armstrong en el sat\u00e9lite lunar que le pertenece.<\/em><\/p>\n<p style=\"text-align: right;\"><strong>Richard Nixon, 1969<\/strong><\/p>\n<p><em>En nombre de Jefferson, de Washington y del gran poeta Walt Whitman, autorizo el descenso de Aldrin, Collins y Armstrong en el sat\u00e9lite lunar que me pertenece, y lo que m\u00e1s me interesa no es s\u00f3lo un feliz descenso de los astronautas, de esos valientes, sino tambi\u00e9n un feliz regreso a su patria. Gracias, se\u00f1or Presidente.<\/em><\/p>\n<p style=\"text-align: right;\"><strong>Jenaro Gajardo Vera, 1969<\/strong><\/p>\n<p>Actualmente la Luna no tiene due\u00f1o: en 1967 se firm\u00f3 un tratado en las Naciones Unidas que proh\u00edbe la compraventa de objetos exteriores a la Tierra. No obstante, en 1980, el estadounidense Dennis Hope formaliza de nuevo en una oficina del registro de San Francisco la \u201ccompra\u201d de la Luna, dedic\u00e1ndose desde entonces a vender \u201cparcelas\u201d en suelo lunar.<\/p>\n","protected":false},"excerpt":{"rendered":"<p>Gira alrededor de la Tierra, se ve a simple vista a m\u00e1s de 380 mil kil\u00f3metros de distancia, brilla potentemente pero no tiene luz propia, carece de atm\u00f3sfera y de agua, su superficie no se deteriora con el tiempo y las estrellas son siempre visibles. Les presentamos: la Luna, el \u00fanico sat\u00e9lite natural de la Tierra.<\/p>\n","protected":false},"author":1,"featured_media":0,"comment_status":"closed","ping_status":"closed","sticky":false,"template":"","format":"standard","meta":{"footnotes":""},"categories":[5],"tags":[7705,7702,7703,4427,7701,7706,6070,7700,7707,7708,7699,7704],"_links":{"self":[{"href":"https:\/\/elbibliote.com\/resources\/articulosdestacados\/index.php?rest_route=\/wp\/v2\/posts\/6987"}],"collection":[{"href":"https:\/\/elbibliote.com\/resources\/articulosdestacados\/index.php?rest_route=\/wp\/v2\/posts"}],"about":[{"href":"https:\/\/elbibliote.com\/resources\/articulosdestacados\/index.php?rest_route=\/wp\/v2\/types\/post"}],"author":[{"embeddable":true,"href":"https:\/\/elbibliote.com\/resources\/articulosdestacados\/index.php?rest_route=\/wp\/v2\/users\/1"}],"replies":[{"embeddable":true,"href":"https:\/\/elbibliote.com\/resources\/articulosdestacados\/index.php?rest_route=%2Fwp%2Fv2%2Fcomments&post=6987"}],"version-history":[{"count":4,"href":"https:\/\/elbibliote.com\/resources\/articulosdestacados\/index.php?rest_route=\/wp\/v2\/posts\/6987\/revisions"}],"predecessor-version":[{"id":19765,"href":"https:\/\/elbibliote.com\/resources\/articulosdestacados\/index.php?rest_route=\/wp\/v2\/posts\/6987\/revisions\/19765"}],"wp:attachment":[{"href":"https:\/\/elbibliote.com\/resources\/articulosdestacados\/index.php?rest_route=%2Fwp%2Fv2%2Fmedia&parent=6987"}],"wp:term":[{"taxonomy":"category","embeddable":true,"href":"https:\/\/elbibliote.com\/resources\/articulosdestacados\/index.php?rest_route=%2Fwp%2Fv2%2Fcategories&post=6987"},{"taxonomy":"post_tag","embeddable":true,"href":"https:\/\/elbibliote.com\/resources\/articulosdestacados\/index.php?rest_route=%2Fwp%2Fv2%2Ftags&post=6987"}],"curies":[{"name":"wp","href":"https:\/\/api.w.org\/{rel}","templated":true}]}}