{"id":798,"date":"2018-03-19T14:31:00","date_gmt":"2018-03-19T17:31:00","guid":{"rendered":"http:\/\/elbibliote.com\/resources\/articulosdestacados\/?p=798"},"modified":"2022-01-11T12:37:40","modified_gmt":"2022-01-11T15:37:40","slug":"bronquiolitis","status":"publish","type":"post","link":"https:\/\/elbibliote.com\/resources\/articulosdestacados\/?p=798","title":{"rendered":"Bronquiolitis"},"content":{"rendered":"<p><em><span style=\"color: #808080;\">La bronquiolitis es una enfermedad bastante com\u00fan y algunas veces grave, que expresa una inflamaci\u00f3n aguda de las v\u00edas a\u00e9reas inferiores (bronquiolos). Afecta principalmente a los m\u00e1s peque\u00f1os, en especial a los beb\u00e9s menores de 6 meses, y es m\u00e1s frecuente en los meses fr\u00edos (oto\u00f1o e invierno). Es una causa frecuente de hospitalizaci\u00f3n de ni\u00f1os menores de un a\u00f1o durante el invierno y comienzos de la primavera.<\/span><\/em><\/p>\n<p>La causa m\u00e1s frecuente de la bronquiolitis es el virus sincicial respiratorio (VSR). M\u00e1s de la mitad de los beb\u00e9s est\u00e1n expuestos a este virus en su primer a\u00f1o de vida. Otros virus que pueden causar la bronquiolitis pueden ser: adenovirus, influenza y parainfluenza.<\/p>\n<h2>\u00bfC\u00f3mo se contagia?<\/h2>\n<p>El virus se transmite de una persona a otra por el contacto directo con las manos contaminadas con secreciones nasales o a trav\u00e9s de gotitas aerotransportadas generadas al toser o estornudar, por aquellos que presentan la enfermedad.<\/p>\n<p><img loading=\"lazy\" decoding=\"async\" class=\"aligncenter wp-image-799 size-full\" src=\"https:\/\/elbibliote.com\/resources\/articulosdestacados\/wp-content\/uploads\/2018\/03\/iStock-664046882.jpg\" alt=\"\" width=\"550\" height=\"367\" srcset=\"https:\/\/elbibliote.com\/resources\/articulosdestacados\/wp-content\/uploads\/2018\/03\/iStock-664046882.jpg 550w, https:\/\/elbibliote.com\/resources\/articulosdestacados\/wp-content\/uploads\/2018\/03\/iStock-664046882-300x200.jpg 300w\" sizes=\"(max-width: 550px) 100vw, 550px\" \/><\/p>\n<h2>\u00bfCu\u00e1les son los s\u00edntomas?<\/h2>\n<p>La bronquiolitis suele comenzar como un resfr\u00edo. Luego de dos o tres d\u00edas de ese cuadro, algunos ni\u00f1os pueden tener pocos s\u00edntomas o s\u00edntomas menores y otros desarrollar m\u00e1s problemas respiratorios, como sibilancias (ruido similar a un silbido en el pecho, al respirar) y tos.<\/p>\n<p>El ni\u00f1o con bronquiolitis puede presentar alguno de los siguientes s\u00edntomas:<\/p>\n<ul>\n<li>Tos<\/li>\n<li>Fatiga<\/li>\n<li>Fiebre<\/li>\n<li>Respiraci\u00f3n muy r\u00e1pida (taquipnea)<\/li>\n<li>Aleteo nasal o retracci\u00f3n de los m\u00fasculos del t\u00f3rax en un esfuerzo por respirar.<\/li>\n<li>Cansancio.<\/li>\n<li>Color azulado en la piel, las u\u00f1as o los labios debido a la falta de ox\u00edgeno (cianosis): en este caso necesita tratamiento urgente.<\/li>\n<\/ul>\n<h2>\u00bfC\u00f3mo puede prevenirse?<\/h2>\n<ul>\n<li>\u00a0Mantener la lactancia materna.<\/li>\n<li>\u00a0No exponer a los ni\u00f1os al humo del cigarrillo.<\/li>\n<li>Lavarles las manos a los ni\u00f1os con agua y jab\u00f3n con frecuencia.<\/li>\n<li>Mantener alejados a los beb\u00e9s de aquellas personas que est\u00e1n resfriadas o tienen tos.<\/li>\n<li>Si alguien en la familia tiene alguna infecci\u00f3n de las v\u00edas respiratorias, debe lavarse las manos con frecuencia, especialmente antes de manipular al ni\u00f1o.<\/li>\n<\/ul>\n<h2>\u00bfC\u00f3mo se trata?<\/h2>\n<p>Los antibi\u00f3ticos no son efectivos contra las infecciones virales. El tratamiento incluye broncodilatadores administrados con un aerosol y una aeroc\u00e1mara (generalmente denominados como &#8220;paf&#8221;).<\/p>\n<p><strong>Fuente:<\/strong> Ministerio de Salud \u2013 Presidencia de la Naci\u00f3n (Argentina) http:\/\/www.msal.gob.ar\/index.php\/component\/content\/article\/48\/122-bronquiolitis-bronquitis#sthash.UpueVjVl.dpuf<\/p>\n","protected":false},"excerpt":{"rendered":"<p>La bronquiolitis es una enfermedad bastante com\u00fan y algunas veces grave, que expresa una inflamaci\u00f3n aguda de las v\u00edas a\u00e9reas inferiores (bronquiolos). Afecta principalmente a los m\u00e1s peque\u00f1os, en especial a los beb\u00e9s menores de 6 meses, y es m\u00e1s frecuente en los meses fr\u00edos (oto\u00f1o e invierno). Es una causa frecuente de hospitalizaci\u00f3n de ni\u00f1os menores de un a\u00f1o durante el invierno y comienzos de la primavera.<\/p>\n","protected":false},"author":6,"featured_media":0,"comment_status":"closed","ping_status":"closed","sticky":false,"template":"","format":"standard","meta":{"footnotes":""},"categories":[22],"tags":[897,894,890,893,204,900,891,898,896,895,899,697,892,247],"_links":{"self":[{"href":"https:\/\/elbibliote.com\/resources\/articulosdestacados\/index.php?rest_route=\/wp\/v2\/posts\/798"}],"collection":[{"href":"https:\/\/elbibliote.com\/resources\/articulosdestacados\/index.php?rest_route=\/wp\/v2\/posts"}],"about":[{"href":"https:\/\/elbibliote.com\/resources\/articulosdestacados\/index.php?rest_route=\/wp\/v2\/types\/post"}],"author":[{"embeddable":true,"href":"https:\/\/elbibliote.com\/resources\/articulosdestacados\/index.php?rest_route=\/wp\/v2\/users\/6"}],"replies":[{"embeddable":true,"href":"https:\/\/elbibliote.com\/resources\/articulosdestacados\/index.php?rest_route=%2Fwp%2Fv2%2Fcomments&post=798"}],"version-history":[{"count":7,"href":"https:\/\/elbibliote.com\/resources\/articulosdestacados\/index.php?rest_route=\/wp\/v2\/posts\/798\/revisions"}],"predecessor-version":[{"id":19557,"href":"https:\/\/elbibliote.com\/resources\/articulosdestacados\/index.php?rest_route=\/wp\/v2\/posts\/798\/revisions\/19557"}],"wp:attachment":[{"href":"https:\/\/elbibliote.com\/resources\/articulosdestacados\/index.php?rest_route=%2Fwp%2Fv2%2Fmedia&parent=798"}],"wp:term":[{"taxonomy":"category","embeddable":true,"href":"https:\/\/elbibliote.com\/resources\/articulosdestacados\/index.php?rest_route=%2Fwp%2Fv2%2Fcategories&post=798"},{"taxonomy":"post_tag","embeddable":true,"href":"https:\/\/elbibliote.com\/resources\/articulosdestacados\/index.php?rest_route=%2Fwp%2Fv2%2Ftags&post=798"}],"curies":[{"name":"wp","href":"https:\/\/api.w.org\/{rel}","templated":true}]}}