{"id":9240,"date":"2019-11-08T12:49:40","date_gmt":"2019-11-08T15:49:40","guid":{"rendered":"http:\/\/elbibliote.com\/resources\/articulosdestacados\/?p=9240"},"modified":"2022-01-04T11:13:14","modified_gmt":"2022-01-04T14:13:14","slug":"estructura-politica-de-guatemala","status":"publish","type":"post","link":"https:\/\/elbibliote.com\/resources\/articulosdestacados\/?p=9240","title":{"rendered":"Estructura pol\u00edtica de Guatemala"},"content":{"rendered":"<p style=\"text-align: justify;\"><span style=\"color: #808080;\"><em>El gobierno de Guatemala es una rep\u00fablica democr\u00e1tica representativa. Este pa\u00eds est\u00e1 liderado por el presidente, que es a la vez jefe de Estado y jefe de Gobierno. En 1985, Guatemala estableci\u00f3 una separaci\u00f3n de poderes gubernamentales a trav\u00e9s de la creaci\u00f3n de 3 poderes de gobierno: Ejecutivo, Legislativo y Judicial. <\/em><\/span><\/p>\n<h2 style=\"text-align: justify;\"><strong>Guatemala <\/strong><\/h2>\n<p style=\"text-align: justify;\">Es un pa\u00eds de Centroam\u00e9rica con una gran cultura ind\u00edgena, caracter\u00edstica que lo distingue de sus pa\u00edses vecinos. Guatemala fue descubierta por los espa\u00f1oles en 1517, sin embargo, tuvieron que pasar casi dos siglos de arduas batallas entre los ind\u00edgenas y los colonos para que finalmente Espa\u00f1a pudiera conquistarla.<\/p>\n<p style=\"text-align: justify;\">Despu\u00e9s de obtener la independencia de Espa\u00f1a en la d\u00e9cada de 1820, Guatemala tuvo una larga historia de gobiernos autoritarios y los reg\u00edmenes militares hasta que finalmente en 1985 se convirti\u00f3 en un Estado democr\u00e1tico.<\/p>\n<p style=\"text-align: justify;\">Desde 1954, los gobiernos de Guatemala se enfrentaron constantemente a la presi\u00f3n de la guerrilla, lo que provoc\u00f3 una guerra civil que dur\u00f3 36 a\u00f1os, finalmente en 1996 se firmaron los acuerdos de paz. En dichos conflictos tambi\u00e9n se vieron afectados los ind\u00edgenas sin embargo, Rigoberta Mench\u00fa particip\u00f3 activamente en la defensa de sus derechos.<\/p>\n<figure id=\"attachment_9610\" aria-describedby=\"caption-attachment-9610\" style=\"width: 700px\" class=\"wp-caption aligncenter\"><img loading=\"lazy\" decoding=\"async\" class=\"wp-image-9610 size-full\" src=\"https:\/\/elbibliote.com\/resources\/articulosdestacados\/wp-content\/uploads\/2019\/07\/iStock-858197038.jpg\" alt=\"\" width=\"700\" height=\"700\" srcset=\"https:\/\/elbibliote.com\/resources\/articulosdestacados\/wp-content\/uploads\/2019\/07\/iStock-858197038.jpg 700w, https:\/\/elbibliote.com\/resources\/articulosdestacados\/wp-content\/uploads\/2019\/07\/iStock-858197038-150x150.jpg 150w, https:\/\/elbibliote.com\/resources\/articulosdestacados\/wp-content\/uploads\/2019\/07\/iStock-858197038-300x300.jpg 300w\" sizes=\"(max-width: 700px) 100vw, 700px\" \/><figcaption id=\"caption-attachment-9610\" class=\"wp-caption-text\">Rigoberta Mench\u00fa, maya quich\u00e9 y defensora de los pueblos ind\u00edgenas de Am\u00e9rica Latina, recibi\u00f3 el Premio Nobel de la Paz en 1992.<\/figcaption><\/figure>\n<p style=\"text-align: justify;\">Guatemala ha tenido una recuperaci\u00f3n pol\u00edtica y econ\u00f3mica lenta desde el siglo XXI. Las elecciones se han celebrado regularmente desde 1996, pero, debido a que hay muchos partidos pol\u00edticos que tienden a ser peque\u00f1os y de corta duraci\u00f3n, la convergencia en las soluciones pol\u00edticas se demora y persiste el temor a un retorno militar al poder desde los primeros a\u00f1os del siglo XXI.<\/p>\n<h2 style=\"text-align: justify;\"><strong>Estructura pol\u00edtica <\/strong><\/h2>\n<h3 style=\"text-align: justify;\">Poder Ejecutivo<\/h3>\n<p style=\"text-align: justify;\">El Poder Ejecutivo del gobierno est\u00e1 encabezado por el presidente de Guatemala, quien es elegido por la poblaci\u00f3n general para cumplir un mandato de 4 a\u00f1os sin posibilidad de reelecci\u00f3n. Tambi\u00e9n ejercen dentro de este poder el vicepresidente y los ministros.<\/p>\n<p style=\"text-align: justify;\">El presidente es responsable de asegurarse de que el Poder Ejecutivo, formado por ministerios, lleve a cabo la legislaci\u00f3n aprobada por el Congreso de Guatemala. El vicepresidente se desempe\u00f1a por debajo del presidente, puede presentarse en las elecciones como candidato presidencial despu\u00e9s de pasar 4 a\u00f1os fuera de la oficina del vicepresidente.<\/p>\n<p style=\"text-align: justify;\">Por otro lado, los ministros son los que se encargan de hacer funcionar los ministerios, en Guatemala existen 14: Ministerio de Agricultura, Ganader\u00eda y Alimentaci\u00f3n; Ministerio de Ambiente y Recursos Naturales; Ministerio de Comunicaciones, Infraestructura y Vivienda; Ministerio de Cultura y Deporte; Ministerio de la Defensa Nacional; Ministerio del Desarrollo Social; Ministerio de Econom\u00eda; Ministerio de Educaci\u00f3n; Ministerio de Energ\u00eda y Minas; Ministerio de Finanzas P\u00fablicas; Ministerio de Gobernaci\u00f3n; Ministerio de Relaciones Exteriores; Ministerio de Salud P\u00fablica y Asistencia Social y Ministerio de Trabajo y Previsi\u00f3n Social.<\/p>\n<p style=\"text-align: justify;\">Algunas de las funciones del Poder Ejecutivo son:<\/p>\n<ul style=\"text-align: justify;\">\n<li>Promulgar o sancionar leyes nacionales.<\/li>\n<li>Cumplir y hacer cumplir la constituci\u00f3n para el bienestar de la poblaci\u00f3n<\/li>\n<li>El presidente act\u00faa como comandante de las Fuerzas Armadas.<\/li>\n<li>El presidente es el encargado de negociar los tratados y relaciones internacionales.<\/li>\n<li>Nombrar y remover ministros.<\/li>\n<\/ul>\n<h3 style=\"text-align: justify;\">Poder Legislativo<\/h3>\n<p style=\"text-align: justify;\">Est\u00e1 compuesto por el Congreso de Guatemala, un cuerpo legislativo unicameral que tiene 158 miembros que son elegidos por la poblaci\u00f3n general para cumplir un per\u00edodo de 4 a\u00f1os. Cada miembro se selecciona en funci\u00f3n de la representaci\u00f3n proporcional de la lista de partidos.<\/p>\n<p style=\"text-align: justify;\">31 de los miembros son elegidos de una lista nacional, los otros 127 diputados del Congreso son elegidos de los 22 departamentos de Guatemala. El n\u00famero de diputados por departamento va a depender del tama\u00f1o de su poblaci\u00f3n.<\/p>\n<figure id=\"attachment_9612\" aria-describedby=\"caption-attachment-9612\" style=\"width: 700px\" class=\"wp-caption aligncenter\"><img loading=\"lazy\" decoding=\"async\" class=\"wp-image-9612 size-full\" src=\"https:\/\/elbibliote.com\/resources\/articulosdestacados\/wp-content\/uploads\/2019\/07\/iStock-1035752736.jpg\" alt=\"\" width=\"700\" height=\"467\" srcset=\"https:\/\/elbibliote.com\/resources\/articulosdestacados\/wp-content\/uploads\/2019\/07\/iStock-1035752736.jpg 700w, https:\/\/elbibliote.com\/resources\/articulosdestacados\/wp-content\/uploads\/2019\/07\/iStock-1035752736-300x200.jpg 300w\" sizes=\"(max-width: 700px) 100vw, 700px\" \/><figcaption id=\"caption-attachment-9612\" class=\"wp-caption-text\">El Departamento de Guatemala, donde se encuentra la capital, est\u00e1 dividido en 2 distritos y tiene la mayor representaci\u00f3n en el Congreso con 30 miembros.<\/figcaption><\/figure>\n<p style=\"text-align: justify;\">Mientras sirven en el Congreso, los diputados pueden cambiarse de partido pol\u00edtico o retirarse de una afiliaci\u00f3n pol\u00edtica para establecer un nuevo partido pol\u00edtico.<\/p>\n<p style=\"text-align: justify;\">Dentro de las funciones m\u00e1s importantes del Congreso se encuentran: redactar, leer e introducir nuevas leyes y pol\u00edticas. Estos proyectos de ley son luego negociados y votados. Si se aprueban, los proyectos de ley pasan al Presidente para que se conviertan en ley.<\/p>\n<h3 style=\"text-align: justify;\">Poder Judicial<\/h3>\n<p style=\"text-align: justify;\">El Poder Judicial es independiente del Legislativo y del Ejecutivo. Su funci\u00f3n principal es la de garantizar que las leyes de la constituci\u00f3n sean cumplidas. Los organismos adscritos al Poder Ejecutivo son el Tribunal Supremo y el Tribunal Constitucional.<\/p>\n<p style=\"text-align: justify;\">El Tribunal Supremo es la corte de apelaciones m\u00e1s alta y est\u00e1 conformada por un panel de 13 jueces que son elegidos para trabajar por per\u00edodos de 5 a\u00f1os; y por un presidente que est\u00e1 a cargo de la gesti\u00f3n de jueces de primera instancia en todo el pa\u00eds.<\/p>\n<p style=\"text-align: justify;\">El Tribunal Constitucional por otro lado, es responsable de conocer los casos que involucran interpretaci\u00f3n constitucional. Esta conformado por un panel de 5 jueces que sirven por un periodo de 5 a\u00f1os. Durante su mandato, cada juez act\u00faa como presidente durante 1 a\u00f1o. Los jueces del Tribunal Constitucional son elegidos por los siguientes \u00f3rganos: presidente (1), Congreso (1), Tribunal Supremo (1), Consejo Superior de la Universidad San Carlos de Guatemala (1) y Colegio de Abogados (1).<\/p>\n<div class=\"su-box su-box-style-default sabiasque\" id=\"\" style=\"border-color:#a8a8b7;border-radius:0px;\"><div class=\"su-box-title\" style=\"background-color:#DBDBEA;color:#484848;border-top-left-radius:0px;border-top-right-radius:0px\">\u00bfSab\u00edas qu\u00e9...?<\/div><div class=\"su-box-content su-u-clearfix su-u-trim\" style=\"border-bottom-left-radius:0px;border-bottom-right-radius:0px\">\n<p style=\"text-align: justify;\">Las primeras elecciones de Guatemala consideradas libres y justas por observadores internacionales fueron las elecciones presidenciales y legislativas de 1999. <\/div><\/div>\n<p style=\"text-align: justify;\"><div class=\"su-note destacado\"  style=\"border-color:#c1c1d0;border-radius:3px;-moz-border-radius:3px;-webkit-border-radius:3px;\"><div class=\"su-note-inner su-u-clearfix su-u-trim\" style=\"background-color:#dbdbea;border-color:#ffffff;color:#333333;border-radius:3px;-moz-border-radius:3px;-webkit-border-radius:3px;\"><strong>Gabino Ga\u00ednza y Fern\u00e1ndez de Medrano<\/strong><\/p>\n<p style=\"text-align: justify;\">Fue un militar y pol\u00edtico espa\u00f1ol que particip\u00f3 en el proceso de independencia de Hispanoam\u00e9rica, a pesar de que inicialmente luch\u00f3 del lado realista en Guatemala ejerci\u00f3 como jefe pol\u00edtico superior de la Provincia de Guatemala y proclam\u00f3 la independencia del mismo. <\/div><\/div>\n","protected":false},"excerpt":{"rendered":"<p>El gobierno de Guatemala es una rep\u00fablica democr\u00e1tica representativa. Este pa\u00eds est\u00e1 liderado por el presidente, que es a la vez jefe de Estado y jefe de Gobierno. En 1985, Guatemala estableci\u00f3 una separaci\u00f3n de poderes gubernamentales a trav\u00e9s de la creaci\u00f3n de 3 poderes de gobierno: Ejecutivo, Legislativo y Judicial.<\/p>\n","protected":false},"author":3,"featured_media":0,"comment_status":"closed","ping_status":"closed","sticky":false,"template":"","format":"standard","meta":{"footnotes":""},"categories":[9,15],"tags":[1358,8302,8382,6060,4750,8447,1770,8403,96,3327,4752,4763,8430,2841,4833,3231,4753,5719,8428,4751,4424,4940,8280,4941,8303,7170],"_links":{"self":[{"href":"https:\/\/elbibliote.com\/resources\/articulosdestacados\/index.php?rest_route=\/wp\/v2\/posts\/9240"}],"collection":[{"href":"https:\/\/elbibliote.com\/resources\/articulosdestacados\/index.php?rest_route=\/wp\/v2\/posts"}],"about":[{"href":"https:\/\/elbibliote.com\/resources\/articulosdestacados\/index.php?rest_route=\/wp\/v2\/types\/post"}],"author":[{"embeddable":true,"href":"https:\/\/elbibliote.com\/resources\/articulosdestacados\/index.php?rest_route=\/wp\/v2\/users\/3"}],"replies":[{"embeddable":true,"href":"https:\/\/elbibliote.com\/resources\/articulosdestacados\/index.php?rest_route=%2Fwp%2Fv2%2Fcomments&post=9240"}],"version-history":[{"count":14,"href":"https:\/\/elbibliote.com\/resources\/articulosdestacados\/index.php?rest_route=\/wp\/v2\/posts\/9240\/revisions"}],"predecessor-version":[{"id":19537,"href":"https:\/\/elbibliote.com\/resources\/articulosdestacados\/index.php?rest_route=\/wp\/v2\/posts\/9240\/revisions\/19537"}],"wp:attachment":[{"href":"https:\/\/elbibliote.com\/resources\/articulosdestacados\/index.php?rest_route=%2Fwp%2Fv2%2Fmedia&parent=9240"}],"wp:term":[{"taxonomy":"category","embeddable":true,"href":"https:\/\/elbibliote.com\/resources\/articulosdestacados\/index.php?rest_route=%2Fwp%2Fv2%2Fcategories&post=9240"},{"taxonomy":"post_tag","embeddable":true,"href":"https:\/\/elbibliote.com\/resources\/articulosdestacados\/index.php?rest_route=%2Fwp%2Fv2%2Ftags&post=9240"}],"curies":[{"name":"wp","href":"https:\/\/api.w.org\/{rel}","templated":true}]}}