{"id":9285,"date":"2019-11-08T16:07:18","date_gmt":"2019-11-08T19:07:18","guid":{"rendered":"http:\/\/elbibliote.com\/resources\/articulosdestacados\/?p=9285"},"modified":"2019-11-08T16:07:18","modified_gmt":"2019-11-08T19:07:18","slug":"estructura-politica-de-panama","status":"publish","type":"post","link":"https:\/\/elbibliote.com\/resources\/articulosdestacados\/?p=9285","title":{"rendered":"Estructura pol\u00edtica de Panam\u00e1"},"content":{"rendered":"<p style=\"text-align: justify;\"><span style=\"color: #808080;\"><em>Panam\u00e1 presenta un gobierno republicano democr\u00e1tico y representativo en el cual el presidente es el jefe de Estado, jefe de Gobierno y lidera el \u00d3rgano Ejecutivo. Los poderes gubernamentales se dividen en: Ejecutivo, Legislativo y Judicial. Estos funcionan de manera separada y en armoniosa colaboraci\u00f3n.<\/em><\/span><\/p>\n<h2 style=\"text-align: justify;\"><strong>Panam\u00e1 <\/strong><\/h2>\n<p style=\"text-align: justify;\">Es un pa\u00eds ubicado al sureste de Centroam\u00e9rica. Es conocido por su canal y por tener una de las econom\u00edas m\u00e1s estables de Am\u00e9rica.<\/p>\n<p style=\"text-align: justify;\">Panam\u00e1 (el istmo\u00a0de Panam\u00e1) fue conquistado por el Imperio espa\u00f1ol en el a\u00f1o 1501, tras varios siglos de vivir bajo su dominio, en 1821 rompieron los lazos coloniales que exist\u00edan entre su territorio y los espa\u00f1oles, y declararon su independencia.<\/p>\n<p style=\"text-align: justify;\">Panam\u00e1 se uni\u00f3 a Colombia en la Gran Colombia, que inclu\u00eda a Venezuela y Ecuador, para luego separarse de \u00e9sta en 1903 con el apoyo inmediato de Estados Unidos.<\/p>\n<figure id=\"attachment_9646\" aria-describedby=\"caption-attachment-9646\" style=\"width: 700px\" class=\"wp-caption aligncenter\"><img loading=\"lazy\" decoding=\"async\" class=\"wp-image-9646 size-full\" src=\"https:\/\/elbibliote.com\/resources\/articulosdestacados\/wp-content\/uploads\/2019\/07\/iStock-935088466.jpg\" alt=\"\" width=\"700\" height=\"315\" srcset=\"https:\/\/elbibliote.com\/resources\/articulosdestacados\/wp-content\/uploads\/2019\/07\/iStock-935088466.jpg 700w, https:\/\/elbibliote.com\/resources\/articulosdestacados\/wp-content\/uploads\/2019\/07\/iStock-935088466-300x135.jpg 300w\" sizes=\"(max-width: 700px) 100vw, 700px\" \/><figcaption id=\"caption-attachment-9646\" class=\"wp-caption-text\">En 1914, Estados Unidos complet\u00f3 el canal de Panam\u00e1. En 1999, el canal pas\u00f3 a manos del gobierno paname\u00f1o.<\/figcaption><\/figure>\n<p style=\"text-align: justify;\">Panam\u00e1 ten\u00eda una buena relaci\u00f3n con Estados Unidos hasta que en 1983 Manuel Noriega se convirti\u00f3 en presidente. Noriega introdujo un r\u00e9gimen represivo e incluso fue acusado de cargos de drogas en los Estados Unidos. En 1989 se celebraron nuevas elecciones presidenciales en Panam\u00e1 y fueron ganadas por Guillermo Endara, sin embargo, Noriega las anul\u00f3. Para diciembre de 1989, Estados Unidos invadi\u00f3 Panam\u00e1 y captur\u00f3 a Noriega en enero de 1990.<\/p>\n<p style=\"text-align: justify;\">En la actualidad, Panam\u00e1 es un pa\u00eds en r\u00e1pido desarrollo y tiene un futuro prometedor.<\/p>\n<h2 style=\"text-align: justify;\"><strong>Estructura pol\u00edtica de Panam\u00e1 <\/strong><\/h2>\n<p style=\"text-align: justify;\">Panam\u00e1 tiene un sistema de gobierno popularmente elegido y representativo con un sistema de poderes que incluyen el Ejecutivo, el Legislativo y el Judicial.<\/p>\n<figure id=\"attachment_9648\" aria-describedby=\"caption-attachment-9648\" style=\"width: 700px\" class=\"wp-caption aligncenter\"><img loading=\"lazy\" decoding=\"async\" class=\"wp-image-9648 size-full\" src=\"https:\/\/elbibliote.com\/resources\/articulosdestacados\/wp-content\/uploads\/2019\/07\/iStock-1161963817.jpg\" alt=\"\" width=\"700\" height=\"467\" srcset=\"https:\/\/elbibliote.com\/resources\/articulosdestacados\/wp-content\/uploads\/2019\/07\/iStock-1161963817.jpg 700w, https:\/\/elbibliote.com\/resources\/articulosdestacados\/wp-content\/uploads\/2019\/07\/iStock-1161963817-300x200.jpg 300w\" sizes=\"(max-width: 700px) 100vw, 700px\" \/><figcaption id=\"caption-attachment-9648\" class=\"wp-caption-text\">El sufragio universal se instituy\u00f3 en 1907, y los paname\u00f1os de 18 a\u00f1os de edad y mayores son elegibles para votar.<\/figcaption><\/figure>\n<h3 style=\"text-align: justify;\">Poder Ejecutivo<\/h3>\n<p style=\"text-align: justify;\">Est\u00e1 compuesto por el presidente, el vicepresidente y el Consejo. El presidente es el jefe de Estado y jefe de Gobierno, es elegido popularmente por un per\u00edodo de cinco a\u00f1os no renovable, contaba tambi\u00e9n con la asistencia de dos vicepresidentes, popularmente elegidos por per\u00edodos no renovables de cinco a\u00f1os, sin embargo, en 2009 se elimin\u00f3 la segunda posici\u00f3n de vicepresidencia.<\/p>\n<p style=\"text-align: justify;\">Dentro de las atribuciones m\u00e1s importantes del presidente se encuentran:<\/p>\n<p style=\"text-align: justify;\">1.- Ser el jefe supremo de la Naci\u00f3n, jefe de Gobierno y responsable pol\u00edtico de la administraci\u00f3n general del pa\u00eds.<\/p>\n<p style=\"text-align: justify;\">2.- Nombrar libremente los ministros del Estado.<\/p>\n<p style=\"text-align: justify;\">3.- Velar por el correcto cumplimiento del orden p\u00fablico.<\/p>\n<p style=\"text-align: justify;\">4.- Nombrar los ministros del Estado.<\/p>\n<p style=\"text-align: justify;\">5.- Invalidar cualquier orden del Ministro de Estado, de considerarla incorrecta.<\/p>\n<p style=\"text-align: justify;\">6.- Objetar cualquier proyecto de ley.<\/p>\n<p style=\"text-align: justify;\">7.- Velar porque la Asamblea Legislativa se re\u00fana cada d\u00eda que dicta la Constituci\u00f3n.<\/p>\n<h3 style=\"text-align: justify;\">Poder Legislativo<\/h3>\n<p style=\"text-align: justify;\">La Asamblea Legislativa Paname\u00f1a es un \u00f3rgano unicameral del Poder Legislativo que sesiona durante ocho meses, dividido en dos legislaturas que duran cuatro meses cada una. La primera legislatura se extiende desde el 1 de julio hasta el 31 de octubre, y la segunda desde el 2 de enero hasta el 30 de abril.<\/p>\n<p style=\"text-align: justify;\">La Asamblea Legislativa est\u00e1 compuesta por 71 miembros que son elegidos por voto popular de los distritos electorales al igual que el voto presidencial. Estos legisladores sirven por cinco a\u00f1os y pueden ser reelegidos por un per\u00edodo consecutivo.<\/p>\n<p style=\"text-align: justify;\">Dentro de las funciones principales del \u00f3rgano legislativo est\u00e1n: hacer, reformar o derogar las leyes y regulaciones de la naci\u00f3n, y aprobar o rechazar los tratados internacionales negociados por el brazo ejecutivo, aprobar el presupuesto y establecer o cambiar las divisiones pol\u00edticas. Es decir, el fin \u00faltimo de la Asamblea es expedir las leyes necesarias para que se cumplan las funciones del Estado.<\/p>\n<figure id=\"attachment_9650\" aria-describedby=\"caption-attachment-9650\" style=\"width: 700px\" class=\"wp-caption aligncenter\"><img loading=\"lazy\" decoding=\"async\" class=\"wp-image-9650 size-full\" src=\"https:\/\/elbibliote.com\/resources\/articulosdestacados\/wp-content\/uploads\/2019\/07\/Asamblea_Nacional_de_Panama.jpg\" alt=\"\" width=\"700\" height=\"467\" srcset=\"https:\/\/elbibliote.com\/resources\/articulosdestacados\/wp-content\/uploads\/2019\/07\/Asamblea_Nacional_de_Panama.jpg 700w, https:\/\/elbibliote.com\/resources\/articulosdestacados\/wp-content\/uploads\/2019\/07\/Asamblea_Nacional_de_Panama-300x200.jpg 300w\" sizes=\"(max-width: 700px) 100vw, 700px\" \/><figcaption id=\"caption-attachment-9650\" class=\"wp-caption-text\">La Asamblea tambi\u00e9n tiene la responsabilidad de ayudar al Poder Ejecutivo a mantener un estado de paz.<\/figcaption><\/figure>\n<h3 style=\"text-align: justify;\">Poder Judicial<\/h3>\n<p style=\"text-align: justify;\">La Corte Suprema de Justicia de Panam\u00e1 es el \u00f3rgano principal del Poder Judicial y se encarga de proteger los derechos judiciales del pa\u00eds y velar porque la constituci\u00f3n sea cumplida. Adem\u00e1s de la Corte Suprema, el Poder Judicial est\u00e1 conformado por los tribunales subordinados y los tribunales de distrito y municipales.<\/p>\n<p style=\"text-align: justify;\">La Corte Suprema est\u00e1 compuesta por 9 jueces que cumplen un mandato de diez a\u00f1os. Entre las funciones de la Corte Suprema se encuentran: la aplicaci\u00f3n de la Constituci\u00f3n, el tratamiento de los procesos penales contra funcionarios del Estado y la b\u00fasqueda de soluciones administrativas en los conflictos laborales en entidades gubernamentales.<\/p>\n<div class=\"su-box su-box-style-default sabiasque\" id=\"\" style=\"border-color:#a8a8b7;border-radius:0px;\"><div class=\"su-box-title\" style=\"background-color:#DBDBEA;color:#484848;border-top-left-radius:0px;border-top-right-radius:0px\">\u00bfSab\u00edas qu\u00e9...?<\/div><div class=\"su-box-content su-u-clearfix su-u-trim\" style=\"border-bottom-left-radius:0px;border-bottom-right-radius:0px\">\n<p style=\"text-align: justify;\">Panam\u00e1 dio un gran salto a su econom\u00eda en el momento en que las principales potencias mundiales se enteraron del istmo de Panam\u00e1. El canal de Panam\u00e1 atraviesa el istmo, lo que permite el tr\u00e1nsito de barcos entre los dos oc\u00e9anos.<\/div><\/div>\n<div class=\"su-note destacado\"  style=\"border-color:#c1c1d0;border-radius:3px;-moz-border-radius:3px;-webkit-border-radius:3px;\"><div class=\"su-note-inner su-u-clearfix su-u-trim\" style=\"background-color:#dbdbea;border-color:#ffffff;color:#333333;border-radius:3px;-moz-border-radius:3px;-webkit-border-radius:3px;\"><strong>Mireya Moscoso <\/strong><\/p>\n<p style=\"text-align: justify;\">Mireya Moscoso, nacida el 1 de julio de 1946 en Pedas\u00ed, Panam\u00e1, es una pol\u00edtica que se convirti\u00f3 en la primera mujer presidenta de Panam\u00e1 durante el periodo 1999-2004. <\/div><\/div>\n","protected":false},"excerpt":{"rendered":"<p>Panam\u00e1 presenta un gobierno republicano democr\u00e1tico y representativo en el cual el presidente es el jefe de Estado, jefe de Gobierno y lidera el \u00d3rgano Ejecutivo. Los poderes gubernamentales se dividen en: Ejecutivo, Legislativo y Judicial. Estos funcionan de manera separada y en armoniosa colaboraci\u00f3n.<\/p>\n","protected":false},"author":3,"featured_media":0,"comment_status":"closed","ping_status":"closed","sticky":false,"template":"","format":"standard","meta":{"footnotes":""},"categories":[9,15],"tags":[8302,8382,4750,1770,3996,4761,4752,4263,2841,3231,4753,8478,4751,8305,8492,8493,8491,3954,3991,7170,5491,3037,8301,8466,6854,8476],"_links":{"self":[{"href":"https:\/\/elbibliote.com\/resources\/articulosdestacados\/index.php?rest_route=\/wp\/v2\/posts\/9285"}],"collection":[{"href":"https:\/\/elbibliote.com\/resources\/articulosdestacados\/index.php?rest_route=\/wp\/v2\/posts"}],"about":[{"href":"https:\/\/elbibliote.com\/resources\/articulosdestacados\/index.php?rest_route=\/wp\/v2\/types\/post"}],"author":[{"embeddable":true,"href":"https:\/\/elbibliote.com\/resources\/articulosdestacados\/index.php?rest_route=\/wp\/v2\/users\/3"}],"replies":[{"embeddable":true,"href":"https:\/\/elbibliote.com\/resources\/articulosdestacados\/index.php?rest_route=%2Fwp%2Fv2%2Fcomments&post=9285"}],"version-history":[{"count":13,"href":"https:\/\/elbibliote.com\/resources\/articulosdestacados\/index.php?rest_route=\/wp\/v2\/posts\/9285\/revisions"}],"predecessor-version":[{"id":10369,"href":"https:\/\/elbibliote.com\/resources\/articulosdestacados\/index.php?rest_route=\/wp\/v2\/posts\/9285\/revisions\/10369"}],"wp:attachment":[{"href":"https:\/\/elbibliote.com\/resources\/articulosdestacados\/index.php?rest_route=%2Fwp%2Fv2%2Fmedia&parent=9285"}],"wp:term":[{"taxonomy":"category","embeddable":true,"href":"https:\/\/elbibliote.com\/resources\/articulosdestacados\/index.php?rest_route=%2Fwp%2Fv2%2Fcategories&post=9285"},{"taxonomy":"post_tag","embeddable":true,"href":"https:\/\/elbibliote.com\/resources\/articulosdestacados\/index.php?rest_route=%2Fwp%2Fv2%2Ftags&post=9285"}],"curies":[{"name":"wp","href":"https:\/\/api.w.org\/{rel}","templated":true}]}}