{"id":9393,"date":"2019-10-23T12:01:45","date_gmt":"2019-10-23T15:01:45","guid":{"rendered":"http:\/\/elbibliote.com\/resources\/articulosdestacados\/?p=9393"},"modified":"2023-08-10T16:45:05","modified_gmt":"2023-08-10T19:45:05","slug":"estructura-politica-de-chile","status":"publish","type":"post","link":"https:\/\/elbibliote.com\/resources\/articulosdestacados\/?p=9393","title":{"rendered":"Estructura pol\u00edtica de Chile"},"content":{"rendered":"<p style=\"text-align: justify;\"><span style=\"color: #808080;\"><em>Chile es un pa\u00eds largo y angosto situado en el occidente de Am\u00e9rica del Sur. Limita al norte con Per\u00fa y Bolivia, en su frontera oriental con Argentina, y al oeste con el oc\u00e9ano Pac\u00edfico. Tiene soberan\u00eda sobre la Isla de Pascua, el archipi\u00e9lago de Juan Fern\u00e1ndez y los islotes volc\u00e1nicos de Sala y G\u00f3mez, San F\u00e9lix y San Ambrosio.<\/em><\/span><\/p>\n<h2><strong>Historia de Chile <\/strong><\/h2>\n<p style=\"text-align: justify;\">Se estima que los primeros humanos en Am\u00e9rica se establecieron en la regi\u00f3n del actual Chile cerca del 12800 a. C., durante el Paleol\u00edtico Superior. Posteriormente, durante el 5000 y el 1700 a. C. se desarroll\u00f3 la cultura chinchorro. La poblaci\u00f3n de Chile prehisp\u00e1nico sigui\u00f3 en aumento.<\/p>\n<p style=\"text-align: justify;\">Para ese tiempo, la regi\u00f3n estaba habitada por una gran diversidad de pueblos originarios, hasta que en el a\u00f1o 1520\u00a0 fue conocida por los espa\u00f1oles.<\/p>\n<figure id=\"attachment_9730\" aria-describedby=\"caption-attachment-9730\" style=\"width: 700px\" class=\"wp-caption aligncenter\"><img loading=\"lazy\" decoding=\"async\" class=\"wp-image-9730 size-full\" src=\"https:\/\/elbibliote.com\/resources\/articulosdestacados\/wp-content\/uploads\/2019\/09\/iStock-982383150.jpg\" alt=\"\" width=\"700\" height=\"1146\" srcset=\"https:\/\/elbibliote.com\/resources\/articulosdestacados\/wp-content\/uploads\/2019\/09\/iStock-982383150.jpg 700w, https:\/\/elbibliote.com\/resources\/articulosdestacados\/wp-content\/uploads\/2019\/09\/iStock-982383150-183x300.jpg 183w, https:\/\/elbibliote.com\/resources\/articulosdestacados\/wp-content\/uploads\/2019\/09\/iStock-982383150-625x1024.jpg 625w\" sizes=\"(max-width: 700px) 100vw, 700px\" \/><figcaption id=\"caption-attachment-9730\" class=\"wp-caption-text\">Fernando de Magallanes fue el primer explorador espa\u00f1ol en recorrer territorio chileno.<\/figcaption><\/figure>\n<p style=\"text-align: justify;\">Fueron conquistados por los espa\u00f1oles en 1533, sin embargo, no pod\u00edan llegar al sur de la regi\u00f3n ya que se encontraba ocupada por la resistencia araucana o mapuche. En 1540 el espa\u00f1ol Pedro de Valdivia invadi\u00f3 el sur de Chile y fund\u00f3 Santiago en 1540, sin embargo, los araucanos se rebelaron y expulsaron gran parte de los asentamientos espa\u00f1oles. Los espa\u00f1oles lograron recuperar el control, pero los araucanos siguieron en resistencia, lo que dio lugar a varios conflictos b\u00e9licos.<\/p>\n<figure id=\"attachment_9732\" aria-describedby=\"caption-attachment-9732\" style=\"width: 700px\" class=\"wp-caption aligncenter\"><img loading=\"lazy\" decoding=\"async\" class=\"wp-image-9732 size-full\" src=\"https:\/\/elbibliote.com\/resources\/articulosdestacados\/wp-content\/uploads\/2019\/09\/Pedro_de_Valdivia.jpg\" alt=\"\" width=\"700\" height=\"899\" srcset=\"https:\/\/elbibliote.com\/resources\/articulosdestacados\/wp-content\/uploads\/2019\/09\/Pedro_de_Valdivia.jpg 700w, https:\/\/elbibliote.com\/resources\/articulosdestacados\/wp-content\/uploads\/2019\/09\/Pedro_de_Valdivia-234x300.jpg 234w\" sizes=\"(max-width: 700px) 100vw, 700px\" \/><figcaption id=\"caption-attachment-9732\" class=\"wp-caption-text\">Pedro de Valdivia muri\u00f3 a manos del l\u00edder mapuche el toqui Lautaro, lo que dio inicio a la Guerra de Arauco.<\/figcaption><\/figure>\n<p style=\"text-align: justify;\">Para 1808, Napole\u00f3n ocup\u00f3 Espa\u00f1a y provoc\u00f3 la abdicaci\u00f3n del rey Fernando VII, esto motiv\u00f3 que en Chile, a trav\u00e9s de una serie de reformas, avanzara hacia su independencia. Sin embargo, en octubre de 1814 un ej\u00e9rcito realista derrot\u00f3 a los chilenos y ocup\u00f3 Santiago.<\/p>\n<p style=\"text-align: justify;\">Cuando el rey de Espa\u00f1a volvi\u00f3 al poder tom\u00f3 medidas dr\u00e1sticas contra Chile e introdujo un r\u00e9gimen represivo. Posteriormente, Jos\u00e9 de San Mart\u00edn derrot\u00f3 con su ej\u00e9rcito a los realistas en Chacabuco el 12 de febrero de 1817. Chile se independiz\u00f3 formalmente de Espa\u00f1a el 12 de febrero de 1818.<\/p>\n<p style=\"text-align: justify;\">Los primeros a\u00f1os del Chile independiente se vieron afectados por la inestabilidad pol\u00edtica. El pa\u00eds tuvo varios gobiernos que le permitieron progresar as\u00ed como varios gobiernos autoritarios. En la actualidad Chile se ha convertido en una de las sociedades latinoamericanas m\u00e1s urbanizadas.<\/p>\n<h2 style=\"text-align: justify;\"><strong>Estructura pol\u00edtica de Chile <\/strong><\/h2>\n<p style=\"text-align: justify;\">La Rep\u00fablica de Chile es un Estado unitario, democr\u00e1tico y presidencialista, cuya administraci\u00f3n de Estado es funcional y territorialmente descentralizada y desconcentrada. Se rige por la constituci\u00f3n aprobada el 11 de marzo de 1981. Pol\u00edticamente presenta tres poderes: el Poder Ejecutivo, el Poder Legislativo y el Poder Judicial.<\/p>\n<h3 style=\"text-align: justify;\">Poder Ejecutivo<\/h3>\n<p style=\"text-align: justify;\">El Poder Ejecutivo es liderado por el presidente de la Rep\u00fablica, quien es el jefe de Estado y el jefe de Gobierno. Es elegido por votaci\u00f3n popular para cumplir un per\u00edodo de cuatro a\u00f1os sin posibilidad de reelecci\u00f3n inmediata.<\/p>\n<figure id=\"attachment_9733\" aria-describedby=\"caption-attachment-9733\" style=\"width: 700px\" class=\"wp-caption aligncenter\"><img loading=\"lazy\" decoding=\"async\" class=\"wp-image-9733 size-full\" src=\"https:\/\/elbibliote.com\/resources\/articulosdestacados\/wp-content\/uploads\/2019\/09\/iStock-599688068.jpg\" alt=\"\" width=\"700\" height=\"350\" srcset=\"https:\/\/elbibliote.com\/resources\/articulosdestacados\/wp-content\/uploads\/2019\/09\/iStock-599688068.jpg 700w, https:\/\/elbibliote.com\/resources\/articulosdestacados\/wp-content\/uploads\/2019\/09\/iStock-599688068-300x150.jpg 300w\" sizes=\"(max-width: 700px) 100vw, 700px\" \/><figcaption id=\"caption-attachment-9733\" class=\"wp-caption-text\">Michelle Bachelet fue la primera mujer presidenta de Chile.<\/figcaption><\/figure>\n<p style=\"text-align: justify;\">Dentro de las atribuciones del presidente est\u00e1n:<\/p>\n<p style=\"text-align: justify;\">1.- Administrar la presidencia.<\/p>\n<p style=\"text-align: justify;\">2.- Coordinar la redacci\u00f3n, promulgaci\u00f3n y aprobaci\u00f3n de leyes.<\/p>\n<p style=\"text-align: justify;\">3.- Nombrar o remover ministros.<\/p>\n<p style=\"text-align: justify;\">4.- Nombrar o remover a su personal cercano.<\/p>\n<p style=\"text-align: justify;\">5.- Declarar estado de excepci\u00f3n constitucional.<\/p>\n<p style=\"text-align: justify;\">6.- Conducir la pol\u00edtica extranjera y designar el personal que trabajar\u00e1 en pol\u00edtica extranjera.<\/p>\n<p style=\"text-align: justify;\">7.- Nombrar al Contralor General de la Rep\u00fablica, a los magistrados y jueces.<\/p>\n<p style=\"text-align: justify;\">8.- Disponer de las Fuerzas Armadas, as\u00ed como tambi\u00e9n designar y remover comandantes de Ej\u00e9rcito.<\/p>\n<p style=\"text-align: justify;\">9.- Declarar la guerra o la paz con previa autorizaci\u00f3n del Congreso Nacional.<\/p>\n<h3 style=\"text-align: justify;\">Poder Legislativo<\/h3>\n<p style=\"text-align: justify;\">La legislatura de Chile se lleva a cabo en el Congreso Nacional, el cual est\u00e1 conformado por la C\u00e1mara de Diputados y el Senado.<\/p>\n<p style=\"text-align: justify;\">La C\u00e1mara de Diputados est\u00e1 compuesta por un total de 155 representantes, elegidos por los ciudadanos para cumplir por un per\u00edodo de cuatro a\u00f1os, con posibilidad de reelecci\u00f3n por distrito. Por otro lado, el Senado est\u00e1 compuesto por 43 miembros elegidos igualmente por voto popular para cumplir por un per\u00edodo de ocho a\u00f1os.<\/p>\n<figure id=\"attachment_9734\" aria-describedby=\"caption-attachment-9734\" style=\"width: 700px\" class=\"wp-caption aligncenter\"><img loading=\"lazy\" decoding=\"async\" class=\"wp-image-9734 size-full\" src=\"https:\/\/elbibliote.com\/resources\/articulosdestacados\/wp-content\/uploads\/2019\/09\/iStock-1151892975.jpg\" alt=\"\" width=\"700\" height=\"700\" srcset=\"https:\/\/elbibliote.com\/resources\/articulosdestacados\/wp-content\/uploads\/2019\/09\/iStock-1151892975.jpg 700w, https:\/\/elbibliote.com\/resources\/articulosdestacados\/wp-content\/uploads\/2019\/09\/iStock-1151892975-150x150.jpg 150w, https:\/\/elbibliote.com\/resources\/articulosdestacados\/wp-content\/uploads\/2019\/09\/iStock-1151892975-300x300.jpg 300w\" sizes=\"(max-width: 700px) 100vw, 700px\" \/><figcaption id=\"caption-attachment-9734\" class=\"wp-caption-text\">La votaci\u00f3n popular para la elecci\u00f3n de diputados y senadores se realiza a trav\u00e9s de un sistema binomial \u00fanico dise\u00f1ado para promover el bipartidismo.<\/figcaption><\/figure>\n<p style=\"text-align: justify;\">Dentro de las atribuciones del Congreso Nacional se destacan:<\/p>\n<p style=\"text-align: justify;\">1.- Aprobar o rechazar propuestas de leyes o tratados internacionales que sean presentados por el presidente de la Rep\u00fablica.<\/p>\n<p style=\"text-align: justify;\">2.- Hacer pronunciamientos, cuando correspondan, respecto a los estados de excepci\u00f3n constitucional.<\/p>\n<p style=\"text-align: justify;\">3.- En caso de vacante por fallecimiento o destituci\u00f3n, el Congreso Nacional tiene la potestad de elegir al nuevo presidente de la Rep\u00fablica de Chile.<\/p>\n<h3 style=\"text-align: justify;\">Poder Judicial<\/h3>\n<p style=\"text-align: justify;\">Est\u00e1 conformado por los tribunales nacionales, aut\u00f3nomos e independientes cuya funci\u00f3n es el conocimiento y resoluci\u00f3n de conflictos de car\u00e1cter jur\u00eddico.<\/p>\n<p style=\"text-align: justify;\">Dentro de los tribunales que conforman el Poder Judicial se encuentran los ordinarios y los especiales.<\/p>\n<p style=\"text-align: justify;\">1.- Tribunales ordinarios<\/p>\n<p style=\"text-align: justify;\">Corte Suprema: es el m\u00e1ximo \u00f3rgano judicial de Chile. Est\u00e1 conformado por 21 miembros de los cuales uno es presidente. Su principal funci\u00f3n es dar la correcta interpretaci\u00f3n de las leyes, as\u00ed como describir cu\u00e1l es el alcance de cada una.<\/p>\n<figure id=\"attachment_9735\" aria-describedby=\"caption-attachment-9735\" style=\"width: 700px\" class=\"wp-caption aligncenter\"><img loading=\"lazy\" decoding=\"async\" class=\"wp-image-9735 size-full\" src=\"https:\/\/elbibliote.com\/resources\/articulosdestacados\/wp-content\/uploads\/2019\/09\/iStock-1095519138.jpg\" alt=\"\" width=\"700\" height=\"501\" srcset=\"https:\/\/elbibliote.com\/resources\/articulosdestacados\/wp-content\/uploads\/2019\/09\/iStock-1095519138.jpg 700w, https:\/\/elbibliote.com\/resources\/articulosdestacados\/wp-content\/uploads\/2019\/09\/iStock-1095519138-300x215.jpg 300w\" sizes=\"(max-width: 700px) 100vw, 700px\" \/><figcaption id=\"caption-attachment-9735\" class=\"wp-caption-text\">La Corte Suprema de Chile se encuentra ubicada en la capital de dicho pa\u00eds, en el edificio del Palacio de los Tribunales de Justicia.<\/figcaption><\/figure>\n<p style=\"text-align: justify;\">Corte de Apelaciones: son 17 cortes en total y est\u00e1n compuestas por un n\u00famero variable de jueces (de 4 a 31 por Corte), de los cuales uno ejerce como su presidente. Adem\u00e1s, ejercen funciones secretarios (de 1 a 3), relatores (de 2 a 22) y fiscales judiciales (de 1 a 6). Su funci\u00f3n es velar por el correcto funcionamiento de la justicia.<\/p>\n<p style=\"text-align: justify;\">Ministros de Corte: son tribunales unipersonales, dentro de ellos se encuentran el presidente de la Corte Suprema, el presidente de la Corte de Apelaciones de Santiago, el ministro de la Corte Suprema y el ministro de la Corte de Apelaciones.<\/p>\n<p style=\"text-align: justify;\">Juzgados de Letras: son \u00f3rganos jurisdiccionales unipersonales que se ocupan de los asuntos civiles. A cada uno de los juzgados le compete una comuna o agrupaci\u00f3n de comunas.<\/p>\n<p style=\"text-align: justify;\">Juzgados de Garant\u00eda: son 91 juzgados en total, tienen como funciones asegurar el cumplimiento de los derechos de los imputados; juzgar las faltas penales en procedimiento monitorio, en procedimiento simplificado, en procedimiento abreviado o de acci\u00f3n privada y la ejecuci\u00f3n de las condenas y resoluci\u00f3n de las solicitudes relacionada a dichas condenas.<\/p>\n<p style=\"text-align: justify;\">Tribunales de Juicio Oral en lo Penal: son 45 juzgados en total, tienen como funci\u00f3n conocer y juzgar los cr\u00edmenes en juicio oral y dar libertad o prisi\u00f3n preventiva a los acusados que les competen.<\/p>\n<p style=\"text-align: justify;\">2.- Tribunales especiales<\/p>\n<p style=\"text-align: justify;\">Juzgados de Familia: son 60 en total, tienen como funci\u00f3n hacer cumplir los derechos y deberes de los padres hacia sus hijos; realizar la constituci\u00f3n o modificaci\u00f3n del estado civil de los ciudadanos; proteger a los ni\u00f1os o adolescentes cuyos derechos sean vulnerados; llevar a cabo los procedimientos de adopci\u00f3n, separaci\u00f3n, divorcio o nulidad del matrimonio; resolver los conflictos relativos a los bienes familiares; realizar los procedimientos relacionados a los actos de violencia intrafamiliar y, en general, todas las competencias relacionadas a la familia.<\/p>\n<p style=\"text-align: justify;\">Juzgados de Letras del Trabajo: son 17 en total, tienen como funci\u00f3n tratar los asuntos referentes a la parte laboral, desde los reclamos entre empleadores y trabajadores, hasta la seguridad social de cada una de las partes.<\/p>\n<p style=\"text-align: justify;\">Juzgados de Cobranza Laboral y Previsional: son 4 en total, dentro de sus obligaciones est\u00e1n hacer cumplir las leyes relacionadas a la seguridad social.<\/p>\n<p style=\"text-align: justify;\">Tribunales Militares en tiempo de paz: le competen a estos tribunales hacer cumplir las leyes relacionadas a la parte militar. Estos tribunales est\u00e1n formados a su vez por las cortes marciales y los juzgados institucionales.<\/p>\n<p style=\"text-align: justify;\"><div class=\"su-box su-box-style-default sabiasque\" id=\"\" style=\"border-color:#a8a8b7;border-radius:0px;\"><div class=\"su-box-title\" style=\"background-color:#DBDBEA;color:#484848;border-top-left-radius:0px;border-top-right-radius:0px\">\u00bfSab\u00edas qu\u00e9...?<\/div><div class=\"su-box-content su-u-clearfix su-u-trim\" style=\"border-bottom-left-radius:0px;border-bottom-right-radius:0px\">\n<p style=\"text-align: justify;\">La Constituci\u00f3n de Chile establece la formaci\u00f3n de tribunales especiales que, aunque ejercen funciones judiciales, no forman parte de este poder p\u00fablico, estos son: el Tribunal Constitucional, el Tribunal Calificador de Elecciones, los Tribunales Electorales Regionales y el Senado. <\/div><\/div>\n<p style=\"text-align: justify;\"><div class=\"su-note Destacado\"  style=\"border-color:#c1c1d0;border-radius:3px;-moz-border-radius:3px;-webkit-border-radius:3px;\"><div class=\"su-note-inner su-u-clearfix su-u-trim\" style=\"background-color:#dbdbea;border-color:#ffffff;color:#333333;border-radius:3px;-moz-border-radius:3px;-webkit-border-radius:3px;\"><strong>Augusto Pinochet <\/strong><\/p>\n<p style=\"text-align: justify;\">Augusto Jos\u00e9 Ram\u00f3n Pinochet Ugarte fue un general, pol\u00edtico y dictador que gobern\u00f3 Chile por 17 a\u00f1os. Fue acusado de haber cometido graves violaciones a los derechos humanos, entre ellas la desaparici\u00f3n forzosa de al menos 3.095 personas. <\/div><\/div>\n","protected":false},"excerpt":{"rendered":"<p>Chile es un pa\u00eds largo y angosto situado en el occidente de Am\u00e9rica del Sur. Limita al norte por Per\u00fa y Bolivia, en su frontera oriental con Argentina, y al oeste con el oc\u00e9ano Pac\u00edfico. Tiene soberan\u00eda sobre la Isla de Pascua, el archipi\u00e9lago de Juan Fern\u00e1ndez y los islotes volc\u00e1nicos de Sala y G\u00f3mez, San F\u00e9lix y San Ambrosio.<\/p>\n","protected":false},"author":3,"featured_media":0,"comment_status":"closed","ping_status":"closed","sticky":false,"template":"","format":"standard","meta":{"footnotes":""},"categories":[9,15],"tags":[1358,8607,8608,7408,7734,3819,7441,8611,3040,7754,1770,3996,7072,4761,4752,8615,4263,1553,2841,8610,3990,4753,8609,8470,7709,4751,5075,4424,5354,8305,8467,289,8614,4837,8529,8613,3991,7170,129,8612,8301,4758,8466,4308,6854],"_links":{"self":[{"href":"https:\/\/elbibliote.com\/resources\/articulosdestacados\/index.php?rest_route=\/wp\/v2\/posts\/9393"}],"collection":[{"href":"https:\/\/elbibliote.com\/resources\/articulosdestacados\/index.php?rest_route=\/wp\/v2\/posts"}],"about":[{"href":"https:\/\/elbibliote.com\/resources\/articulosdestacados\/index.php?rest_route=\/wp\/v2\/types\/post"}],"author":[{"embeddable":true,"href":"https:\/\/elbibliote.com\/resources\/articulosdestacados\/index.php?rest_route=\/wp\/v2\/users\/3"}],"replies":[{"embeddable":true,"href":"https:\/\/elbibliote.com\/resources\/articulosdestacados\/index.php?rest_route=%2Fwp%2Fv2%2Fcomments&post=9393"}],"version-history":[{"count":16,"href":"https:\/\/elbibliote.com\/resources\/articulosdestacados\/index.php?rest_route=\/wp\/v2\/posts\/9393\/revisions"}],"predecessor-version":[{"id":19905,"href":"https:\/\/elbibliote.com\/resources\/articulosdestacados\/index.php?rest_route=\/wp\/v2\/posts\/9393\/revisions\/19905"}],"wp:attachment":[{"href":"https:\/\/elbibliote.com\/resources\/articulosdestacados\/index.php?rest_route=%2Fwp%2Fv2%2Fmedia&parent=9393"}],"wp:term":[{"taxonomy":"category","embeddable":true,"href":"https:\/\/elbibliote.com\/resources\/articulosdestacados\/index.php?rest_route=%2Fwp%2Fv2%2Fcategories&post=9393"},{"taxonomy":"post_tag","embeddable":true,"href":"https:\/\/elbibliote.com\/resources\/articulosdestacados\/index.php?rest_route=%2Fwp%2Fv2%2Ftags&post=9393"}],"curies":[{"name":"wp","href":"https:\/\/api.w.org\/{rel}","templated":true}]}}