{"id":9775,"date":"2023-10-27T11:09:36","date_gmt":"2023-10-27T14:09:36","guid":{"rendered":"http:\/\/elbibliote.com\/resources\/articulosdestacados\/?p=9775"},"modified":"2023-10-27T11:09:36","modified_gmt":"2023-10-27T14:09:36","slug":"estructura-politica-de-ecuador","status":"publish","type":"post","link":"https:\/\/elbibliote.com\/resources\/articulosdestacados\/?p=9775","title":{"rendered":"Estructura pol\u00edtica de Ecuador"},"content":{"rendered":"<p style=\"text-align: justify;\"><span style=\"color: #808080;\"><em>Ecuador es una pa\u00eds ubicado al noroeste de Am\u00e9rica del Sur y es conocido por su gran diversidad biol\u00f3gica, as\u00ed como por haber formado parte del Imperio incaico. Seg\u00fan<\/em><\/span><em><span style=\"color: #808080;\">\u00a0su constituci\u00f3n, es un Estado democr\u00e1tico, soberano e independiente; organizado en forma de rep\u00fablica y gobernado de manera descentralizada.<\/span><\/em><\/p>\n<h2 style=\"text-align: justify;\"><strong>Un poco de Historia<\/strong><\/h2>\n<p style=\"text-align: justify;\">La Rep\u00fablica del Ecuador es un pa\u00eds soberano de la regi\u00f3n noroccidental de Am\u00e9rica del Sur. Form\u00f3 parte del Imperio Inca hasta que el conquistador espa\u00f1ol Francisco Pizarro tom\u00f3 sus tierras en 1532.<\/p>\n<p style=\"text-align: justify;\">Para el siglo XVII, fue una de las colonias espa\u00f1olas m\u00e1s pr\u00f3speras gracias a la explotaci\u00f3n de los pueblos nativos. Sin embargo, en 1809 ocurri\u00f3 la primera revuelta contra Espa\u00f1a. Fruto de estos conflictos, en 1819 Ecuador se separ\u00f3 de ella y pas\u00f3 a formar parte, junco con Venezuela, Colombia y Panam\u00e1, de la Gran Colombia, hasta que se independiz\u00f3 formalmente en 1830.<\/p>\n<figure id=\"attachment_13043\" aria-describedby=\"caption-attachment-13043\" style=\"width: 700px\" class=\"wp-caption aligncenter\"><img loading=\"lazy\" decoding=\"async\" class=\"wp-image-13043 size-full\" src=\"https:\/\/elbibliote.com\/resources\/articulosdestacados\/wp-content\/uploads\/2020\/04\/iStock-1141586809.jpg\" alt=\"\" width=\"700\" height=\"375\" srcset=\"https:\/\/elbibliote.com\/resources\/articulosdestacados\/wp-content\/uploads\/2020\/04\/iStock-1141586809.jpg 700w, https:\/\/elbibliote.com\/resources\/articulosdestacados\/wp-content\/uploads\/2020\/04\/iStock-1141586809-300x161.jpg 300w\" sizes=\"(max-width: 700px) 100vw, 700px\" \/><figcaption id=\"caption-attachment-13043\" class=\"wp-caption-text\">Ecuador ha pasado por muchas dictaduras y problemas pol\u00edticos, a pesar de eso, es la s\u00e9ptima econom\u00eda de Sudam\u00e9rica, una potencia en energ\u00edas sustentables y uno de los principales importadores de petr\u00f3leo.<\/figcaption><\/figure>\n<h2 style=\"text-align: justify;\"><strong>Pol\u00edtica <\/strong><\/h2>\n<p style=\"text-align: justify;\">De acuerdo con la constituci\u00f3n actual de la Rep\u00fablica de Ecuador, este pa\u00eds se define como un Estado constitucional de derechos y justicia social, soberano, independiente, democr\u00e1tico, intercultural, unitario, plurinacional y laico, con una forma de gobierno presidencialista que se administra de manera descentralizada.<\/p>\n<p style=\"text-align: justify;\">La pol\u00edtica de Ecuador se encuentra dividida en cinco poderes: ejecutivo, legislativo, judicial, electoral y de transparencia y control social.<\/p>\n<h3 style=\"text-align: justify;\"><strong>Poder Ejecutivo<\/strong><\/h3>\n<p style=\"text-align: justify;\">Es ejercido por el presidente de la Rep\u00fablica, quien es jefe de Estado y del Gobierno, por lo que se encarga de la administraci\u00f3n p\u00fablica del mismo. Adem\u00e1s del presidente, el Poder Ejecutivo est\u00e1 compuesto por el vicepresidente de la Rep\u00fablica, los ministerios de Estado y los dem\u00e1s organismos e instituciones necesarias.<\/p>\n<figure id=\"attachment_13044\" aria-describedby=\"caption-attachment-13044\" style=\"width: 700px\" class=\"wp-caption aligncenter\"><img loading=\"lazy\" decoding=\"async\" class=\"wp-image-13044 size-full\" src=\"https:\/\/elbibliote.com\/resources\/articulosdestacados\/wp-content\/uploads\/2020\/04\/iStock-657421852.jpg\" alt=\"\" width=\"700\" height=\"467\" srcset=\"https:\/\/elbibliote.com\/resources\/articulosdestacados\/wp-content\/uploads\/2020\/04\/iStock-657421852.jpg 700w, https:\/\/elbibliote.com\/resources\/articulosdestacados\/wp-content\/uploads\/2020\/04\/iStock-657421852-300x200.jpg 300w\" sizes=\"(max-width: 700px) 100vw, 700px\" \/><figcaption id=\"caption-attachment-13044\" class=\"wp-caption-text\">El Presidente de la Rep\u00fablica ejerce por un per\u00edodo de 4 a\u00f1os en el Palacio de Gobierno ubicado en Quito.<\/figcaption><\/figure>\n<p style=\"text-align: justify;\">Durante 1906 y 1967, el mandato comenzaba el 1.\u00ba de septiembre, sin embargo, este luego fue modificado entre 1979 y 1998 para que se realizara el 10 de agosto, fecha de aniversario del primer grito de la independencia de Ecuador. Entre 1998 y 2008, los presidentes electos asum\u00edan su cargo el 15 de enero. Del 2009 hasta la fecha, toman posesi\u00f3n el 24 de mayo, aniversario de la batalla de Pichincha y, ocasionalmente, lo hacen el 10 de agosto.<\/p>\n<p style=\"text-align: justify;\">El presidente electo debe ser ecuatoriano de nacimiento, tener 35 a\u00f1os al momento de inscribirse en las elecciones, gozar de todos los derechos pol\u00edticos y no haber incumplido ninguno de los art\u00edculos de la constituci\u00f3n.<\/p>\n<p style=\"text-align: justify;\">El vicepresidente es igualmente elegido para cumplir un mandato de 4 a\u00f1os. Su funci\u00f3n es representar al presidente cuando este est\u00e1 ausente temporal o definitivamente. Para optar a este cargo, los candidatos deben cumplir con los mismos requisitos que el presidente.<\/p>\n<p style=\"text-align: justify;\">Por otro lado, los ministros de Estado son los encargados de los ministerios de la Rep\u00fablica, ellos son elegidos por el presidente y pueden ser removidos por el mismo.<\/p>\n<h3 style=\"text-align: justify;\"><strong>Poder Legislativo<\/strong><\/h3>\n<p style=\"text-align: justify;\">El organismo encargado de esta funci\u00f3n pol\u00edtica es la Asamblea Nacional, un \u00f3rgano unicameral formado por 137 asamble\u00edstas repartidos en 12 comisiones. Tiene sede en Quito y sus funciones van desde la creaci\u00f3n de leyes hasta la realizaci\u00f3n de juicios pol\u00edticos contra el presidente de la Rep\u00fablica, el vicepresidente y los ministros.<\/p>\n<p style=\"text-align: justify;\">Los asamble\u00edstas son elegidos para cumplir un per\u00edodo de 4 a\u00f1os, y dentro de sus funciones est\u00e1n las siguientes:<\/p>\n<p style=\"text-align: justify;\">1. Dirigir la toma de posesi\u00f3n del presidente y del vicepresidente de la Rep\u00fablica.<\/p>\n<p style=\"text-align: justify;\">2. De ser necesaria, declarar la incapacidad del presidente electo de poder cumplir con sus funciones.<\/p>\n<p style=\"text-align: justify;\">3. En caso de su falta definitiva, elegir al vicepresidente de la Rep\u00fablica.<\/p>\n<p style=\"text-align: justify;\">4. Participar en cualquier cambio que pueda darse a la constituci\u00f3n.<\/p>\n<p style=\"text-align: justify;\">5. Expedir, reformar y derogar leyes.<\/p>\n<p style=\"text-align: justify;\">6. Aprobar o rechazar los tratados internacionales.<\/p>\n<p style=\"text-align: justify;\">7. Aprobar o rechazar el presupuesto general del Estado.<\/p>\n<p style=\"text-align: justify;\">8. Conceder amnist\u00edas, entre otros.<\/p>\n<h3 style=\"text-align: justify;\"><strong>Poder Judicial<\/strong><\/h3>\n<p style=\"text-align: justify;\">El m\u00e1ximo \u00f3rgano del Poder Judicial es la Corte Nacional de Justicia, la cual ejerce en conjunto con las cortes, los tribunales y los juzgados. Su fin \u00faltimo es que se cumplan las leyes establecidas en la constituci\u00f3n.<\/p>\n<p style=\"text-align: justify;\">La Corte Nacional est\u00e1 compuesta por seis salas especializadas: Sala de lo Contencioso Administrativo; Sala de lo Civil y Mercantil; Sala de lo Contencioso Tributario; Sala de lo Penal, Penal Militar, Penal Policial, Tr\u00e1nsito, Corrupci\u00f3n y Crimen Organizado; Sala de lo Laboral, y Sala de la Familia, Ni\u00f1ez, Adolescencia y Adolescentes Infractores. Cada sala cuenta con tres jueces nacionales, el presidente de la Corte Nacional integra una de las salas.<\/p>\n<figure id=\"attachment_13045\" aria-describedby=\"caption-attachment-13045\" style=\"width: 700px\" class=\"wp-caption aligncenter\"><img loading=\"lazy\" decoding=\"async\" class=\"wp-image-13045 size-full\" src=\"https:\/\/elbibliote.com\/resources\/articulosdestacados\/wp-content\/uploads\/2020\/04\/iStock-476840374.jpg\" alt=\"\" width=\"700\" height=\"424\" srcset=\"https:\/\/elbibliote.com\/resources\/articulosdestacados\/wp-content\/uploads\/2020\/04\/iStock-476840374.jpg 700w, https:\/\/elbibliote.com\/resources\/articulosdestacados\/wp-content\/uploads\/2020\/04\/iStock-476840374-300x182.jpg 300w\" sizes=\"(max-width: 700px) 100vw, 700px\" \/><figcaption id=\"caption-attachment-13045\" class=\"wp-caption-text\">La Corte Nacional de Justicia se encuentra ubicada en la ciudad de Quito.<\/figcaption><\/figure>\n<h3 style=\"text-align: justify;\"><strong>Transparencia y Control Social<\/strong><\/h3>\n<p style=\"text-align: justify;\">El \u00f3rgano principal de este poder p\u00fablico es el Consejo de Participaci\u00f3n Ciudadana y Control Social. Su funci\u00f3n es promover e impulsar que las personas, sean naturales o jur\u00eddicas, que trabajen en el desarrollo de actividades de inter\u00e9s p\u00fablico lo hagan con responsabilidad, equidad y transparencia, adem\u00e1s debe velar por el correcto trabajo de las entidades del sector p\u00fablico, proteger el cumplimiento de sus derechos y castigar la corrupci\u00f3n.<\/p>\n<h3 style=\"text-align: justify;\"><strong>Poder Electoral<\/strong><\/h3>\n<p style=\"text-align: justify;\">El organismo encargado de velar por el sufragio en Ecuador es el Consejo Nacional Electoral (CNE). El CNE est\u00e1 compuesto por 5 vocales que son elegidos por un concurso de m\u00e9rito y oposici\u00f3n realizado por el Consejo de Participaci\u00f3n Ciudadana y Control Social. Dentro de sus funciones est\u00e1n controlar las elecciones, castigar a partidos y candidatos que no cumplan con las normas electorales e inscribir y fiscalizar a los partidos pol\u00edticos, entre otras.<\/p>\n<p style=\"text-align: justify;\"><div class=\"su-box su-box-style-default sabiasque\" id=\"\" style=\"border-color:#a8a8b7;border-radius:0px;\"><div class=\"su-box-title\" style=\"background-color:#DBDBEA;color:#484848;border-top-left-radius:0px;border-top-right-radius:0px\">\u00bfSab\u00edas qu\u00e9...?<\/div><div class=\"su-box-content su-u-clearfix su-u-trim\" style=\"border-bottom-left-radius:0px;border-bottom-right-radius:0px\">\n<p style=\"text-align: justify;\">La elecci\u00f3n presidencial de Ecuador del a\u00f1o 1856 fue la primera vez en la que el presidente fue elegido por voto popular, ya que en las anteriores a esta solo participaban los hombres de buena posici\u00f3n econ\u00f3mica. <\/div><\/div>\n<div class=\"su-note destacado\"  style=\"border-color:#c1c1d0;\"><div class=\"su-note-inner su-u-clearfix su-u-trim\" style=\"background-color:#DBDBEA;border-color:#ffffff;color:#333333;\"><strong>Primer presidente de Ecuador<\/strong><\/p>\n<p style=\"text-align: justify;\">Juan Jos\u00e9 Flores fue un militar Venezolano que ejerci\u00f3 como el primer presidente de Ecuador luego de que el pa\u00eds se separara de la Gran Colombia en 1830. Gobern\u00f3 de 1830 a 1845.<\/div><\/div>\n","protected":false},"excerpt":{"rendered":"<p>Ecuador es una pa\u00eds ubicado al noroeste de Am\u00e9rica del Sur y es conocido por su gran diversidad biol\u00f3gica, as\u00ed como por haber formado parte del Imperio incaico. Seg\u00fan\u00a0su constituci\u00f3n, es un Estado democr\u00e1tico, soberano e independiente; organizado en forma de rep\u00fablica y gobernado de manera descentralizada. Un poco de Historia La Rep\u00fablica del Ecuador &hellip; <a href=\"https:\/\/elbibliote.com\/resources\/articulosdestacados\/?p=9775\" class=\"more-link\">Continu\u00e1 leyendo <span class=\"screen-reader-text\">Estructura pol\u00edtica de Ecuador<\/span><\/a><\/p>\n","protected":false},"author":3,"featured_media":0,"comment_status":"closed","ping_status":"closed","sticky":false,"template":"","format":"standard","meta":{"footnotes":""},"categories":[9,15],"tags":[8302,9862,8306,4750,719,1770,4752,4763,8480,4263,2841,4753,5719,4751,8467,4941,3991,7170,8304,129,9624,8301,1134,9859,8477,9860,9861],"_links":{"self":[{"href":"https:\/\/elbibliote.com\/resources\/articulosdestacados\/index.php?rest_route=\/wp\/v2\/posts\/9775"}],"collection":[{"href":"https:\/\/elbibliote.com\/resources\/articulosdestacados\/index.php?rest_route=\/wp\/v2\/posts"}],"about":[{"href":"https:\/\/elbibliote.com\/resources\/articulosdestacados\/index.php?rest_route=\/wp\/v2\/types\/post"}],"author":[{"embeddable":true,"href":"https:\/\/elbibliote.com\/resources\/articulosdestacados\/index.php?rest_route=\/wp\/v2\/users\/3"}],"replies":[{"embeddable":true,"href":"https:\/\/elbibliote.com\/resources\/articulosdestacados\/index.php?rest_route=%2Fwp%2Fv2%2Fcomments&post=9775"}],"version-history":[{"count":12,"href":"https:\/\/elbibliote.com\/resources\/articulosdestacados\/index.php?rest_route=\/wp\/v2\/posts\/9775\/revisions"}],"predecessor-version":[{"id":20063,"href":"https:\/\/elbibliote.com\/resources\/articulosdestacados\/index.php?rest_route=\/wp\/v2\/posts\/9775\/revisions\/20063"}],"wp:attachment":[{"href":"https:\/\/elbibliote.com\/resources\/articulosdestacados\/index.php?rest_route=%2Fwp%2Fv2%2Fmedia&parent=9775"}],"wp:term":[{"taxonomy":"category","embeddable":true,"href":"https:\/\/elbibliote.com\/resources\/articulosdestacados\/index.php?rest_route=%2Fwp%2Fv2%2Fcategories&post=9775"},{"taxonomy":"post_tag","embeddable":true,"href":"https:\/\/elbibliote.com\/resources\/articulosdestacados\/index.php?rest_route=%2Fwp%2Fv2%2Ftags&post=9775"}],"curies":[{"name":"wp","href":"https:\/\/api.w.org\/{rel}","templated":true}]}}